{"id":88459,"date":"2025-04-24T15:45:03","date_gmt":"2025-04-24T20:45:03","guid":{"rendered":"https:\/\/www.evafm.net\/sitio\/?p=88459"},"modified":"2025-04-24T15:45:03","modified_gmt":"2025-04-24T20:45:03","slug":"fiesta-centenario-recorridos-fan-fest-y-mas","status":"publish","type":"post","link":"https:\/\/www.evafm.net\/sitio\/fiesta-centenario-recorridos-fan-fest-y-mas\/","title":{"rendered":"Fiesta centenario: Recorridos, Fan Fest y m\u00e1s"},"content":{"rendered":"<p><strong>Barcelona S. C<\/strong>\u00a0se prepara para conmemorar sus<strong> 100 a\u00f1os (1 de mayo del 2025)<\/strong> de historia con una serie de eventos que prometen unir a su apasionada hinchada.<\/p>\n<p>En una rueda de prensa realizada en el emblem\u00e1tico<strong> Malec\u00f3n 2000,<\/strong> se anunciaron los detalles de la esperada <strong>Fiesta Centenario.<\/strong><\/p>\n<p>&nbsp;<\/p>\n<p>El pr\u00f3ximo 30 de abril, la celebraci\u00f3n comenzar\u00e1 con un vibrante recorrido por las calles de Guayaquil.<\/p>\n<p>Un bus especial llevar\u00e1 a bordo a los jugadores del equipo, desfilando para compartir la alegr\u00eda con los aficionados.<\/p>\n<p>M\u00e1s tarde, la V\u00edctor Emilio Estrada ser\u00e1 el escenario del <strong>Fan Fest<\/strong>, un evento lleno de m\u00fasica, actividades y fervor amarillo para los hinchas.<\/p>\n<p>&nbsp;<\/p>\n<p>El punto culminante llegar\u00e1 en la noche, cuando todos los caminos conduzcan al <strong>Estadio Monumental.<\/strong><\/p>\n<p>All\u00ed, se disputar\u00e1 un emocionante partido de f\u00fatbol, seguido de un momento inolvidable: a las 12 de la noche, el estadio entero se unir\u00e1 en un solo grito de<\/p>\n<p><em><strong>\u201c\u00a1Barcelona somos m\u00e1s!\u201d<\/strong><\/em>, sellando un siglo de pasi\u00f3n, triunfos y legado.<\/p>\n<p>&nbsp;<\/p>\n<p>Pero la emoci\u00f3n no termina ah\u00ed: en las pr\u00f3ximas horas se confirmar\u00e1n detalles clave de la Noche Centenario, incluyendo el artista invitado que amenizar\u00e1 la velada,<\/p>\n<p>el rival para el esperado encuentro futbol\u00edstico y los precios de las entradas para este evento hist\u00f3rico.<\/p>\n<p>La directiva del club invit\u00f3 a toda la ciudadan\u00eda a sumarse a esta hist\u00f3rica celebraci\u00f3n que reafirma el orgullo de ser parte de la familia barcelonista.<\/p>\n<p>Sin dudas, ese d\u00eda Guayaquil se pintar\u00e1 de amarillo para honrar al \u00cddolo del Ecuador. <strong>(D)<\/strong><\/p>\n<p>&nbsp;<\/p>\n<p><strong>Fuente:<\/strong> evafm.net &#8211; studiofutbol.com.ec<\/p>\n<div class=\"gsp_post_data\" \r\n\t            data-post_type=\"post\" \r\n\t            data-cat=\"deportes-ecuador,uncategorized\" \r\n\t            data-modified=\"120\"\r\n\t            data-created=\"1745509503\"\r\n\t            data-title=\"Fiesta centenario: Recorridos, Fan Fest y m\u00e1s\" \r\n\t            data-home=\"https:\/\/www.evafm.net\/sitio\"><\/div>","protected":false},"excerpt":{"rendered":"<p>Barcelona S. C\u00a0se prepara para conmemorar sus 100 a\u00f1os (1 de mayo del 2025) de historia con una serie de eventos que prometen unir a su apasionada hinchada. En una rueda de prensa realizada en el emblem\u00e1tico Malec\u00f3n 2000, se anunciaron los detalles de la esperada Fiesta Centenario. &nbsp; El pr\u00f3ximo 30 de abril, la&#8230;<\/p>\n","protected":false},"author":5,"featured_media":88460,"comment_status":"closed","ping_status":"open","sticky":false,"template":"","format":"standard","meta":{"_joinchat":[],"footnotes":""},"categories":[1557,1],"tags":[],"class_list":["post-88459","post","type-post","status-publish","format-standard","has-post-thumbnail","hentry","category-deportes-ecuador","category-uncategorized","have-post-thumb"],"_links":{"self":[{"href":"https:\/\/www.evafm.net\/sitio\/wp-json\/wp\/v2\/posts\/88459","targetHints":{"allow":["GET"]}}],"collection":[{"href":"https:\/\/www.evafm.net\/sitio\/wp-json\/wp\/v2\/posts"}],"about":[{"href":"https:\/\/www.evafm.net\/sitio\/wp-json\/wp\/v2\/types\/post"}],"author":[{"embeddable":true,"href":"https:\/\/www.evafm.net\/sitio\/wp-json\/wp\/v2\/users\/5"}],"replies":[{"embeddable":true,"href":"https:\/\/www.evafm.net\/sitio\/wp-json\/wp\/v2\/comments?post=88459"}],"version-history":[{"count":1,"href":"https:\/\/www.evafm.net\/sitio\/wp-json\/wp\/v2\/posts\/88459\/revisions"}],"predecessor-version":[{"id":88464,"href":"https:\/\/www.evafm.net\/sitio\/wp-json\/wp\/v2\/posts\/88459\/revisions\/88464"}],"wp:featuredmedia":[{"embeddable":true,"href":"https:\/\/www.evafm.net\/sitio\/wp-json\/wp\/v2\/media\/88460"}],"wp:attachment":[{"href":"https:\/\/www.evafm.net\/sitio\/wp-json\/wp\/v2\/media?parent=88459"}],"wp:term":[{"taxonomy":"category","embeddable":true,"href":"https:\/\/www.evafm.net\/sitio\/wp-json\/wp\/v2\/categories?post=88459"},{"taxonomy":"post_tag","embeddable":true,"href":"https:\/\/www.evafm.net\/sitio\/wp-json\/wp\/v2\/tags?post=88459"}],"curies":[{"name":"wp","href":"https:\/\/api.w.org\/{rel}","templated":true}]}}