{"id":88482,"date":"2025-04-25T22:33:33","date_gmt":"2025-04-26T03:33:33","guid":{"rendered":"https:\/\/www.evafm.net\/sitio\/?p=88482"},"modified":"2025-04-25T22:33:33","modified_gmt":"2025-04-26T03:33:33","slug":"presidente-del-emelec-hablo-sobre-miller-bolanos-y-sebastian-rodriguez","status":"publish","type":"post","link":"https:\/\/www.evafm.net\/sitio\/presidente-del-emelec-hablo-sobre-miller-bolanos-y-sebastian-rodriguez\/","title":{"rendered":"Presidente del Emelec habl\u00f3 sobre Miller Bola\u00f1os y Sebasti\u00e1n Rodr\u00edguez"},"content":{"rendered":"<p>El presidente del Club Sport Emelec, Jorge Guzm\u00e1n, revel\u00f3 en <strong>La Radio Redonda<\/strong> las \u00faltimas novedades sobre los posibles fichajes y retornos al equipo para la siguiente temporada.<\/p>\n<p>El dirigente destac\u00f3 que las conversaciones con algunos jugadores est\u00e1n avanzando, mientras que otros nombres ya est\u00e1n siendo considerados.<\/p>\n<p>&nbsp;<\/p>\n<p><strong>Miller Bola\u00f1os,<\/strong> delantero ecuatoriano con pasado azul, es uno de los objetivos prioritarios.<\/p>\n<p>\u201cHay una deuda con <strong>Miller Bola\u00f1os,<\/strong> pero hay acercamientos con el representante del jugador para arreglar y que retorne al club.<\/p>\n<p>Todo depender\u00e1 de c\u00f3mo est\u00e9n estipuladas las cl\u00e1usulas con el plantel con el que a\u00fan tiene contrato\u201d, explic\u00f3 Guzm\u00e1n, dejando claro que la resoluci\u00f3n de la deuda es un tema central<\/p>\n<p>en las negociaciones para su retorno.<\/p>\n<p>&nbsp;<\/p>\n<p>Adem\u00e1s de Bola\u00f1os, Sebasti\u00e1n Rodr\u00edguez tambi\u00e9n est\u00e1 en la \u00f3rbita de Emelec.<\/p>\n<p>Guzm\u00e1n confirm\u00f3 que el club tiene conversaciones con el mediocampista, aunque no ofreci\u00f3 m\u00e1s detalles sobre el estado actual de esas negociaciones.<\/p>\n<div id=\"standard_6\" class=\"st-placement standard_6 inArticle\"><\/div>\n<p>En cuanto a los jugadores que podr\u00edan llegar, Lucas Klimowicz, futbolista argentino, interesa a Emelec, y el club sigue evaluando su incorporaci\u00f3n.<\/p>\n<p>En cuanto a las bajas, Gustavo Cortez ha sido descartado como posible refuerzo.<\/p>\n<p>&nbsp;<\/p>\n<p>Guzm\u00e1n tambi\u00e9n dej\u00f3 entrever que \u201calguno que otro jugador va a volver a nuestro club\u201d, aunque se limit\u00f3 a dar pocos detalles.<\/p>\n<p>La pista m\u00e1s clara fue su comentario sobre un jugador extranjero,<\/p>\n<p>\u201cHay uno que est\u00e1 en el extranjero, con el que se est\u00e1 haciendo tentativas para que retorne al club.<\/p>\n<p>Ya con eso les digo bastante.<\/p>\n<p>El jugador que traemos da muy buenos pases\u201d.<\/p>\n<div id=\"tdi_284\" class=\"tdc-row stretch_row_1400 td-stretch-content\">\n<div class=\"vc_row tdi_285 wpb_row td-pb-row\">\n<div class=\"vc_column tdi_298 wpb_column vc_column_container tdc-column td-pb-span9\">\n<div class=\"wpb_wrapper\">\n<div class=\"td_block_wrap tdb_single_content tdi_314 td-pb-border-top td_block_template_1 td-post-content tagdiv-type\" data-td-block-uid=\"tdi_314\">\n<div class=\"tdb-block-inner td-fix-index\">\n<p>Por \u00faltimo, se mencion\u00f3 que hubo conversaciones amistosas con \u00c1ngel Mena, pero que a\u00fan no hay nada oficial, ya que el jugador pertenece al Orense<strong>.(D)<\/strong><\/p>\n<\/div>\n<\/div>\n<\/div>\n<\/div>\n<\/div>\n<\/div>\n<p>&nbsp;<\/p>\n<p><strong>Fuente:<\/strong> evafm.net &#8211; studiofutbol.com.ec<\/p>\n<div id=\"tdi_284\" class=\"tdc-row stretch_row_1400 td-stretch-content\">\n<div class=\"vc_row tdi_285 wpb_row td-pb-row\">\n<div class=\"vc_column tdi_298 wpb_column vc_column_container tdc-column td-pb-span9\">\n<div class=\"wpb_wrapper\">\n<div class=\"td_block_wrap tdb_single_content tdi_314 td-pb-border-top td_block_template_1 td-post-content tagdiv-type\" data-td-block-uid=\"tdi_314\">\n<div class=\"tdb-block-inner td-fix-index\">\n<div id=\"standard_5\" class=\"st-placement standard_5 inArticle\"><\/div>\n<\/div>\n<\/div>\n<\/div>\n<\/div>\n<\/div>\n<\/div>\n<div id=\"tdi_316\" class=\"tdc-row stretch_row_1400 td-stretch-content\">\n<div class=\"vc_row tdi_317 wpb_row td-pb-row\">\n<div class=\"vc_column tdi_319 wpb_column vc_column_container tdc-column td-pb-span12\">\n<div class=\"wpb_wrapper\">\n<div class=\"tdb-author-box td_block_wrap tdb_single_author_box tdi_320 tdb-content-vert-top td-pb-border-top td_block_template_1\" data-td-block-uid=\"tdi_320\">\n<div class=\"tdb-block-inner td-fix-index\">\n<div class=\"tdb-author-info\">\n<div class=\"tdb-author-descr\"><\/div>\n<div class=\"tdb-author-social\"><\/div>\n<\/div>\n<\/div>\n<\/div>\n<div class=\"tdi_321_rand_style td-element-style\"><\/div>\n<h3 class=\"td_block_wrap tdm_block_column_title_simplified tdi_321 td-pb-border-top td-row-block-title td_block_template_1 tds-title-simplified tds-title-simplified-1 tdi_322 tdm-title tdm-title-sm\" data-td-block-uid=\"tdi_321\"><\/h3>\n<\/div>\n<\/div>\n<\/div>\n<\/div>\n<p>&nbsp;<\/p>\n<div class=\"gsp_post_data\" \r\n\t            data-post_type=\"post\" \r\n\t            data-cat=\"deportes-ecuador,general,uncategorized\" \r\n\t            data-modified=\"120\"\r\n\t            data-created=\"1745620413\"\r\n\t            data-title=\"Presidente del Emelec habl\u00f3 sobre Miller Bola\u00f1os y Sebasti\u00e1n Rodr\u00edguez\" \r\n\t            data-home=\"https:\/\/www.evafm.net\/sitio\"><\/div>","protected":false},"excerpt":{"rendered":"<p>El presidente del Club Sport Emelec, Jorge Guzm\u00e1n, revel\u00f3 en La Radio Redonda las \u00faltimas novedades sobre los posibles fichajes y retornos al equipo para la siguiente temporada. El dirigente destac\u00f3 que las conversaciones con algunos jugadores est\u00e1n avanzando, mientras que otros nombres ya est\u00e1n siendo considerados. &nbsp; Miller Bola\u00f1os, delantero ecuatoriano con pasado azul,&#8230;<\/p>\n","protected":false},"author":5,"featured_media":88489,"comment_status":"closed","ping_status":"open","sticky":false,"template":"","format":"standard","meta":{"_joinchat":[],"footnotes":""},"categories":[1557,1720,1],"tags":[],"class_list":["post-88482","post","type-post","status-publish","format-standard","has-post-thumbnail","hentry","category-deportes-ecuador","category-general","category-uncategorized","have-post-thumb"],"_links":{"self":[{"href":"https:\/\/www.evafm.net\/sitio\/wp-json\/wp\/v2\/posts\/88482","targetHints":{"allow":["GET"]}}],"collection":[{"href":"https:\/\/www.evafm.net\/sitio\/wp-json\/wp\/v2\/posts"}],"about":[{"href":"https:\/\/www.evafm.net\/sitio\/wp-json\/wp\/v2\/types\/post"}],"author":[{"embeddable":true,"href":"https:\/\/www.evafm.net\/sitio\/wp-json\/wp\/v2\/users\/5"}],"replies":[{"embeddable":true,"href":"https:\/\/www.evafm.net\/sitio\/wp-json\/wp\/v2\/comments?post=88482"}],"version-history":[{"count":1,"href":"https:\/\/www.evafm.net\/sitio\/wp-json\/wp\/v2\/posts\/88482\/revisions"}],"predecessor-version":[{"id":88490,"href":"https:\/\/www.evafm.net\/sitio\/wp-json\/wp\/v2\/posts\/88482\/revisions\/88490"}],"wp:featuredmedia":[{"embeddable":true,"href":"https:\/\/www.evafm.net\/sitio\/wp-json\/wp\/v2\/media\/88489"}],"wp:attachment":[{"href":"https:\/\/www.evafm.net\/sitio\/wp-json\/wp\/v2\/media?parent=88482"}],"wp:term":[{"taxonomy":"category","embeddable":true,"href":"https:\/\/www.evafm.net\/sitio\/wp-json\/wp\/v2\/categories?post=88482"},{"taxonomy":"post_tag","embeddable":true,"href":"https:\/\/www.evafm.net\/sitio\/wp-json\/wp\/v2\/tags?post=88482"}],"curies":[{"name":"wp","href":"https:\/\/api.w.org\/{rel}","templated":true}]}}