{"id":88496,"date":"2025-04-28T20:41:16","date_gmt":"2025-04-29T01:41:16","guid":{"rendered":"https:\/\/www.evafm.net\/sitio\/?p=88496"},"modified":"2025-04-28T20:41:16","modified_gmt":"2025-04-29T01:41:16","slug":"miguel-angel-loor-sobre-el-tema-convocatorias","status":"publish","type":"post","link":"https:\/\/www.evafm.net\/sitio\/miguel-angel-loor-sobre-el-tema-convocatorias\/","title":{"rendered":"Miguel \u00c1ngel Loor sobre el tema Convocatorias"},"content":{"rendered":"<p>En las \u00faltimas horas se ha filtrado una informaci\u00f3n de supuestos audios filtrados respecto al manejo de convocatorias en la <strong>selecci\u00f3n nacional. <\/strong><\/p>\n<p>Eso ha generado que pregunte de esta situaci\u00f3n al presidente de la<strong> LigaPro.<\/strong><\/p>\n<p>&nbsp;<\/p>\n<p><strong>Miguel \u00c1ngel Loor manifest\u00f3: <\/strong><\/p>\n<p>\u00abAmerita que ustedes consigan el n\u00famero de la FEF y le pregunten a \u00e9l directamente, a m\u00ed h\u00e1bleme de la LigaPro o cualquier otra cosa, pero de<\/p>\n<p>eso, de una investigaci\u00f3n de un medio serio, amerita que hagan las preguntas a quien se debe\u00bb.<\/p>\n<p>&nbsp;<\/p>\n<p>Como es de conocimiento p\u00fablico, las relaciones entre<strong> FEF y LigaPro<\/strong> no est\u00e1n muy bien.<\/p>\n<p>Por lo tanto han existido debates y discusiones entre sus principales dirigentes.<strong>(D)<\/strong><\/p>\n<p>&nbsp;<\/p>\n<blockquote class=\"twitter-tweet\" data-width=\"550\" data-dnt=\"true\">\n<p lang=\"es\" dir=\"ltr\">\ud83d\udc40\ud83c\uddea\ud83c\udde8\u26bd \u00a1LOOR SOBRE EL  POL\u00c9MICO AUDIO FILTRADO DEL CASO GUAGUA!<\/p>\n<p>El presidente de la LigaPro prefiri\u00f3 no hablar del tema, y que esa pregunta debe ser respondida por el presidente de la FEF. <a href=\"https:\/\/t.co\/KJlwi8VBPM\">pic.twitter.com\/KJlwi8VBPM<\/a><\/p>\n<p>&mdash; StudioF\u00fatbol \u26bd (@StudioFutbol) <a href=\"https:\/\/twitter.com\/StudioFutbol\/status\/1916896384571052425?ref_src=twsrc%5Etfw\">April 28, 2025<\/a><\/p><\/blockquote>\n<p><script async src=\"https:\/\/platform.twitter.com\/widgets.js\" charset=\"utf-8\"><\/script><\/p>\n<p>&nbsp;<\/p>\n<p><strong>Fuente:<\/strong> evafm.net &#8211; studofutbol.com.ec<\/p>\n<div class=\"gsp_post_data\" \r\n\t            data-post_type=\"post\" \r\n\t            data-cat=\"deportes-ecuador,general,uncategorized\" \r\n\t            data-modified=\"120\"\r\n\t            data-created=\"1745872876\"\r\n\t            data-title=\"Miguel \u00c1ngel Loor sobre el tema Convocatorias\" \r\n\t            data-home=\"https:\/\/www.evafm.net\/sitio\"><\/div>","protected":false},"excerpt":{"rendered":"<p>En las \u00faltimas horas se ha filtrado una informaci\u00f3n de supuestos audios filtrados respecto al manejo de convocatorias en la selecci\u00f3n nacional. Eso ha generado que pregunte de esta situaci\u00f3n al presidente de la LigaPro. &nbsp; Miguel \u00c1ngel Loor manifest\u00f3: \u00abAmerita que ustedes consigan el n\u00famero de la FEF y le pregunten a \u00e9l directamente,&#8230;<\/p>\n","protected":false},"author":5,"featured_media":88535,"comment_status":"closed","ping_status":"open","sticky":false,"template":"","format":"standard","meta":{"_joinchat":[],"footnotes":""},"categories":[1557,1720,1],"tags":[],"class_list":["post-88496","post","type-post","status-publish","format-standard","has-post-thumbnail","hentry","category-deportes-ecuador","category-general","category-uncategorized","have-post-thumb"],"_links":{"self":[{"href":"https:\/\/www.evafm.net\/sitio\/wp-json\/wp\/v2\/posts\/88496","targetHints":{"allow":["GET"]}}],"collection":[{"href":"https:\/\/www.evafm.net\/sitio\/wp-json\/wp\/v2\/posts"}],"about":[{"href":"https:\/\/www.evafm.net\/sitio\/wp-json\/wp\/v2\/types\/post"}],"author":[{"embeddable":true,"href":"https:\/\/www.evafm.net\/sitio\/wp-json\/wp\/v2\/users\/5"}],"replies":[{"embeddable":true,"href":"https:\/\/www.evafm.net\/sitio\/wp-json\/wp\/v2\/comments?post=88496"}],"version-history":[{"count":1,"href":"https:\/\/www.evafm.net\/sitio\/wp-json\/wp\/v2\/posts\/88496\/revisions"}],"predecessor-version":[{"id":88536,"href":"https:\/\/www.evafm.net\/sitio\/wp-json\/wp\/v2\/posts\/88496\/revisions\/88536"}],"wp:featuredmedia":[{"embeddable":true,"href":"https:\/\/www.evafm.net\/sitio\/wp-json\/wp\/v2\/media\/88535"}],"wp:attachment":[{"href":"https:\/\/www.evafm.net\/sitio\/wp-json\/wp\/v2\/media?parent=88496"}],"wp:term":[{"taxonomy":"category","embeddable":true,"href":"https:\/\/www.evafm.net\/sitio\/wp-json\/wp\/v2\/categories?post=88496"},{"taxonomy":"post_tag","embeddable":true,"href":"https:\/\/www.evafm.net\/sitio\/wp-json\/wp\/v2\/tags?post=88496"}],"curies":[{"name":"wp","href":"https:\/\/api.w.org\/{rel}","templated":true}]}}