{"id":88497,"date":"2025-04-28T20:42:34","date_gmt":"2025-04-29T01:42:34","guid":{"rendered":"https:\/\/www.evafm.net\/sitio\/?p=88497"},"modified":"2025-04-28T20:42:34","modified_gmt":"2025-04-29T01:42:34","slug":"flick-acuerdo-cerrado-firmara-hasta-2027","status":"publish","type":"post","link":"https:\/\/www.evafm.net\/sitio\/flick-acuerdo-cerrado-firmara-hasta-2027\/","title":{"rendered":"Flick, acuerdo cerrado: firmar\u00e1 hasta 2027"},"content":{"rendered":"<p><strong>Hansi Flick<\/strong> firm\u00f3 el pasado verano hasta el 30 de junio de 2026. Fue una decisi\u00f3n consecuente con su idea de firmar siempre contratos cortos porque, adem\u00e1s<\/p>\n<p>coincide su fin con el final del mandato de\u00a0<strong>Joan Laporta<\/strong>. Y obviamente la decisi\u00f3n de qui\u00e9n es el entrenador es de mucho calado y es l\u00f3gico que pueda tener<\/p>\n<p>voz y voto el presidente que gane las elecciones en 2026 si es que no es Laporta.<\/p>\n<p>Sin embargo, el gran papel que est\u00e1 haciendo el Bar\u00e7a bajo los \u00f3rdenes de\u00a0<strong>Flick\u00a0<\/strong>ha generado un evidente consenso general en torno a su figura.<\/p>\n<p>&nbsp;<\/p>\n<p class=\"paragraph\" data-gtm-element-container=\"modulo-texto-link\" data-mrf-recirculation=\"links-parrafos\">Por eso, seg\u00fan fuentes cercanas al t\u00e9cnico, la propuesta del\u00a0<strong>FC Barcelona<\/strong>\u00a0para que renueve es de un a\u00f1o fijo, respetando la voluntad de\u00a0<strong>Flick\u00a0<\/strong>de ir temporada<\/p>\n<p class=\"paragraph\" data-gtm-element-container=\"modulo-texto-link\" data-mrf-recirculation=\"links-parrafos\">a temporada.<\/p>\n<p class=\"paragraph\" data-gtm-element-container=\"modulo-texto-link\" data-mrf-recirculation=\"links-parrafos\">Es decir, si ahora tiene hasta 2026 habr\u00eda que a\u00f1adirle otra temporada, hasta el 30 de junio de 2027.<\/p>\n<p class=\"paragraph\" data-gtm-element-container=\"modulo-texto-link\" data-mrf-recirculation=\"links-parrafos\">Seg\u00fan la misma fuente, ya habr\u00eda un acuerdo casi total entre las partes al que s\u00f3lo le quedan por limar algunos flecos.<\/p>\n<p class=\"paragraph\" data-gtm-element-container=\"modulo-texto-link\" data-mrf-recirculation=\"links-parrafos\">El citado ser\u00eda un tipo de contrato con el que\u00a0<strong>Hansi Flick\u00a0<\/strong>se encontrar\u00eda c\u00f3modo dado que su intenci\u00f3n es no firmar compromisos largos sino cortos.<\/p>\n<p class=\"paragraph\" data-gtm-element-container=\"modulo-texto-link\" data-mrf-recirculation=\"links-parrafos\">Este no lo ser\u00eda pero s\u00ed que le dar\u00eda a su proyecto una m\u00ednima estabilidad para consolidarlo y seguir evolucion\u00e1ndolo por dos a\u00f1os m\u00e1s.<\/p>\n<p class=\"paragraph\" data-gtm-element-container=\"modulo-texto-link\" data-mrf-recirculation=\"links-parrafos\"><strong>El &#8216;timing&#8217; previsto;<\/strong><\/p>\n<p data-gtm-element-container=\"modulo-texto-link\" data-mrf-recirculation=\"links-parrafos\">Un nuevo contrato para el entrenador alem\u00e1n conllevar\u00e1, obviamente, un aumento de sueldo para \u00e9l y para su staff t\u00e9cnico.<\/p>\n<p data-gtm-element-container=\"modulo-texto-link\" data-mrf-recirculation=\"links-parrafos\">Otra cosa es la cuesti\u00f3n del \u2018timing\u2019 de la resoluci\u00f3n del asunto.<\/p>\n<p data-gtm-element-container=\"modulo-texto-link\" data-mrf-recirculation=\"links-parrafos\">Se prev\u00e9 que todo quede cerrado la segunda semana de mayo pero la intenci\u00f3n es no anunciar la renovaci\u00f3n por un a\u00f1o hasta fin de temporada para<\/p>\n<p data-gtm-element-container=\"modulo-texto-link\" data-mrf-recirculation=\"links-parrafos\">que no provoque ruido en plena competici\u00f3n.<\/p>\n<p data-gtm-element-container=\"modulo-texto-link\" data-mrf-recirculation=\"links-parrafos\">El agente del t\u00e9cnico,\u00a0<strong>Pini Zahavi<\/strong>, ha hecho varios viajes para verse con\u00a0<strong>Joan Laporta<\/strong> y ha ido avanzando hasta llegar al punto actual. <strong>(D)<\/strong><\/p>\n<p data-gtm-element-container=\"modulo-texto-link\" data-mrf-recirculation=\"links-parrafos\"><strong>Fuente:<\/strong> evafm.net &#8211; studiofutbol.com.ec<\/p>\n<div class=\"gsp_post_data\" \r\n\t            data-post_type=\"post\" \r\n\t            data-cat=\"deportes-internacionales,general,uncategorized\" \r\n\t            data-modified=\"120\"\r\n\t            data-created=\"1745872954\"\r\n\t            data-title=\"Flick, acuerdo cerrado: firmar\u00e1 hasta 2027\" \r\n\t            data-home=\"https:\/\/www.evafm.net\/sitio\"><\/div>","protected":false},"excerpt":{"rendered":"<p>Hansi Flick firm\u00f3 el pasado verano hasta el 30 de junio de 2026. Fue una decisi\u00f3n consecuente con su idea de firmar siempre contratos cortos porque, adem\u00e1s coincide su fin con el final del mandato de\u00a0Joan Laporta. Y obviamente la decisi\u00f3n de qui\u00e9n es el entrenador es de mucho calado y es l\u00f3gico que pueda&#8230;<\/p>\n","protected":false},"author":5,"featured_media":88538,"comment_status":"closed","ping_status":"open","sticky":false,"template":"","format":"standard","meta":{"_joinchat":[],"footnotes":""},"categories":[1342,1720,1],"tags":[],"class_list":["post-88497","post","type-post","status-publish","format-standard","has-post-thumbnail","hentry","category-deportes-internacionales","category-general","category-uncategorized","have-post-thumb"],"_links":{"self":[{"href":"https:\/\/www.evafm.net\/sitio\/wp-json\/wp\/v2\/posts\/88497","targetHints":{"allow":["GET"]}}],"collection":[{"href":"https:\/\/www.evafm.net\/sitio\/wp-json\/wp\/v2\/posts"}],"about":[{"href":"https:\/\/www.evafm.net\/sitio\/wp-json\/wp\/v2\/types\/post"}],"author":[{"embeddable":true,"href":"https:\/\/www.evafm.net\/sitio\/wp-json\/wp\/v2\/users\/5"}],"replies":[{"embeddable":true,"href":"https:\/\/www.evafm.net\/sitio\/wp-json\/wp\/v2\/comments?post=88497"}],"version-history":[{"count":1,"href":"https:\/\/www.evafm.net\/sitio\/wp-json\/wp\/v2\/posts\/88497\/revisions"}],"predecessor-version":[{"id":88539,"href":"https:\/\/www.evafm.net\/sitio\/wp-json\/wp\/v2\/posts\/88497\/revisions\/88539"}],"wp:featuredmedia":[{"embeddable":true,"href":"https:\/\/www.evafm.net\/sitio\/wp-json\/wp\/v2\/media\/88538"}],"wp:attachment":[{"href":"https:\/\/www.evafm.net\/sitio\/wp-json\/wp\/v2\/media?parent=88497"}],"wp:term":[{"taxonomy":"category","embeddable":true,"href":"https:\/\/www.evafm.net\/sitio\/wp-json\/wp\/v2\/categories?post=88497"},{"taxonomy":"post_tag","embeddable":true,"href":"https:\/\/www.evafm.net\/sitio\/wp-json\/wp\/v2\/tags?post=88497"}],"curies":[{"name":"wp","href":"https:\/\/api.w.org\/{rel}","templated":true}]}}