{"id":88541,"date":"2025-04-29T19:45:31","date_gmt":"2025-04-30T00:45:31","guid":{"rendered":"https:\/\/www.evafm.net\/sitio\/?p=88541"},"modified":"2025-04-29T19:45:31","modified_gmt":"2025-04-30T00:45:31","slug":"donald-trump-llego-a-un-acuerdo-con-los-fabricantes-de-autos","status":"publish","type":"post","link":"https:\/\/www.evafm.net\/sitio\/donald-trump-llego-a-un-acuerdo-con-los-fabricantes-de-autos\/","title":{"rendered":"Donald Trump lleg\u00f3 a un acuerdo con los fabricantes de autos"},"content":{"rendered":"<p>El presidente de\u00a0<b>Estados Unidos<\/b>,\u00a0<b>Donald Trump<\/b>, firmar\u00e1 un decreto que exime a los\u00a0<a title=\"https:\/\/www.infobae.com\/america\/agencias\/2025\/04\/29\/trump-reduciria-aranceles-a-automoviles-tras-apelaciones-de-los-fabricantes\/\" href=\"https:\/\/www.infobae.com\/america\/agencias\/2025\/04\/29\/trump-reduciria-aranceles-a-automoviles-tras-apelaciones-de-los-fabricantes\/\" target=\"_blank\" rel=\"noopener noreferrer\" data-mrf-link=\"https:\/\/www.infobae.com\/america\/agencias\/2025\/04\/29\/trump-reduciria-aranceles-a-automoviles-tras-apelaciones-de-los-fabricantes\/\"><b>fabricantes de autom\u00f3viles<\/b><\/a>\u00a0del pa\u00eds de parte de los<b>\u00a0aranceles del 25%<\/b> para darles tiempo..<\/p>\n<p>a traer las cadenas de suministro de piezas de vuelta a casa, dijo el martes el secretario de Comercio,\u00a0<b>Howard Lutnick<\/b>.<\/p>\n<p>&nbsp;<\/p>\n<p>\u201cEste acuerdo supone una gran victoria para la pol\u00edtica comercial del presidente, ya que recompensa a las empresas que fabrican en el pa\u00eds y, al mismo tiempo, ofrece una v\u00eda de<\/p>\n<p>escape a los fabricantes que han expresado su compromiso de invertir en Estados Unidos y ampliar su producci\u00f3n nacional\u201d.<\/p>\n<p>Lutnick, en un comunicado enviado por correo electr\u00f3nico.<\/p>\n<p>&nbsp;<\/p>\n<p>Los fabricantes de autom\u00f3viles recibir\u00edan cr\u00e9ditos de hasta el 15% del valor de los veh\u00edculos ensamblados en Estados Unidos, que podr\u00edan aplicarse a cuenta del valor de las<\/p>\n<p>piezas importadas, dijo<strong> Lutnick a periodistas.<\/strong><\/p>\n<p>&nbsp;<\/p>\n<p>Los autom\u00f3viles y las piezas sujetas a los aranceles del 25% de la<b>\u00a0Secci\u00f3n 232<\/b>\u00a0ya no estar\u00edan sujetos a otros grav\u00e1menes impuestos por Trump, incluidos los aranceles del 25%<\/p>\n<p>a los productos canadienses y mexicanos, as\u00ed como los aranceles del 10% aplicados a la mayor\u00eda de los dem\u00e1s pa\u00edses.<\/p>\n<p>&nbsp;<\/p>\n<p>El cambio esperado, adelantado por el<strong>\u00a0<i>Wall Street Journal<\/i>,<\/strong> se produce cuando Trump se prepara para viajar a Michigan, el coraz\u00f3n de la industria automovil\u00edstica estadounidense<\/p>\n<p>para conmemorar los primeros 100 d\u00edas de su segundo mandato en la <strong>Casa Blanca.<\/strong><\/p>\n<p>&nbsp;<\/p>\n<p class=\"paragraph\" data-mrf-recirculation=\"Links inline\">La promulgaci\u00f3n que pondr\u00e1 en marcha los cambios podr\u00eda firmarse el martes, antes del discurso previsto por Trump en el condado de Macomb, un centro de fabricaci\u00f3n de<\/p>\n<p class=\"paragraph\" data-mrf-recirculation=\"Links inline\">autom\u00f3viles y basti\u00f3n de los trabajadores manuales a los que Trump dice que sus aranceles pretenden ayudar.<\/p>\n<p class=\"paragraph\" data-mrf-recirculation=\"Links inline\">Por otra parte, la\u00a0<b>confianza de los estadounidenses en la econom\u00eda<\/b>\u00a0cay\u00f3 por quinto mes consecutivo al nivel m\u00e1s bajo desde el inicio de la pandemia de\u00a0<b>COVID-19<\/b>, ya que la<\/p>\n<p class=\"paragraph\" data-mrf-recirculation=\"Links inline\">ansiedad por el impacto de los aranceles afecta gravemente las expectativas de los consumidores sobre el crecimiento futuro.<\/p>\n<p class=\"paragraph\" data-mrf-recirculation=\"Links inline\">El martes,\u00a0<strong><i>The Conference Board<\/i><\/strong>\u00a0inform\u00f3 que su \u00edndice de confianza del consumidor cay\u00f3 7,9 puntos en abril, situ\u00e1ndose en 86, su lectura m\u00e1s baja desde mayo de 2020.<\/p>\n<p class=\"paragraph\" data-mrf-recirculation=\"Links inline\">Casi un tercio de los consumidores espera que la contrataci\u00f3n se desacelere en los pr\u00f3ximos meses, casi igualando el nivel alcanzado en abril de 2009.<\/p>\n<p class=\"paragraph\" data-mrf-recirculation=\"Links inline\">cuando la econom\u00eda estaba sumida en la <b>Gran Recesi\u00f3n<\/b>.<\/p>\n<p class=\"paragraph\" data-mrf-recirculation=\"Links inline\">Las cifras reflejan un estado de \u00e1nimo que se deteriora r\u00e1pidamente entre los estadounidenses, la mayor\u00eda de los cuales espera que los precios aumenten debido a los<\/p>\n<p class=\"paragraph\" data-mrf-recirculation=\"Links inline\">aranceles generalizados impuestos por el presidente\u00a0<a title=\"https:\/\/www.infobae.com\/estados-unidos\/2025\/04\/27\/trump-prometio-una-reduccion-casi-total-del-impuesto-a-la-renta-cuando-entren-en-vigor-los-aranceles-a-productos-extranjeros\/\" href=\"https:\/\/www.infobae.com\/estados-unidos\/2025\/04\/27\/trump-prometio-una-reduccion-casi-total-del-impuesto-a-la-renta-cuando-entren-en-vigor-los-aranceles-a-productos-extranjeros\/\" target=\"_blank\" rel=\"noopener noreferrer\" data-mrf-link=\"https:\/\/www.infobae.com\/estados-unidos\/2025\/04\/27\/trump-prometio-una-reduccion-casi-total-del-impuesto-a-la-renta-cuando-entren-en-vigor-los-aranceles-a-productos-extranjeros\/\"><b>Donald Trump<\/b><\/a>.<\/p>\n<p class=\"paragraph\" data-mrf-recirculation=\"Links inline\">Aproximadamente la mitad de los ciudadanos tambi\u00e9n est\u00e1n preocupados por la posibilidad de una recesi\u00f3n, seg\u00fan una encuesta del\u00a0<strong><i>Centro AP-NORC<\/i>.<\/strong><\/p>\n<p class=\"paragraph\" data-mrf-recirculation=\"Links inline\">Una medida de las expectativas a corto plazo de los estadounidenses sobre sus ingresos, las condiciones empresariales y el mercado laboral se desplom\u00f3 12,5 puntos<\/p>\n<p class=\"paragraph\" data-mrf-recirculation=\"Links inline\">hasta 54,4 el nivel m\u00e1s bajo en m\u00e1s de 13 a\u00f1os.<\/p>\n<p class=\"paragraph\" data-mrf-recirculation=\"Links inline\">La lectura est\u00e1 muy por debajo de 80, lo que t\u00edpicamente se\u00f1ala una recesi\u00f3n inminente.<\/p>\n<p class=\"paragraph\" data-mrf-recirculation=\"Links inline\">C\u00f3mo se traduce este estado de \u00e1nimo en el gasto, las contrataciones y el crecimiento se aclarar\u00e1 en los pr\u00f3ximos d\u00edas y semanas.<\/p>\n<p class=\"paragraph\" data-mrf-recirculation=\"Links inline\">El mi\u00e9rcoles, el gobierno informar\u00e1 sobre el\u00a0<b>crecimiento econ\u00f3mico de Estados Unidos<\/b>\u00a0durante los primeros tres meses del a\u00f1o, y los economistas creen que mostrar\u00e1<\/p>\n<p class=\"paragraph\" data-mrf-recirculation=\"Links inline\">una fuerte desaceleraci\u00f3n, ya que los consumidores redujeron el gasto despu\u00e9s de una s\u00f3lida temporada de compras navide\u00f1as.<\/p>\n<p class=\"paragraph\" data-mrf-recirculation=\"Links inline\">Y el viernes, el Departamento de Trabajo publicar\u00e1 su \u00faltimo informe sobre contrataci\u00f3n y desempleo.<\/p>\n<p class=\"paragraph\" data-mrf-recirculation=\"Links inline\">En general, los economistas esperan que a\u00fan muestre un aumento constante de empleos, aunque algunos pronostican que podr\u00eda mostrar una reducci\u00f3n dr\u00e1stica en la<\/p>\n<p class=\"paragraph\" data-mrf-recirculation=\"Links inline\">contrataci\u00f3n.<\/p>\n<p class=\"paragraph\" data-mrf-recirculation=\"Links inline\">La fuerte ca\u00edda en la confianza del consumidor probablemente tambi\u00e9n refleja las fuertes oscilaciones en los precios de acciones y bonos que sacudieron los<\/p>\n<p class=\"paragraph\" data-mrf-recirculation=\"Links inline\"><b>mercados financieros<\/b>.<\/p>\n<p class=\"paragraph\" data-mrf-recirculation=\"Links inline\">Aunque todos los grupos de edad y la mayor\u00eda de los renglones de ingresos reportaron una menor confianza, la ca\u00edda fue m\u00e1s pronunciada entre los hogares que ganan m\u00e1s de<\/p>\n<p class=\"paragraph\" data-mrf-recirculation=\"Links inline\">125.000 d\u00f3lares al a\u00f1o y entre los consumidores de 35 a 55 a\u00f1os.<\/p>\n<p class=\"paragraph\" data-mrf-recirculation=\"Links inline\">Aunque los principales mercados de Estados Unidos se recuperaron la semana pasada, el\u00a0<b>S&amp;P 500<\/b>\u00a0ha bajado un <strong>6%<\/strong> en el a\u00f1o y el\u00a0<b>Dow Jones<\/b>\u00a0ha perdido un<strong> 5%. <\/strong><\/p>\n<p class=\"paragraph\" data-mrf-recirculation=\"Links inline\">El\u00a0<b>Nasdaq<\/b>, que se centra en el crecimiento, ha bajado un 1<strong>0% en 2025. (I)<\/strong><\/p>\n<p class=\"paragraph\" data-mrf-recirculation=\"Links inline\"><strong><i>(Con informaci\u00f3n de Reuters, Bloomberg y AP)<\/i><\/strong><\/p>\n<p>&nbsp;<\/p>\n<p>Fuente: evafm.net &#8211; infobae.com<\/p>\n<div class=\"gsp_post_data\" \r\n\t            data-post_type=\"post\" \r\n\t            data-cat=\"general,noticias-internacionales,uncategorized\" \r\n\t            data-modified=\"120\"\r\n\t            data-created=\"1745955931\"\r\n\t            data-title=\"Donald Trump lleg\u00f3 a un acuerdo con los fabricantes de autos\" \r\n\t            data-home=\"https:\/\/www.evafm.net\/sitio\"><\/div>","protected":false},"excerpt":{"rendered":"<p>El presidente de\u00a0Estados Unidos,\u00a0Donald Trump, firmar\u00e1 un decreto que exime a los\u00a0fabricantes de autom\u00f3viles\u00a0del pa\u00eds de parte de los\u00a0aranceles del 25% para darles tiempo.. a traer las cadenas de suministro de piezas de vuelta a casa, dijo el martes el secretario de Comercio,\u00a0Howard Lutnick. &nbsp; \u201cEste acuerdo supone una gran victoria para la pol\u00edtica comercial&#8230;<\/p>\n","protected":false},"author":5,"featured_media":88555,"comment_status":"closed","ping_status":"open","sticky":false,"template":"","format":"standard","meta":{"_joinchat":[],"footnotes":""},"categories":[1720,1345,1],"tags":[],"class_list":["post-88541","post","type-post","status-publish","format-standard","has-post-thumbnail","hentry","category-general","category-noticias-internacionales","category-uncategorized","have-post-thumb"],"_links":{"self":[{"href":"https:\/\/www.evafm.net\/sitio\/wp-json\/wp\/v2\/posts\/88541","targetHints":{"allow":["GET"]}}],"collection":[{"href":"https:\/\/www.evafm.net\/sitio\/wp-json\/wp\/v2\/posts"}],"about":[{"href":"https:\/\/www.evafm.net\/sitio\/wp-json\/wp\/v2\/types\/post"}],"author":[{"embeddable":true,"href":"https:\/\/www.evafm.net\/sitio\/wp-json\/wp\/v2\/users\/5"}],"replies":[{"embeddable":true,"href":"https:\/\/www.evafm.net\/sitio\/wp-json\/wp\/v2\/comments?post=88541"}],"version-history":[{"count":1,"href":"https:\/\/www.evafm.net\/sitio\/wp-json\/wp\/v2\/posts\/88541\/revisions"}],"predecessor-version":[{"id":88556,"href":"https:\/\/www.evafm.net\/sitio\/wp-json\/wp\/v2\/posts\/88541\/revisions\/88556"}],"wp:featuredmedia":[{"embeddable":true,"href":"https:\/\/www.evafm.net\/sitio\/wp-json\/wp\/v2\/media\/88555"}],"wp:attachment":[{"href":"https:\/\/www.evafm.net\/sitio\/wp-json\/wp\/v2\/media?parent=88541"}],"wp:term":[{"taxonomy":"category","embeddable":true,"href":"https:\/\/www.evafm.net\/sitio\/wp-json\/wp\/v2\/categories?post=88541"},{"taxonomy":"post_tag","embeddable":true,"href":"https:\/\/www.evafm.net\/sitio\/wp-json\/wp\/v2\/tags?post=88541"}],"curies":[{"name":"wp","href":"https:\/\/api.w.org\/{rel}","templated":true}]}}