{"id":88603,"date":"2025-05-01T13:11:17","date_gmt":"2025-05-01T18:11:17","guid":{"rendered":"https:\/\/www.evafm.net\/sitio\/?p=88603"},"modified":"2025-05-01T13:11:17","modified_gmt":"2025-05-01T18:11:17","slug":"libertad-demando-a-milton-bolanos","status":"publish","type":"post","link":"https:\/\/www.evafm.net\/sitio\/libertad-demando-a-milton-bolanos\/","title":{"rendered":"Libertad demand\u00f3 a Milton Bola\u00f1os"},"content":{"rendered":"<p><strong data-start=\"102\" data-end=\"408\">Milton Bola\u00f1os enfrenta un momento complicado en su carrera tras la confirmaci\u00f3n de una suspensi\u00f3n de dos a\u00f1os por su implicaci\u00f3n en apuestas deportivas. <\/strong><\/p>\n<p><strong data-start=\"102\" data-end=\"408\">El Tribunal de Arbitraje Deportivo (TAS) ratific\u00f3 la sanci\u00f3n, y ahora el futbolista ha sido demandado por Libertad FC, su \u00faltimo club en la LigaPro.<\/strong><\/p>\n<p>&nbsp;<\/p>\n<p>De acuerdo con el equipo legal del jugador, la instituci\u00f3n lojana reclama una suma de\u00a0<strong data-start=\"496\" data-end=\"511\">USD 214.000<\/strong>, desglosada de la siguiente manera:<\/p>\n<ul data-start=\"549\" data-end=\"859\">\n<li class=\"\" data-start=\"549\" data-end=\"591\">\n<p class=\"\" data-start=\"551\" data-end=\"591\"><strong data-start=\"551\" data-end=\"565\">USD 50.000<\/strong>\u00a0por da\u00f1os y perjuicios.<\/p>\n<\/li>\n<li class=\"\" data-start=\"592\" data-end=\"683\">\n<p class=\"\" data-start=\"594\" data-end=\"683\"><strong data-start=\"594\" data-end=\"609\">USD 100.000<\/strong>\u00a0por compensaci\u00f3n relacionada con sus derechos federativos y econ\u00f3micos.<\/p>\n<\/li>\n<li class=\"\" data-start=\"684\" data-end=\"746\">\n<p class=\"\" data-start=\"686\" data-end=\"746\"><strong data-start=\"686\" data-end=\"700\">USD 19.000<\/strong>\u00a0por el salario correspondiente al a\u00f1o 2023.<\/p>\n<\/li>\n<li class=\"\" data-start=\"747\" data-end=\"797\">\n<p class=\"\" data-start=\"749\" data-end=\"797\"><strong data-start=\"749\" data-end=\"763\">USD 20.000<\/strong>\u00a0por incumplimiento contractual.<\/p>\n<\/li>\n<li class=\"\" data-start=\"798\" data-end=\"859\">\n<p class=\"\" data-start=\"800\" data-end=\"859\"><strong data-start=\"800\" data-end=\"814\">USD 25.000<\/strong>\u00a0como indemnizaci\u00f3n por una sanci\u00f3n impuesta.<\/p>\n<\/li>\n<\/ul>\n<p>&nbsp;<\/p>\n<p class=\"\" data-start=\"861\" data-end=\"995\">Cabe se\u00f1alar que Bola\u00f1os percib\u00eda un sueldo mensual de\u00a0<strong data-start=\"916\" data-end=\"929\">USD 1.600<\/strong>\u00a0en Libertad FC, aunque no ha disputado ning\u00fan partido desde 2023.<\/p>\n<p class=\"\" data-start=\"997\" data-end=\"1393\">La sanci\u00f3n se origin\u00f3 a ra\u00edz de una investigaci\u00f3n de la Direcci\u00f3n de Integridad de LigaPro, y fue impuesta en mayo de 2024 por el<\/p>\n<p class=\"\" data-start=\"997\" data-end=\"1393\">Comit\u00e9 de Apelaciones del Centro de Arbitraje y Conciliaci\u00f3n de la C\u00e1mara de Comercio de Guayaquil.<\/p>\n<p data-start=\"997\" data-end=\"1393\">\n<p class=\"\" data-start=\"997\" data-end=\"1393\">La defensa del jugador apel\u00f3 ante el TAS, pero este confirm\u00f3 el castigo y adem\u00e1s impuso a Bola\u00f1os el pago de\u00a0<strong data-start=\"1336\" data-end=\"1360\">4.000 francos suizos<\/strong>\u00a0(aproximadamente\u00a0<strong data-start=\"1378\" data-end=\"1391\">USD 4.870<\/strong>).<\/p>\n<p class=\"\" data-start=\"1395\" data-end=\"1541\">Con esta resoluci\u00f3n,\u00a0<strong data-start=\"1416\" data-end=\"1540\">Milton Bola\u00f1os se convierte en el primer futbolista sancionado por manipulaci\u00f3n de partidos en la historia de la LigaPro. (D)<\/strong><\/p>\n<p data-start=\"1395\" data-end=\"1541\">\n<p data-start=\"1395\" data-end=\"1541\"><strong>Fuente<\/strong>: evafm.net &#8211; studiofutbol.com.ec<\/p>\n<div class=\"gsp_post_data\" \r\n\t            data-post_type=\"post\" \r\n\t            data-cat=\"deportes-ecuador\" \r\n\t            data-modified=\"120\"\r\n\t            data-created=\"1746105077\"\r\n\t            data-title=\"Libertad demand\u00f3 a Milton Bola\u00f1os\" \r\n\t            data-home=\"https:\/\/www.evafm.net\/sitio\"><\/div>","protected":false},"excerpt":{"rendered":"<p>Milton Bola\u00f1os enfrenta un momento complicado en su carrera tras la confirmaci\u00f3n de una suspensi\u00f3n de dos a\u00f1os por su implicaci\u00f3n en apuestas deportivas. El Tribunal de Arbitraje Deportivo (TAS) ratific\u00f3 la sanci\u00f3n, y ahora el futbolista ha sido demandado por Libertad FC, su \u00faltimo club en la LigaPro. &nbsp; De acuerdo con el equipo&#8230;<\/p>\n","protected":false},"author":5,"featured_media":88604,"comment_status":"closed","ping_status":"open","sticky":false,"template":"","format":"standard","meta":{"_joinchat":[],"footnotes":""},"categories":[1557],"tags":[],"class_list":["post-88603","post","type-post","status-publish","format-standard","has-post-thumbnail","hentry","category-deportes-ecuador","have-post-thumb"],"_links":{"self":[{"href":"https:\/\/www.evafm.net\/sitio\/wp-json\/wp\/v2\/posts\/88603","targetHints":{"allow":["GET"]}}],"collection":[{"href":"https:\/\/www.evafm.net\/sitio\/wp-json\/wp\/v2\/posts"}],"about":[{"href":"https:\/\/www.evafm.net\/sitio\/wp-json\/wp\/v2\/types\/post"}],"author":[{"embeddable":true,"href":"https:\/\/www.evafm.net\/sitio\/wp-json\/wp\/v2\/users\/5"}],"replies":[{"embeddable":true,"href":"https:\/\/www.evafm.net\/sitio\/wp-json\/wp\/v2\/comments?post=88603"}],"version-history":[{"count":1,"href":"https:\/\/www.evafm.net\/sitio\/wp-json\/wp\/v2\/posts\/88603\/revisions"}],"predecessor-version":[{"id":88605,"href":"https:\/\/www.evafm.net\/sitio\/wp-json\/wp\/v2\/posts\/88603\/revisions\/88605"}],"wp:featuredmedia":[{"embeddable":true,"href":"https:\/\/www.evafm.net\/sitio\/wp-json\/wp\/v2\/media\/88604"}],"wp:attachment":[{"href":"https:\/\/www.evafm.net\/sitio\/wp-json\/wp\/v2\/media?parent=88603"}],"wp:term":[{"taxonomy":"category","embeddable":true,"href":"https:\/\/www.evafm.net\/sitio\/wp-json\/wp\/v2\/categories?post=88603"},{"taxonomy":"post_tag","embeddable":true,"href":"https:\/\/www.evafm.net\/sitio\/wp-json\/wp\/v2\/tags?post=88603"}],"curies":[{"name":"wp","href":"https:\/\/api.w.org\/{rel}","templated":true}]}}