{"id":88617,"date":"2025-05-02T22:37:38","date_gmt":"2025-05-03T03:37:38","guid":{"rendered":"https:\/\/www.evafm.net\/sitio\/?p=88617"},"modified":"2025-05-02T22:37:38","modified_gmt":"2025-05-03T03:37:38","slug":"comenzo-a-regir-en-chile-la-nueva-reforma-de-pensiones","status":"publish","type":"post","link":"https:\/\/www.evafm.net\/sitio\/comenzo-a-regir-en-chile-la-nueva-reforma-de-pensiones\/","title":{"rendered":"Comenz\u00f3 a regir en Chile la nueva Reforma de Pensiones"},"content":{"rendered":"<p>Este 1 de mayo entr\u00f3 en vigor la\u00a0<b>Reforma de Pensiones<\/b>, una de las principales promesas de campa\u00f1a del Gobierno de\u00a0<b>Gabriel Boric<\/b>, la que establece de manera\u00a0<b>gradual.<\/b><\/p>\n<p>varios cambios sustantivos como el <b>aumento de la Pensi\u00f3n Garantizada Universal\u00a0<\/b>(PGU), una nueva cotizaci\u00f3n final de un\u00a0<b>8,5% con cargo al empleador<\/b>\u00a0y una<\/p>\n<p><b>compensaci\u00f3n a las mujeres<\/b>\u00a0debido a su mayor expectativa de vida.<\/p>\n<p>&nbsp;<\/p>\n<p>As\u00ed las cosas, la primera medida es la ampliaci\u00f3n del\u00a0<b>Seguro de Lagunas Previsionales<\/b>\u00a0del\u00a0<b>Seguro de Cesant\u00eda,\u00a0<\/b>que comenz\u00f3 a regir este D\u00eda del Trabajador y que de<\/p>\n<p>esta manera se convierte en un<b>\u00a0beneficio universal, ayudando a aumentar\u00a0<\/b>las bajas pensiones de aquellas personas que han tenido lagunas previsionales al quedarse<\/p>\n<p>sin trabajo.<\/p>\n<p>&nbsp;<\/p>\n<p><strong>Los pasos que vienen:<\/strong><\/p>\n<p>La siguiente medida, que fue motivo de arduos debates, comenzar\u00e1 a aplicarse en agosto y se trata de la nueva cotizaci\u00f3n por parte del empleador, que subir\u00e1 del<\/p>\n<p><b>1,5% actual a un 8,5% en un plazo de 9 a 11 a\u00f1os.\u00a0<\/b><\/p>\n<p>De esta cifra, un <strong>4,5%<\/strong> ir\u00e1 a las cuentas individuales administradas por las<strong> AFP<\/strong> y el <strong>4%<\/strong> restante ir\u00e1 al <strong>Seguro Social Previsional (SSP).<\/strong><\/p>\n<p>&nbsp;<\/p>\n<p>En septiembre se materializar\u00e1 el anhelado\u00a0<b>aumento de la PGU<\/b>\u00a0-que tambi\u00e9n se aplicar\u00e1 a exonerados pol\u00edticos-, el que llegar\u00e1 a los<strong> $250.000 mensuales<\/strong>\u00a0<b>(USD 265)<\/b><\/p>\n<p>para jubilados de m\u00e1s de <strong>82 a\u00f1os. <\/strong><\/p>\n<p>Un a\u00f1o despu\u00e9s -en septiembre de 2026-, cubrir\u00e1 tambi\u00e9n a los mayores de<strong> 75 a\u00f1os<\/strong> y el mismo mes de 2027 lo har\u00e1 para aquellos con <strong>65 a\u00f1os.<\/strong><\/p>\n<p>&nbsp;<\/p>\n<p>En\u00a0<b>enero de 2026<\/b>\u00a0comenzar\u00e1 tambi\u00e9n a pagarse el nuevo\u00a0<b>Seguro Social,<\/b>\u00a0que incluye una compensaci\u00f3n por a\u00f1os cotizados y un bono especial para mujeres por<\/p>\n<p>expectativa de vida, el que permitir\u00e1 equiparar su pensi\u00f3n a la de los hombres, siempre y cuando posean ahorros y un grupo familiar similar.<\/p>\n<p>&nbsp;<\/p>\n<p>Finalmente, en\u00a0<b>agosto de 2027<\/b>\u00a0se llevar\u00e1 a cabo la primera\u00a0<b>licitaci\u00f3n del stock de afiliados<\/b>, subast\u00e1ndose el 10% del universo total de adscritos al sistema a la AFP<\/p>\n<p>que ofrezca la comisi\u00f3n m\u00e1s competitiva, comisi\u00f3n que se deber\u00e1 mantener por cinco a\u00f1os.<strong> (I)<\/strong><\/p>\n<p>&nbsp;<\/p>\n<p><strong>Fuente:<\/strong> evafm.net &#8211; infobae.com<\/p>\n<p>&nbsp;<\/p>\n<p>&nbsp;<\/p>\n<p>&nbsp;<\/p>\n<div class=\"gsp_post_data\" \r\n\t            data-post_type=\"post\" \r\n\t            data-cat=\"general,noticias-internacionales,uncategorized\" \r\n\t            data-modified=\"120\"\r\n\t            data-created=\"1746225458\"\r\n\t            data-title=\"Comenz\u00f3 a regir en Chile la nueva Reforma de Pensiones\" \r\n\t            data-home=\"https:\/\/www.evafm.net\/sitio\"><\/div>","protected":false},"excerpt":{"rendered":"<p>Este 1 de mayo entr\u00f3 en vigor la\u00a0Reforma de Pensiones, una de las principales promesas de campa\u00f1a del Gobierno de\u00a0Gabriel Boric, la que establece de manera\u00a0gradual. varios cambios sustantivos como el aumento de la Pensi\u00f3n Garantizada Universal\u00a0(PGU), una nueva cotizaci\u00f3n final de un\u00a08,5% con cargo al empleador\u00a0y una compensaci\u00f3n a las mujeres\u00a0debido a su mayor&#8230;<\/p>\n","protected":false},"author":5,"featured_media":88649,"comment_status":"closed","ping_status":"open","sticky":false,"template":"","format":"standard","meta":{"_joinchat":[],"footnotes":""},"categories":[1720,1345,1],"tags":[],"class_list":["post-88617","post","type-post","status-publish","format-standard","has-post-thumbnail","hentry","category-general","category-noticias-internacionales","category-uncategorized","have-post-thumb"],"_links":{"self":[{"href":"https:\/\/www.evafm.net\/sitio\/wp-json\/wp\/v2\/posts\/88617","targetHints":{"allow":["GET"]}}],"collection":[{"href":"https:\/\/www.evafm.net\/sitio\/wp-json\/wp\/v2\/posts"}],"about":[{"href":"https:\/\/www.evafm.net\/sitio\/wp-json\/wp\/v2\/types\/post"}],"author":[{"embeddable":true,"href":"https:\/\/www.evafm.net\/sitio\/wp-json\/wp\/v2\/users\/5"}],"replies":[{"embeddable":true,"href":"https:\/\/www.evafm.net\/sitio\/wp-json\/wp\/v2\/comments?post=88617"}],"version-history":[{"count":1,"href":"https:\/\/www.evafm.net\/sitio\/wp-json\/wp\/v2\/posts\/88617\/revisions"}],"predecessor-version":[{"id":88650,"href":"https:\/\/www.evafm.net\/sitio\/wp-json\/wp\/v2\/posts\/88617\/revisions\/88650"}],"wp:featuredmedia":[{"embeddable":true,"href":"https:\/\/www.evafm.net\/sitio\/wp-json\/wp\/v2\/media\/88649"}],"wp:attachment":[{"href":"https:\/\/www.evafm.net\/sitio\/wp-json\/wp\/v2\/media?parent=88617"}],"wp:term":[{"taxonomy":"category","embeddable":true,"href":"https:\/\/www.evafm.net\/sitio\/wp-json\/wp\/v2\/categories?post=88617"},{"taxonomy":"post_tag","embeddable":true,"href":"https:\/\/www.evafm.net\/sitio\/wp-json\/wp\/v2\/tags?post=88617"}],"curies":[{"name":"wp","href":"https:\/\/api.w.org\/{rel}","templated":true}]}}