{"id":88620,"date":"2025-05-02T15:06:47","date_gmt":"2025-05-02T20:06:47","guid":{"rendered":"https:\/\/www.evafm.net\/sitio\/?p=88620"},"modified":"2025-05-02T15:06:47","modified_gmt":"2025-05-02T20:06:47","slug":"darwin-guagua-marco-con-idv-sub-19","status":"publish","type":"post","link":"https:\/\/www.evafm.net\/sitio\/darwin-guagua-marco-con-idv-sub-19\/","title":{"rendered":"Darwin Guagua marco con IDV Sub  19"},"content":{"rendered":"<p><strong>Darwin Guagua<\/strong> volvi\u00f3 a destacar este viernes tras marcar un gol con la categor\u00eda<strong> Sub-19 de Independiente del Valle<\/strong> en un duelo frente a <strong>Liga de Quito.<\/strong><\/p>\n<div class=\"td-a-ad id_inline_ad0 id_ad_content-horiz-center\">El joven contin\u00faa su proceso mientras busca estabilidad luego del controversial episodio que vivi\u00f3 recientemente con la selecci\u00f3n ecuatoriana.<\/div>\n<div><\/div>\n<div><\/div>\n<div><\/div>\n<div>Guagua debut\u00f3 oficialmente en Primera Divisi\u00f3n despu\u00e9s de haber sido alineado sorpresivamente por Ecuador en el partido amistoso frente a Chile<\/div>\n<div><\/div>\n<div>en las eliminatorias rumbo al <strong>Mundial 2026.<\/strong><\/div>\n<div><\/div>\n<div><\/div>\n<div><\/div>\n<div>Su inclusi\u00f3n en el once titular, sin haber tenido hasta ese momento minutos en la m\u00e1xima categor\u00eda, gener\u00f3 una fuerte ola de cr\u00edticas hacia el<\/div>\n<div><\/div>\n<div>cuerpo t\u00e9cnico de la selecci\u00f3n y expuso al futbolista a una presi\u00f3n desmedida.<\/div>\n<div><\/div>\n<div><\/div>\n<div><\/div>\n<div>El impacto emocional no fue menor. D\u00edas atr\u00e1s, el periodista<strong> Jos\u00e9 Alberto Molestina<\/strong> revel\u00f3 en el programa <strong>De Una<\/strong> que <strong>Guagua<\/strong> recibi\u00f3 apoyo<\/div>\n<div><\/div>\n<div>psicol\u00f3gico tras ese episodio. <strong>(D)<\/strong><\/div>\n<div><\/div>\n<div><\/div>\n<div><\/div>\n<div><\/div>\n<div><strong>Fuente<\/strong>: evafm.net &#8211; studiofutbol.com.ec<\/div>\n<div><\/div>\n<div><\/div>\n<div><\/div>\n<div><\/div>\n<div><\/div>\n<div><\/div>\n<div><\/div>\n<div class=\"gsp_post_data\" \r\n\t            data-post_type=\"post\" \r\n\t            data-cat=\"deportes-ecuador\" \r\n\t            data-modified=\"120\"\r\n\t            data-created=\"1746198407\"\r\n\t            data-title=\"Darwin Guagua marco con IDV Sub  19\" \r\n\t            data-home=\"https:\/\/www.evafm.net\/sitio\"><\/div>","protected":false},"excerpt":{"rendered":"<p>Darwin Guagua volvi\u00f3 a destacar este viernes tras marcar un gol con la categor\u00eda Sub-19 de Independiente del Valle en un duelo frente a Liga de Quito. El joven contin\u00faa su proceso mientras busca estabilidad luego del controversial episodio que vivi\u00f3 recientemente con la selecci\u00f3n ecuatoriana. Guagua debut\u00f3 oficialmente en Primera Divisi\u00f3n despu\u00e9s de haber&#8230;<\/p>\n","protected":false},"author":5,"featured_media":88621,"comment_status":"closed","ping_status":"open","sticky":false,"template":"","format":"standard","meta":{"_joinchat":[],"footnotes":""},"categories":[1557],"tags":[],"class_list":["post-88620","post","type-post","status-publish","format-standard","has-post-thumbnail","hentry","category-deportes-ecuador","have-post-thumb"],"_links":{"self":[{"href":"https:\/\/www.evafm.net\/sitio\/wp-json\/wp\/v2\/posts\/88620","targetHints":{"allow":["GET"]}}],"collection":[{"href":"https:\/\/www.evafm.net\/sitio\/wp-json\/wp\/v2\/posts"}],"about":[{"href":"https:\/\/www.evafm.net\/sitio\/wp-json\/wp\/v2\/types\/post"}],"author":[{"embeddable":true,"href":"https:\/\/www.evafm.net\/sitio\/wp-json\/wp\/v2\/users\/5"}],"replies":[{"embeddable":true,"href":"https:\/\/www.evafm.net\/sitio\/wp-json\/wp\/v2\/comments?post=88620"}],"version-history":[{"count":1,"href":"https:\/\/www.evafm.net\/sitio\/wp-json\/wp\/v2\/posts\/88620\/revisions"}],"predecessor-version":[{"id":88622,"href":"https:\/\/www.evafm.net\/sitio\/wp-json\/wp\/v2\/posts\/88620\/revisions\/88622"}],"wp:featuredmedia":[{"embeddable":true,"href":"https:\/\/www.evafm.net\/sitio\/wp-json\/wp\/v2\/media\/88621"}],"wp:attachment":[{"href":"https:\/\/www.evafm.net\/sitio\/wp-json\/wp\/v2\/media?parent=88620"}],"wp:term":[{"taxonomy":"category","embeddable":true,"href":"https:\/\/www.evafm.net\/sitio\/wp-json\/wp\/v2\/categories?post=88620"},{"taxonomy":"post_tag","embeddable":true,"href":"https:\/\/www.evafm.net\/sitio\/wp-json\/wp\/v2\/tags?post=88620"}],"curies":[{"name":"wp","href":"https:\/\/api.w.org\/{rel}","templated":true}]}}