{"id":88630,"date":"2025-05-02T15:35:58","date_gmt":"2025-05-02T20:35:58","guid":{"rendered":"https:\/\/www.evafm.net\/sitio\/?p=88630"},"modified":"2025-05-02T15:35:58","modified_gmt":"2025-05-02T20:35:58","slug":"el-ecuatoriano-martin-lopez-gano-la-sexta-etapa-vuelta-de-turquia","status":"publish","type":"post","link":"https:\/\/www.evafm.net\/sitio\/el-ecuatoriano-martin-lopez-gano-la-sexta-etapa-vuelta-de-turquia\/","title":{"rendered":"El ecuatoriano Mart\u00edn L\u00f3pez gan\u00f3 la sexta etapa Vuelta de Turqu\u00eda"},"content":{"rendered":"<p>El ecuatoriano<strong>\u00a0<a href=\"https:\/\/www.ecuavisa.com\/deportes\/ciclismo\/el-ecuatoriano-martin-lopez-gano-el-tour-de-grecia-KH9081084\">Harold Mart\u00edn L\u00f3pez<\/a>, del Astana Team,<\/strong> gan\u00f3 la sexta etapa de la\u00a0<b>Vuelta ciclista a Turqu\u00eda\u00a0<\/b>y se ubica en el <strong>segundo lugar<\/strong> de la<strong> clasificaci\u00f3n general<\/strong> de esta competencia.<\/p>\n<p>L\u00f3pez gan\u00f3 la etapa en solitario con tres segundos de margen sobre Poels, 11 sobre el noruego\u00a0<b>Johannes Kulset (Uno-X Mobility) y 13 sobre el espa\u00f1ol Abel Balderstone<\/b><\/p>\n<p><b> (Caja Rural-Seguros RGA)<\/b>.<\/p>\n<p>&nbsp;<\/p>\n<p>El tricolor y lo dem\u00e1s competidores recorrieron una distancia de 156 kil\u00f3metros en Sel\u00e7uk.<\/p>\n<p>Su compa\u00f1ero de equipo, el neerland\u00e9s\u00a0<b>Wout Poels, sigue de l\u00edder de esta carrera.<\/b><\/p>\n<p>&nbsp;<\/p>\n<p>El ecuatoriano busc\u00f3 el liderato en la carrera, pero<b>\u00a0Wou Poels\u00a0<\/b>se mantuvo firme, respondi\u00f3 al ataque de su compa\u00f1ero de equipo en el \u00faltimo kil\u00f3metro y sigue un d\u00eda m\u00e1s vestido de l\u00edder.<\/p>\n<p>&nbsp;<\/p>\n<p>Este s\u00e1bado se disputa la\u00a0<b>s\u00e9ptima y pen\u00faltima etapa<\/b>, de 144,2 kil\u00f3metros, entre Sel\u00e7uk y \u00c7e\u015fme.<strong>(D)<\/strong><\/p>\n<p>&nbsp;<\/p>\n<p><strong>Fuente:<\/strong> evafm.net &#8211; ecuavisa.com<\/p>\n<p>&nbsp;<\/p>\n<p>&nbsp;<\/p>\n<div class=\"gsp_post_data\" \r\n\t            data-post_type=\"post\" \r\n\t            data-cat=\"deportes-internacionales\" \r\n\t            data-modified=\"120\"\r\n\t            data-created=\"1746200158\"\r\n\t            data-title=\"El ecuatoriano Mart\u00edn L\u00f3pez gan\u00f3 la sexta etapa Vuelta de Turqu\u00eda\" \r\n\t            data-home=\"https:\/\/www.evafm.net\/sitio\"><\/div>","protected":false},"excerpt":{"rendered":"<p>El ecuatoriano\u00a0Harold Mart\u00edn L\u00f3pez, del Astana Team, gan\u00f3 la sexta etapa de la\u00a0Vuelta ciclista a Turqu\u00eda\u00a0y se ubica en el segundo lugar de la clasificaci\u00f3n general de esta competencia. L\u00f3pez gan\u00f3 la etapa en solitario con tres segundos de margen sobre Poels, 11 sobre el noruego\u00a0Johannes Kulset (Uno-X Mobility) y 13 sobre el espa\u00f1ol Abel&#8230;<\/p>\n","protected":false},"author":5,"featured_media":88631,"comment_status":"closed","ping_status":"open","sticky":false,"template":"","format":"standard","meta":{"_joinchat":[],"footnotes":""},"categories":[1342],"tags":[],"class_list":["post-88630","post","type-post","status-publish","format-standard","has-post-thumbnail","hentry","category-deportes-internacionales","have-post-thumb"],"_links":{"self":[{"href":"https:\/\/www.evafm.net\/sitio\/wp-json\/wp\/v2\/posts\/88630","targetHints":{"allow":["GET"]}}],"collection":[{"href":"https:\/\/www.evafm.net\/sitio\/wp-json\/wp\/v2\/posts"}],"about":[{"href":"https:\/\/www.evafm.net\/sitio\/wp-json\/wp\/v2\/types\/post"}],"author":[{"embeddable":true,"href":"https:\/\/www.evafm.net\/sitio\/wp-json\/wp\/v2\/users\/5"}],"replies":[{"embeddable":true,"href":"https:\/\/www.evafm.net\/sitio\/wp-json\/wp\/v2\/comments?post=88630"}],"version-history":[{"count":1,"href":"https:\/\/www.evafm.net\/sitio\/wp-json\/wp\/v2\/posts\/88630\/revisions"}],"predecessor-version":[{"id":88632,"href":"https:\/\/www.evafm.net\/sitio\/wp-json\/wp\/v2\/posts\/88630\/revisions\/88632"}],"wp:featuredmedia":[{"embeddable":true,"href":"https:\/\/www.evafm.net\/sitio\/wp-json\/wp\/v2\/media\/88631"}],"wp:attachment":[{"href":"https:\/\/www.evafm.net\/sitio\/wp-json\/wp\/v2\/media?parent=88630"}],"wp:term":[{"taxonomy":"category","embeddable":true,"href":"https:\/\/www.evafm.net\/sitio\/wp-json\/wp\/v2\/categories?post=88630"},{"taxonomy":"post_tag","embeddable":true,"href":"https:\/\/www.evafm.net\/sitio\/wp-json\/wp\/v2\/tags?post=88630"}],"curies":[{"name":"wp","href":"https:\/\/api.w.org\/{rel}","templated":true}]}}