{"id":88799,"date":"2025-05-08T14:43:24","date_gmt":"2025-05-08T19:43:24","guid":{"rendered":"https:\/\/www.evafm.net\/sitio\/?p=88799"},"modified":"2025-05-08T14:43:24","modified_gmt":"2025-05-08T19:43:24","slug":"por-que-hay-pocas-mascarillas-en-el-mercado-y-por-que-su-costo-subio","status":"publish","type":"post","link":"https:\/\/www.evafm.net\/sitio\/por-que-hay-pocas-mascarillas-en-el-mercado-y-por-que-su-costo-subio\/","title":{"rendered":"\u00bfPor qu\u00e9 hay pocas mascarillas en el mercado y por qu\u00e9 su costo subi\u00f3?"},"content":{"rendered":"<p>El brote de\u00a0<a href=\"https:\/\/www.ecuavisa.com\/metadatos\/-\/meta\/tosferina\" target=\"_blank\" rel=\"noopener noreferrer\">tosferina<\/a>\u00a0sorprendi\u00f3 a los importadores de mascarillas.<\/p>\n<p><b>No ten\u00edan stock para abastecer el pico de pedidos<\/b>\u00a0que empez\u00f3 desde el lunes 5 de mayo, con la exigencia de usarla en escuelas, colegios y otras entidades p\u00fablicas.<\/p>\n<div id=\"sunmedia-div\"><\/div>\n<p>&nbsp;<\/p>\n<p>En Quito, una empresa vendi\u00f3 el lunes y martes las reservas en bodegas para los pr\u00f3ximos ocho meses.<\/p>\n<p><b>Cajas de 50 unidades\u00a0<\/b>con un costo al por mayor de 1,58 centavos.<\/p>\n<p>&nbsp;<\/p>\n<p>\u00ab150 000 mascarillas se han vendido solo entre lunes y martes\u00bb, cont\u00f3<strong> Mishelle Garc\u00eda, de Futuriplast.<\/strong><\/p>\n<p>&nbsp;<\/p>\n<p><strong>Las mascarillas subir\u00e1n de precio:<\/strong><\/p>\n<p>La empresa pidi\u00f3 a China la anterior semana\u00a0<b>un mill\u00f3n de mascarillas<\/b>, pero el viaje y desaduanizarlas tardar\u00e1 un mes. Costar\u00e1n m\u00e1s, dice el importador porque<\/p>\n<p>la materia prima subi\u00f3.<\/p>\n<p>&nbsp;<\/p>\n<p>\u00abSer\u00eda de <strong>USD 3,80<\/strong> el valor de la caja, pero esperamos que como distribuidores directos tengamos un mejor precio para la ciudadan\u00eda\u00bb, a\u00f1adi\u00f3 <strong>Garc\u00eda.<\/strong><\/p>\n<p>&nbsp;<\/p>\n<p>Otras\u00a0<b>importadoras se quedaron sin stock<\/b>, pero dicen tener mercader\u00eda en el Puerto de Guayaquil para atender pedidos en<\/p>\n<p><strong> Pichincha, Guayas, Manab\u00ed y Santo Domingo.<\/strong><\/p>\n<p>&nbsp;<\/p>\n<p><strong>Proveedores prev\u00e9n que importaciones se disparen:<\/strong><\/p>\n<p>Hasta febrero de este a\u00f1o, Ecuador apenas import\u00f3 <strong>100 000 d\u00f3lares en mascarillas.<\/strong><\/p>\n<p>Los proveedores creen que la exigencia sanitaria disparar\u00e1 las\u00a0<b>importaciones <\/b>los pr\u00f3ximos cuatro meses.<\/p>\n<p>Calculan que ser\u00e1 por cerca de <strong>70 millones,<\/strong> la mitad de lo importado en 2020, con la pandemia del coronavirus.<\/p>\n<p>As\u00ed prev\u00e9n hacer frente a la especulaci\u00f3n por desabastecimiento.<strong>(I)<\/strong><\/p>\n<p>&nbsp;<\/p>\n<p><strong>Fuente:<\/strong> evafm.net &#8211; ecuavisa.com<\/p>\n<p>&nbsp;<\/p>\n<p>&nbsp;<\/p>\n<p>&nbsp;<\/p>\n<p>&nbsp;<\/p>\n<p>&nbsp;<\/p>\n<p>&nbsp;<\/p>\n<div class=\"gsp_post_data\" \r\n\t            data-post_type=\"post\" \r\n\t            data-cat=\"noticias-ecuador,uncategorized\" \r\n\t            data-modified=\"120\"\r\n\t            data-created=\"1746715404\"\r\n\t            data-title=\"\u00bfPor qu\u00e9 hay pocas mascarillas en el mercado y por qu\u00e9 su costo subi\u00f3?\" \r\n\t            data-home=\"https:\/\/www.evafm.net\/sitio\"><\/div>","protected":false},"excerpt":{"rendered":"<p>El brote de\u00a0tosferina\u00a0sorprendi\u00f3 a los importadores de mascarillas. No ten\u00edan stock para abastecer el pico de pedidos\u00a0que empez\u00f3 desde el lunes 5 de mayo, con la exigencia de usarla en escuelas, colegios y otras entidades p\u00fablicas. &nbsp; En Quito, una empresa vendi\u00f3 el lunes y martes las reservas en bodegas para los pr\u00f3ximos ocho meses&#8230;.<\/p>\n","protected":false},"author":5,"featured_media":88803,"comment_status":"closed","ping_status":"open","sticky":false,"template":"","format":"standard","meta":{"_joinchat":[],"footnotes":""},"categories":[1558,1],"tags":[],"class_list":["post-88799","post","type-post","status-publish","format-standard","has-post-thumbnail","hentry","category-noticias-ecuador","category-uncategorized","have-post-thumb"],"_links":{"self":[{"href":"https:\/\/www.evafm.net\/sitio\/wp-json\/wp\/v2\/posts\/88799","targetHints":{"allow":["GET"]}}],"collection":[{"href":"https:\/\/www.evafm.net\/sitio\/wp-json\/wp\/v2\/posts"}],"about":[{"href":"https:\/\/www.evafm.net\/sitio\/wp-json\/wp\/v2\/types\/post"}],"author":[{"embeddable":true,"href":"https:\/\/www.evafm.net\/sitio\/wp-json\/wp\/v2\/users\/5"}],"replies":[{"embeddable":true,"href":"https:\/\/www.evafm.net\/sitio\/wp-json\/wp\/v2\/comments?post=88799"}],"version-history":[{"count":1,"href":"https:\/\/www.evafm.net\/sitio\/wp-json\/wp\/v2\/posts\/88799\/revisions"}],"predecessor-version":[{"id":88804,"href":"https:\/\/www.evafm.net\/sitio\/wp-json\/wp\/v2\/posts\/88799\/revisions\/88804"}],"wp:featuredmedia":[{"embeddable":true,"href":"https:\/\/www.evafm.net\/sitio\/wp-json\/wp\/v2\/media\/88803"}],"wp:attachment":[{"href":"https:\/\/www.evafm.net\/sitio\/wp-json\/wp\/v2\/media?parent=88799"}],"wp:term":[{"taxonomy":"category","embeddable":true,"href":"https:\/\/www.evafm.net\/sitio\/wp-json\/wp\/v2\/categories?post=88799"},{"taxonomy":"post_tag","embeddable":true,"href":"https:\/\/www.evafm.net\/sitio\/wp-json\/wp\/v2\/tags?post=88799"}],"curies":[{"name":"wp","href":"https:\/\/api.w.org\/{rel}","templated":true}]}}