{"id":88808,"date":"2025-05-08T18:50:11","date_gmt":"2025-05-08T23:50:11","guid":{"rendered":"https:\/\/www.evafm.net\/sitio\/?p=88808"},"modified":"2025-05-08T18:50:11","modified_gmt":"2025-05-08T23:50:11","slug":"habemus-papam-leon-xiv-robert-prevost","status":"publish","type":"post","link":"https:\/\/www.evafm.net\/sitio\/habemus-papam-leon-xiv-robert-prevost\/","title":{"rendered":"\u00a1Habemus Papam! Le\u00f3n XIV, Robert Prevost:"},"content":{"rendered":"<p>Bajo la mirada de todo el mundo, apareci\u00f3\u00a0<b><a href=\"https:\/\/www.ecuavisa.com\/mundo\/conclave-inicio-eleccion-nuevo-papa-cardenales-XL9296220\" target=\"_blank\" rel=\"noopener noreferrer\">Robert Prevost<\/a><\/b>, el\u00a0<b><a href=\"https:\/\/www.ecuavisa.com\/mundo\/europa\/nuevo-papa-conclave-robert-prevost-JC9307218\" target=\"_blank\" rel=\"noopener noreferrer\">papa Le\u00f3n XIV<\/a><\/b>, en el balc\u00f3n de la Bas\u00edlica de San Pedro, donde dio su primer discurso como el\u00a0<b>m\u00e1ximo l\u00edder de la Iglesia Cat\u00f3lica<\/b>.<\/p>\n<p>El discurso fue conmovedor, entre l\u00e1grimas expres\u00f3 su emoci\u00f3n por la designaci\u00f3n. Adem\u00e1s, agradeci\u00f3 a su predecesor:\u00a0<b>\u00a1Gracias al papa Francisco!<\/b><\/p>\n<div id=\"sunmedia-div\"><\/div>\n<p>&nbsp;<\/p>\n<p>\u00abQueridos hermanos y hermanas,<b>\u00a0este es el primer saludo de Cristo resucitado<\/b>. Quisiera ofrecer un saludo de paz para sus familias, para todos ustedes, dondequiera que se encuentren.<\/p>\n<p>Que la paz sea con ustedes\u00bb, expres\u00f3 en italiano.<\/p>\n<p>\u00ab<b>La humanidad necesita a Cristo como puente para ser alcanzada por Dios y su amor<\/b>. Ay\u00fadennos, y ay\u00fadense unos a otros, a construir puentes\u00bb, proclam\u00f3.<\/p>\n<p>&nbsp;<\/p>\n<p><strong>Las palabras en espa\u00f1ol en el primer discurso de Le\u00f3n XIV:<\/strong><\/p>\n<p>Tambi\u00e9n dio unas emotivas palabras en espa\u00f1ol.<\/p>\n<p>Agradeci\u00f3 a la Di\u00f3cesis de\u00a0<b>Chiclayo, en Per\u00fa<\/b>, \u00abdonde un pueblo leal ha compartido su fe y ha dado mucho\u00bb.<\/p>\n<p>Seg\u00fan el diario El Comercio de Per\u00fa, en 2014 el papa Francisco lo nombr\u00f3 administrador apost\u00f3lico de la\u00a0<b>Di\u00f3cesis de Chiclayo<\/b>.<\/p>\n<p>A partir de ese cargo, anunci\u00f3 su nacionalizaci\u00f3n peruana y obtuvo su DNI, lo que le consagr\u00f3 como obispo de la ciudad en 2015.<strong>(I)<\/strong><\/p>\n<p>&nbsp;<\/p>\n<p><iframe title=\"Robert Prevost, estadounidense y con nacionalidad peruana, es el nuevo papa Le\u00f3n XIV\" width=\"1200\" height=\"675\" src=\"https:\/\/www.youtube.com\/embed\/WYklSlgXWvE?feature=oembed\" frameborder=\"0\" allow=\"accelerometer; autoplay; clipboard-write; encrypted-media; gyroscope; picture-in-picture; web-share\" referrerpolicy=\"strict-origin-when-cross-origin\" allowfullscreen><\/iframe><\/p>\n<p>&nbsp;<\/p>\n<p>&nbsp;<\/p>\n<p>Fuente: evafm.net &#8211; youtube.com<\/p>\n<p>&nbsp;<\/p>\n<p>&nbsp;<\/p>\n<div class=\"gsp_post_data\" \r\n\t            data-post_type=\"post\" \r\n\t            data-cat=\"general,noticias-internacionales,uncategorized\" \r\n\t            data-modified=\"120\"\r\n\t            data-created=\"1746730211\"\r\n\t            data-title=\"\u00a1Habemus Papam! Le\u00f3n XIV, Robert Prevost:\" \r\n\t            data-home=\"https:\/\/www.evafm.net\/sitio\"><\/div>","protected":false},"excerpt":{"rendered":"<p>Bajo la mirada de todo el mundo, apareci\u00f3\u00a0Robert Prevost, el\u00a0papa Le\u00f3n XIV, en el balc\u00f3n de la Bas\u00edlica de San Pedro, donde dio su primer discurso como el\u00a0m\u00e1ximo l\u00edder de la Iglesia Cat\u00f3lica. El discurso fue conmovedor, entre l\u00e1grimas expres\u00f3 su emoci\u00f3n por la designaci\u00f3n. Adem\u00e1s, agradeci\u00f3 a su predecesor:\u00a0\u00a1Gracias al papa Francisco! &nbsp; \u00abQueridos&#8230;<\/p>\n","protected":false},"author":5,"featured_media":88828,"comment_status":"closed","ping_status":"open","sticky":false,"template":"","format":"standard","meta":{"_joinchat":[],"footnotes":""},"categories":[1720,1345,1],"tags":[],"class_list":["post-88808","post","type-post","status-publish","format-standard","has-post-thumbnail","hentry","category-general","category-noticias-internacionales","category-uncategorized","have-post-thumb"],"_links":{"self":[{"href":"https:\/\/www.evafm.net\/sitio\/wp-json\/wp\/v2\/posts\/88808","targetHints":{"allow":["GET"]}}],"collection":[{"href":"https:\/\/www.evafm.net\/sitio\/wp-json\/wp\/v2\/posts"}],"about":[{"href":"https:\/\/www.evafm.net\/sitio\/wp-json\/wp\/v2\/types\/post"}],"author":[{"embeddable":true,"href":"https:\/\/www.evafm.net\/sitio\/wp-json\/wp\/v2\/users\/5"}],"replies":[{"embeddable":true,"href":"https:\/\/www.evafm.net\/sitio\/wp-json\/wp\/v2\/comments?post=88808"}],"version-history":[{"count":1,"href":"https:\/\/www.evafm.net\/sitio\/wp-json\/wp\/v2\/posts\/88808\/revisions"}],"predecessor-version":[{"id":88829,"href":"https:\/\/www.evafm.net\/sitio\/wp-json\/wp\/v2\/posts\/88808\/revisions\/88829"}],"wp:featuredmedia":[{"embeddable":true,"href":"https:\/\/www.evafm.net\/sitio\/wp-json\/wp\/v2\/media\/88828"}],"wp:attachment":[{"href":"https:\/\/www.evafm.net\/sitio\/wp-json\/wp\/v2\/media?parent=88808"}],"wp:term":[{"taxonomy":"category","embeddable":true,"href":"https:\/\/www.evafm.net\/sitio\/wp-json\/wp\/v2\/categories?post=88808"},{"taxonomy":"post_tag","embeddable":true,"href":"https:\/\/www.evafm.net\/sitio\/wp-json\/wp\/v2\/tags?post=88808"}],"curies":[{"name":"wp","href":"https:\/\/api.w.org\/{rel}","templated":true}]}}