{"id":88838,"date":"2025-05-09T21:11:35","date_gmt":"2025-05-10T02:11:35","guid":{"rendered":"https:\/\/www.evafm.net\/sitio\/?p=88838"},"modified":"2025-05-09T21:12:11","modified_gmt":"2025-05-10T02:12:11","slug":"diosdado-cabello-acuso-a-petro-de-actuar-como-enemigo-de-venezuela","status":"publish","type":"post","link":"https:\/\/www.evafm.net\/sitio\/diosdado-cabello-acuso-a-petro-de-actuar-como-enemigo-de-venezuela\/","title":{"rendered":"Diosdado Cabello acus\u00f3 a Petro de actuar como enemigo de Venezuela"},"content":{"rendered":"<p>El ministro del Interior de Venezuela, <strong>Diosdado Cabello<\/strong>, lanz\u00f3 duras cr\u00edticas contra el gobierno del presidente colombiano <strong>Gustavo Petro<\/strong>, al que acus\u00f3 de fomentar <strong>el cultivo de coca.<\/strong><\/p>\n<p><strong> y marihuana en Colombia.<\/strong><\/p>\n<p><b>Adem\u00e1s, sostuvo que el narcotr\u00e1fico constituye la \u201c\u00fanica industria\u201d del pa\u00eds vecino<\/b>, en declaraciones que han elevado nuevamente la tensi\u00f3n entre <strong>Caracas y Bogot\u00e1.<\/strong><\/p>\n<p>&nbsp;<\/p>\n<p class=\"paragraph\" data-mrf-recirculation=\"Links inline\">Durante la emisi\u00f3n de su programa semanal, Cabello afirm\u00f3 que las autoridades colombianas no solo permiten, sino que promueven el desarrollo de cultivos il\u00edcitos, lo que, a su juicio<\/p>\n<p class=\"paragraph\" data-mrf-recirculation=\"Links inline\">alimenta una narrativa que mantiene a Colombia en una situaci\u00f3n de dependencia estructural hacia los <strong>Estados Unidos.<\/strong><\/p>\n<div class=\"inline_2_DSK ad-wrapper ad-desktop\">\n<div class=\"dfpAd ad-inline\"><\/div>\n<\/div>\n<p class=\"paragraph\" data-mrf-recirculation=\"Links inline\">\u201cColombia tiene grandes problemas como el narcotr\u00e1fico y el sicariato; no tienen moral para opinar de Venezuela.<\/p>\n<p class=\"paragraph\" data-mrf-recirculation=\"Links inline\">Que resuelvan sus problemas primero\u201d, enfatiz\u00f3 el dirigente chavista.<\/p>\n<p class=\"paragraph\" data-mrf-recirculation=\"Links inline\"><strong>\u201cPareciera que fueron enemigos de Venezuela\u201d<\/strong><\/p>\n<p data-mrf-recirculation=\"Links inline\"><b>Cabello fue m\u00e1s all\u00e1 y sostuvo que el Ejecutivo colombiano, encabezado por Petro, ha adoptado posturas y tomado decisiones que dan la impresi\u00f3n de que Venezuela <\/b><\/p>\n<p data-mrf-recirculation=\"Links inline\"><b>es un pa\u00eds enemigo<\/b>, a pesar de los esfuerzos que, seg\u00fan \u00e9l, ha hecho el Gobierno venezolano para mantener relaciones constructivas con Colombia.<\/p>\n<p class=\"paragraph\" data-mrf-recirculation=\"Links inline\">\u201cA veces parece que fu\u00e9ramos sus enemigos, pero nosotros no lo somos.<\/p>\n<p class=\"paragraph\" data-mrf-recirculation=\"Links inline\">M\u00e1s bien, hemos ayudado para que alcancen la paz\u201d, agreg\u00f3, en referencia al papel que Venezuela ha desempe\u00f1ado en los procesos de paz con las guerrillas colombianas.<\/p>\n<p class=\"paragraph\" data-mrf-recirculation=\"Links inline\">Tambi\u00e9n destac\u00f3 la importancia de los expresidentes venezolanos en la historia reciente de Colombia, se\u00f1alando que tanto Hugo Ch\u00e1vez como el actual mandatario, Nicol\u00e1s Maduro<\/p>\n<p class=\"paragraph\" data-mrf-recirculation=\"Links inline\"><b>han sido piezas clave en el desarrollo y la consolidaci\u00f3n de los acuerdos de paz.<\/b><\/p>\n<p class=\"paragraph\" data-mrf-recirculation=\"Links inline\">Sin la mediaci\u00f3n y el respaldo de Venezuela, asegur\u00f3 Cabello, dichos avances no habr\u00edan sido posibles.<\/p>\n<p class=\"paragraph\" data-mrf-recirculation=\"Links inline\">El ministro del Interior tambi\u00e9n arremeti\u00f3 contra las autoridades colombianas por lo que consider\u00f3 una gesti\u00f3n ineficaz de los problemas internos del pa\u00eds, incluyendo el narcotr\u00e1fico<\/p>\n<p class=\"paragraph\" data-mrf-recirculation=\"Links inline\">la delincuencia y el sicariato, fen\u00f3menos que, seg\u00fan dijo, contin\u00faan desbordando la capacidad institucional de Colombia.<\/p>\n<p class=\"paragraph\" data-mrf-recirculation=\"Links inline\">En su opini\u00f3n, Bogot\u00e1 deber\u00eda enfocarse en resolver estos desaf\u00edos estructurales antes de \u201cinmiscuirse en los asuntos internos de Venezuela\u201d.<\/p>\n<p class=\"paragraph\" data-mrf-recirculation=\"Links inline\">Adem\u00e1s, advirti\u00f3 que la postura del Gobierno colombiano, en su criterio,\u00a0<b>est\u00e1 alineada con los intereses geopol\u00edticos de Estados Unidos<\/b>, lo que compromete la soberan\u00eda<\/p>\n<p class=\"paragraph\" data-mrf-recirculation=\"Links inline\">y la autonom\u00eda de Colombia.<\/p>\n<p class=\"paragraph\" data-mrf-recirculation=\"Links inline\">En otro tramo de su intervenci\u00f3n, Cabello hizo referencia al accionar del Gobierno venezolano en relaci\u00f3n con el Tren de Aragua, una banda criminal transnacional que se origin\u00f3<\/p>\n<p class=\"paragraph\" data-mrf-recirculation=\"Links inline\">en una prisi\u00f3n venezolana y que ha expandido sus operaciones a varios pa\u00edses de la regi\u00f3n.<\/p>\n<p class=\"paragraph\" data-mrf-recirculation=\"Links inline\"><strong>La presunta protecci\u00f3n de Duque, Pastrana y Uribe al Tren de Aragua:<\/strong><\/p>\n<p class=\"paragraph\" data-mrf-recirculation=\"Links inline\">Cabello afirm\u00f3 que su gobierno hab\u00eda proporcionado informaci\u00f3n precisa a las autoridades colombianas sobre la ubicaci\u00f3n de 16 miembros de esta organizaci\u00f3n delictiva.<\/p>\n<p class=\"paragraph\" data-mrf-recirculation=\"Links inline\">Sin embargo, denunci\u00f3 que, a pesar de la colaboraci\u00f3n de Caracas, solo uno de estos individuos fue capturado, mientras que los dem\u00e1s quedaron en libertad.<\/p>\n<p class=\"paragraph\" data-mrf-recirculation=\"Links inline\"><b>Adem\u00e1s, acus\u00f3 a expresidentes colombianos, incluidos Iv\u00e1n Duque, Juan Manuel Santos, \u00c1lvaro Uribe y Andr\u00e9s Pastrana<\/b>, de haber ofrecido protecci\u00f3n a estos criminales.<\/p>\n<div class=\"undefined ad-wrapper\">\n<div class=\"dfpAd \">\n<div id=\"infobae\/colombia\/nota\/undefined\" class=\"infobae\/colombia\/nota\/undefined arcad\"><\/div>\n<\/div>\n<\/div>\n<p class=\"paragraph\" data-mrf-recirculation=\"Links inline\">El Tren de Aragua, declarado oficialmente desmantelado por las autoridades venezolanas en septiembre de 2023, ha sido vinculado a m\u00faltiples actividades il\u00edcitas, desde el<\/p>\n<p class=\"paragraph\" data-mrf-recirculation=\"Links inline\">tr\u00e1fico de drogas y armas hasta la trata de personas y el secuestro, extendiendo su influencia por varios pa\u00edses latinoamericanos.<\/p>\n<p class=\"paragraph\" data-mrf-recirculation=\"Links inline\">Cabello cuestion\u00f3 la aparente inacci\u00f3n del Estado colombiano frente a esta amenaza y sugiri\u00f3 que no se han adoptado medidas contundentes para erradicar por completo<\/p>\n<p class=\"paragraph\" data-mrf-recirculation=\"Links inline\">su presencia en territorio colombiano.<\/p>\n<p class=\"paragraph\" data-mrf-recirculation=\"Links inline\">Por su parte,\u00a0<b>el presidente Nicol\u00e1s Maduro tambi\u00e9n ha abordado p\u00fablicamente la relaci\u00f3n con Colombia.<\/b><\/p>\n<p class=\"paragraph\" data-mrf-recirculation=\"Links inline\">El pasado 30 de abril, Maduro lament\u00f3 que desde Bogot\u00e1 no se le da respuesta a los intentos de Caracas de establecer canales de comunicaci\u00f3n para abordar temas cr\u00edticos como<\/p>\n<p class=\"paragraph\" data-mrf-recirculation=\"Links inline\">el narcotr\u00e1fico, la violencia y la presencia de grupos irregulares que, seg\u00fan el mandatario venezolano, tienen su origen en Colombia.<\/p>\n<p class=\"paragraph\" data-mrf-recirculation=\"Links inline\">Ante esta situaci\u00f3n, Maduro hizo un llamado a la Fuerza Armada Nacional Bolivariana (Fanb) para que refuerce la protecci\u00f3n de la frontera com\u00fan, que se extiende a lo largo de<\/p>\n<p class=\"paragraph\" data-mrf-recirculation=\"Links inline\">2.219 kil\u00f3metros,\u00a0<b>y para garantizar que el territorio venezolano permanezca libre de violencia y de las actividades vinculadas al narcotr\u00e1fico. (I)<\/b><\/p>\n<p data-mrf-recirculation=\"Links inline\"><strong>Fuente:<\/strong> evafm.net &#8211; infobae.com<\/p>\n<div class=\"gsp_post_data\" \r\n\t            data-post_type=\"post\" \r\n\t            data-cat=\"general,noticias-internacionales,uncategorized\" \r\n\t            data-modified=\"120\"\r\n\t            data-created=\"1746825095\"\r\n\t            data-title=\"Diosdado Cabello acus\u00f3 a Petro de actuar como enemigo de Venezuela\" \r\n\t            data-home=\"https:\/\/www.evafm.net\/sitio\"><\/div>","protected":false},"excerpt":{"rendered":"<p>El ministro del Interior de Venezuela, Diosdado Cabello, lanz\u00f3 duras cr\u00edticas contra el gobierno del presidente colombiano Gustavo Petro, al que acus\u00f3 de fomentar el cultivo de coca. y marihuana en Colombia. Adem\u00e1s, sostuvo que el narcotr\u00e1fico constituye la \u201c\u00fanica industria\u201d del pa\u00eds vecino, en declaraciones que han elevado nuevamente la tensi\u00f3n entre Caracas y&#8230;<\/p>\n","protected":false},"author":5,"featured_media":88858,"comment_status":"closed","ping_status":"open","sticky":false,"template":"","format":"standard","meta":{"_joinchat":[],"footnotes":""},"categories":[1720,1345,1],"tags":[],"class_list":["post-88838","post","type-post","status-publish","format-standard","has-post-thumbnail","hentry","category-general","category-noticias-internacionales","category-uncategorized","have-post-thumb"],"_links":{"self":[{"href":"https:\/\/www.evafm.net\/sitio\/wp-json\/wp\/v2\/posts\/88838","targetHints":{"allow":["GET"]}}],"collection":[{"href":"https:\/\/www.evafm.net\/sitio\/wp-json\/wp\/v2\/posts"}],"about":[{"href":"https:\/\/www.evafm.net\/sitio\/wp-json\/wp\/v2\/types\/post"}],"author":[{"embeddable":true,"href":"https:\/\/www.evafm.net\/sitio\/wp-json\/wp\/v2\/users\/5"}],"replies":[{"embeddable":true,"href":"https:\/\/www.evafm.net\/sitio\/wp-json\/wp\/v2\/comments?post=88838"}],"version-history":[{"count":1,"href":"https:\/\/www.evafm.net\/sitio\/wp-json\/wp\/v2\/posts\/88838\/revisions"}],"predecessor-version":[{"id":88859,"href":"https:\/\/www.evafm.net\/sitio\/wp-json\/wp\/v2\/posts\/88838\/revisions\/88859"}],"wp:featuredmedia":[{"embeddable":true,"href":"https:\/\/www.evafm.net\/sitio\/wp-json\/wp\/v2\/media\/88858"}],"wp:attachment":[{"href":"https:\/\/www.evafm.net\/sitio\/wp-json\/wp\/v2\/media?parent=88838"}],"wp:term":[{"taxonomy":"category","embeddable":true,"href":"https:\/\/www.evafm.net\/sitio\/wp-json\/wp\/v2\/categories?post=88838"},{"taxonomy":"post_tag","embeddable":true,"href":"https:\/\/www.evafm.net\/sitio\/wp-json\/wp\/v2\/tags?post=88838"}],"curies":[{"name":"wp","href":"https:\/\/api.w.org\/{rel}","templated":true}]}}