{"id":88839,"date":"2025-05-09T21:14:48","date_gmt":"2025-05-10T02:14:48","guid":{"rendered":"https:\/\/www.evafm.net\/sitio\/?p=88839"},"modified":"2025-05-09T21:14:48","modified_gmt":"2025-05-10T02:14:48","slug":"beccacece-apuesta-por-guayaquil","status":"publish","type":"post","link":"https:\/\/www.evafm.net\/sitio\/beccacece-apuesta-por-guayaquil\/","title":{"rendered":"Beccacece apuesta por Guayaquil:"},"content":{"rendered":"<p><strong>Sebasti\u00e1n Beccacece,<\/strong> director t\u00e9cnico de la selecci\u00f3n ecuatoriana, explic\u00f3 en una entrevista con <strong>Radio Centro<\/strong> los motivos por los cuales la<strong> Tri enfrentar\u00e1 a Brasil y Argentina en Guayaquil.<\/strong><\/p>\n<p>por las Eliminatorias rumbo al <strong>Mundial 2026,<\/strong> en las fechas de julio y septiembre, respectivamente.<\/p>\n<p>&nbsp;<\/p>\n<p>\u201cCuando vinimos con Bolivia ac\u00e1, nos llevamos una linda sensaci\u00f3n.<\/p>\n<p>Contra Venezuela cre\u00edmos oportuno jugar en la altura por un cierto grado de trabajar en la <strong>&#8216;incomodidad&#8217;,<\/strong> ya que dos o tres jugadores se expresaron que se sintieron m\u00e1s c\u00f3modos en la costa<\/p>\n<p>cosa que me encant\u00f3\u201d, afirm\u00f3 el estratega argentino, en referencia al \u00faltimo partido jugado en el <strong>Estadio Monumental de Barcelona SC.<\/strong><\/p>\n<p>&nbsp;<\/p>\n<p>Beccacece tambi\u00e9n dej\u00f3 claro que la decisi\u00f3n de llevar los pr\u00f3ximos duelos a la costa responde a una convicci\u00f3n de competir en igualdad de condiciones contra las selecciones m\u00e1s poderosas<\/p>\n<p>del continente.<\/p>\n<p><strong>\u201cEs el momento de intentar, ante estas dos selecciones que siempre han estado arriba, de probarnos de igual a igual, ya no de tener excusa al clima&#8230; <\/strong><\/p>\n<p><strong>La idea es tener un equipo que est\u00e9 preparado para todo. <\/strong><\/p>\n<p><strong>Nosotros tambi\u00e9n podemos y creemos\u201d, asegur\u00f3.<\/strong><\/p>\n<p>&nbsp;<\/p>\n<p>Con estas declaraciones, el t\u00e9cnico reafirma su intenci\u00f3n de construir un equipo competitivo en cualquier contexto, alej\u00e1ndose de la dependencia de la altura de Quito, hist\u00f3ricamente<\/p>\n<p>un factor clave en la local\u00eda ecuatoriana.<\/p>\n<p>La Tri enfrentar\u00e1 a Brasil en julio y a Argentina en septiembre, ambos partidos en el <strong>Estadio Monumental de Guayaquil. (D)<\/strong><\/p>\n<p>&nbsp;<\/p>\n<p><iframe title=\"EXCLUSIVA | Entrevista con el DT de Ecuador - Sebasti\u00e1n Beccacece\" width=\"1200\" height=\"675\" src=\"https:\/\/www.youtube.com\/embed\/8msLm_1FhXc?feature=oembed\" frameborder=\"0\" allow=\"accelerometer; autoplay; clipboard-write; encrypted-media; gyroscope; picture-in-picture; web-share\" referrerpolicy=\"strict-origin-when-cross-origin\" allowfullscreen><\/iframe><\/p>\n<p>&nbsp;<\/p>\n<p>Fuente: evafm.net &#8211; studiofutbol.com<\/p>\n<p>&nbsp;<\/p>\n<p>&nbsp;<\/p>\n<div class=\"gsp_post_data\" \r\n\t            data-post_type=\"post\" \r\n\t            data-cat=\"deportes-ecuador,general\" \r\n\t            data-modified=\"120\"\r\n\t            data-created=\"1746825288\"\r\n\t            data-title=\"Beccacece apuesta por Guayaquil:\" \r\n\t            data-home=\"https:\/\/www.evafm.net\/sitio\"><\/div>","protected":false},"excerpt":{"rendered":"<p>Sebasti\u00e1n Beccacece, director t\u00e9cnico de la selecci\u00f3n ecuatoriana, explic\u00f3 en una entrevista con Radio Centro los motivos por los cuales la Tri enfrentar\u00e1 a Brasil y Argentina en Guayaquil. por las Eliminatorias rumbo al Mundial 2026, en las fechas de julio y septiembre, respectivamente. &nbsp; \u201cCuando vinimos con Bolivia ac\u00e1, nos llevamos una linda sensaci\u00f3n&#8230;.<\/p>\n","protected":false},"author":5,"featured_media":88862,"comment_status":"closed","ping_status":"open","sticky":false,"template":"","format":"standard","meta":{"_joinchat":[],"footnotes":""},"categories":[1557,1720],"tags":[],"class_list":["post-88839","post","type-post","status-publish","format-standard","has-post-thumbnail","hentry","category-deportes-ecuador","category-general","have-post-thumb"],"_links":{"self":[{"href":"https:\/\/www.evafm.net\/sitio\/wp-json\/wp\/v2\/posts\/88839","targetHints":{"allow":["GET"]}}],"collection":[{"href":"https:\/\/www.evafm.net\/sitio\/wp-json\/wp\/v2\/posts"}],"about":[{"href":"https:\/\/www.evafm.net\/sitio\/wp-json\/wp\/v2\/types\/post"}],"author":[{"embeddable":true,"href":"https:\/\/www.evafm.net\/sitio\/wp-json\/wp\/v2\/users\/5"}],"replies":[{"embeddable":true,"href":"https:\/\/www.evafm.net\/sitio\/wp-json\/wp\/v2\/comments?post=88839"}],"version-history":[{"count":1,"href":"https:\/\/www.evafm.net\/sitio\/wp-json\/wp\/v2\/posts\/88839\/revisions"}],"predecessor-version":[{"id":88863,"href":"https:\/\/www.evafm.net\/sitio\/wp-json\/wp\/v2\/posts\/88839\/revisions\/88863"}],"wp:featuredmedia":[{"embeddable":true,"href":"https:\/\/www.evafm.net\/sitio\/wp-json\/wp\/v2\/media\/88862"}],"wp:attachment":[{"href":"https:\/\/www.evafm.net\/sitio\/wp-json\/wp\/v2\/media?parent=88839"}],"wp:term":[{"taxonomy":"category","embeddable":true,"href":"https:\/\/www.evafm.net\/sitio\/wp-json\/wp\/v2\/categories?post=88839"},{"taxonomy":"post_tag","embeddable":true,"href":"https:\/\/www.evafm.net\/sitio\/wp-json\/wp\/v2\/tags?post=88839"}],"curies":[{"name":"wp","href":"https:\/\/api.w.org\/{rel}","templated":true}]}}