{"id":88841,"date":"2025-05-09T14:08:35","date_gmt":"2025-05-09T19:08:35","guid":{"rendered":"https:\/\/www.evafm.net\/sitio\/?p=88841"},"modified":"2025-05-09T14:08:35","modified_gmt":"2025-05-09T19:08:35","slug":"brasil-espera-por-ancelotti","status":"publish","type":"post","link":"https:\/\/www.evafm.net\/sitio\/brasil-espera-por-ancelotti\/","title":{"rendered":"Brasil espera por Ancelotti"},"content":{"rendered":"<p>El periodista italiano <strong>Fabrizio Romano<\/strong> revel\u00f3 este jueves en su cuenta de X (antes Twitter) que el acuerdo verbal entre<strong> Carlo Ancelotti<\/strong> y la <strong>Confederaci\u00f3n Brasile\u00f1a de F\u00fatbol (CBF).<\/strong><\/p>\n<p>para dirigir a la selecci\u00f3n rumbo al Mundial de 2026 sigue vigente y listo para ser firmado.<\/p>\n<p>La intenci\u00f3n del entrenador italiano es dar el paso definitivo tras cumplir su ciclo actual en el <strong>Real Madrid.<\/strong><\/p>\n<p>&nbsp;<\/p>\n<p>\u201cEl acuerdo verbal de Carlo Ancelotti con Brasil para el Mundial 2026 sigue vigente y disponible para ser firmado\u201d, escribi\u00f3 Romano.<\/p>\n<p>&nbsp;<\/p>\n<p>El reconocido comunicador detall\u00f3 que el proceso se ha retrasado por cuestiones de tiempos entre la CBF y el Real Madrid, pero que Ancelotti avanzar\u00e1 con los pasos para su salida<\/p>\n<p>despu\u00e9s del Cl\u00e1sico ante el <strong>FC Barcelona. <\/strong><\/p>\n<p>Desde la federaci\u00f3n brasile\u00f1a siguen esperando que se formalice su incorporaci\u00f3n.<\/p>\n<p>De concretarse, el italiano se convertir\u00eda en el primer t\u00e9cnico europeo en dirigir a la selecci\u00f3n brasile\u00f1a en d\u00e9cadas. Ancelotti, uno de los entrenadores m\u00e1s laureados del f\u00fatbol moderno<\/p>\n<p>ser\u00eda el encargado de devolver a Brasil al protagonismo mundial con miras a la cita en<strong> Estados Unidos, M\u00e9xico y Canad\u00e1. (D)<\/strong><\/p>\n<p>&nbsp;<\/p>\n<p><strong>Fuente:<\/strong> evafm.net &#8211; studiofutbol.com.ec<\/p>\n<div class=\"gsp_post_data\" \r\n\t            data-post_type=\"post\" \r\n\t            data-cat=\"deportes-internacionales\" \r\n\t            data-modified=\"120\"\r\n\t            data-created=\"1746799715\"\r\n\t            data-title=\"Brasil espera por Ancelotti\" \r\n\t            data-home=\"https:\/\/www.evafm.net\/sitio\"><\/div>","protected":false},"excerpt":{"rendered":"<p>El periodista italiano Fabrizio Romano revel\u00f3 este jueves en su cuenta de X (antes Twitter) que el acuerdo verbal entre Carlo Ancelotti y la Confederaci\u00f3n Brasile\u00f1a de F\u00fatbol (CBF). para dirigir a la selecci\u00f3n rumbo al Mundial de 2026 sigue vigente y listo para ser firmado. La intenci\u00f3n del entrenador italiano es dar el paso&#8230;<\/p>\n","protected":false},"author":5,"featured_media":88842,"comment_status":"closed","ping_status":"open","sticky":false,"template":"","format":"standard","meta":{"_joinchat":[],"footnotes":""},"categories":[1342],"tags":[],"class_list":["post-88841","post","type-post","status-publish","format-standard","has-post-thumbnail","hentry","category-deportes-internacionales","have-post-thumb"],"_links":{"self":[{"href":"https:\/\/www.evafm.net\/sitio\/wp-json\/wp\/v2\/posts\/88841","targetHints":{"allow":["GET"]}}],"collection":[{"href":"https:\/\/www.evafm.net\/sitio\/wp-json\/wp\/v2\/posts"}],"about":[{"href":"https:\/\/www.evafm.net\/sitio\/wp-json\/wp\/v2\/types\/post"}],"author":[{"embeddable":true,"href":"https:\/\/www.evafm.net\/sitio\/wp-json\/wp\/v2\/users\/5"}],"replies":[{"embeddable":true,"href":"https:\/\/www.evafm.net\/sitio\/wp-json\/wp\/v2\/comments?post=88841"}],"version-history":[{"count":1,"href":"https:\/\/www.evafm.net\/sitio\/wp-json\/wp\/v2\/posts\/88841\/revisions"}],"predecessor-version":[{"id":88843,"href":"https:\/\/www.evafm.net\/sitio\/wp-json\/wp\/v2\/posts\/88841\/revisions\/88843"}],"wp:featuredmedia":[{"embeddable":true,"href":"https:\/\/www.evafm.net\/sitio\/wp-json\/wp\/v2\/media\/88842"}],"wp:attachment":[{"href":"https:\/\/www.evafm.net\/sitio\/wp-json\/wp\/v2\/media?parent=88841"}],"wp:term":[{"taxonomy":"category","embeddable":true,"href":"https:\/\/www.evafm.net\/sitio\/wp-json\/wp\/v2\/categories?post=88841"},{"taxonomy":"post_tag","embeddable":true,"href":"https:\/\/www.evafm.net\/sitio\/wp-json\/wp\/v2\/tags?post=88841"}],"curies":[{"name":"wp","href":"https:\/\/api.w.org\/{rel}","templated":true}]}}