{"id":88885,"date":"2025-05-11T14:10:28","date_gmt":"2025-05-11T19:10:28","guid":{"rendered":"https:\/\/www.evafm.net\/sitio\/?p=88885"},"modified":"2025-05-11T14:10:28","modified_gmt":"2025-05-11T19:10:28","slug":"ligapro-dispuso-un-minuto-de-silencio-por-los-11-militares-caidos-en-orellana","status":"publish","type":"post","link":"https:\/\/www.evafm.net\/sitio\/ligapro-dispuso-un-minuto-de-silencio-por-los-11-militares-caidos-en-orellana\/","title":{"rendered":"LigaPro dispuso un minuto de silencio por los 11 militares ca\u00eddos en Orellana"},"content":{"rendered":"<p><strong>La Liga Profesional de F\u00fatbol del Ecuador (LigaPro)<\/strong> anunci\u00f3 que, este s\u00e1bado 10 de mayo de 2025, se rendir\u00e1 un homenaje en los partidos restantes de la <strong>fecha 12 de la Serie A <\/strong><\/p>\n<p>en memoria de los<strong> 11 militares de la Brigada de Selva 19 Napo<\/strong>, quienes fueron asesinados en el sector <strong>Alto Punino<\/strong>, <strong>provincia de Orellana.<\/strong><\/p>\n<p>&nbsp;<\/p>\n<div id=\"tdi_284\" class=\"tdc-row stretch_row_1400 td-stretch-content\">\n<div class=\"vc_row tdi_285 wpb_row td-pb-row\">\n<div class=\"vc_column tdi_298 wpb_column vc_column_container tdc-column td-pb-span9\">\n<div class=\"wpb_wrapper\">\n<div class=\"td_block_wrap tdb_single_content tdi_314 td-pb-border-top td_block_template_1 td-post-content tagdiv-type\" data-td-block-uid=\"tdi_314\">\n<div class=\"tdb-block-inner td-fix-index\">\n<p>La disposici\u00f3n incluye la realizaci\u00f3n de un minuto de silencio antes del inicio de cada encuentro, como muestra de respeto y solidaridad con las familias de los fallecidos y con todo<\/p>\n<p>el pueblo ecuatoriano afectado por esta dolorosa p\u00e9rdida.<\/p>\n<p>Este gesto busca honrar el sacrificio de los uniformados que serv\u00edan al pa\u00eds en una zona de alta complejidad.<\/p>\n<p>&nbsp;<\/p>\n<p>La noticia del fallecimiento de los militares el pasado 9 de mayo de 2025, ha generado una profunda conmoci\u00f3n en Ecuador, llevando a diversas instituciones, incluida la LigaPro<\/p>\n<p>a expresar sus condolencias y a sumarse a los tributos nacionales<strong>.(D)<\/strong><\/p>\n<\/div>\n<\/div>\n<\/div>\n<\/div>\n<\/div>\n<\/div>\n<p>&nbsp;<\/p>\n<p><strong>Fuente<\/strong>: evafm.net &#8211; studiofutbol.com.ec<\/p>\n<div id=\"tdi_284\" class=\"tdc-row stretch_row_1400 td-stretch-content\">\n<div class=\"vc_row tdi_285 wpb_row td-pb-row\">\n<div class=\"vc_column tdi_298 wpb_column vc_column_container tdc-column td-pb-span9\">\n<div class=\"wpb_wrapper\">\n<div class=\"clearfix\"><\/div>\n<\/div>\n<\/div>\n<\/div>\n<\/div>\n<div id=\"tdi_316\" class=\"tdc-row stretch_row_1400 td-stretch-content\">\n<div class=\"vc_row tdi_317 wpb_row td-pb-row\">\n<div class=\"vc_column tdi_319 wpb_column vc_column_container tdc-column td-pb-span12\">\n<div class=\"wpb_wrapper\">\n<div class=\"tdb-author-box td_block_wrap tdb_single_author_box tdi_320 tdb-content-vert-top td-pb-border-top td_block_template_1\" data-td-block-uid=\"tdi_320\">\n<div class=\"tdb-block-inner td-fix-index\"><\/div>\n<\/div>\n<\/div>\n<\/div>\n<\/div>\n<\/div>\n<div class=\"gsp_post_data\" \r\n\t            data-post_type=\"post\" \r\n\t            data-cat=\"deportes-ecuador,general,uncategorized\" \r\n\t            data-modified=\"120\"\r\n\t            data-created=\"1746972628\"\r\n\t            data-title=\"LigaPro dispuso un minuto de silencio por los 11 militares ca\u00eddos en Orellana\" \r\n\t            data-home=\"https:\/\/www.evafm.net\/sitio\"><\/div>","protected":false},"excerpt":{"rendered":"<p>La Liga Profesional de F\u00fatbol del Ecuador (LigaPro) anunci\u00f3 que, este s\u00e1bado 10 de mayo de 2025, se rendir\u00e1 un homenaje en los partidos restantes de la fecha 12 de la Serie A en memoria de los 11 militares de la Brigada de Selva 19 Napo, quienes fueron asesinados en el sector Alto Punino, provincia&#8230;<\/p>\n","protected":false},"author":5,"featured_media":88892,"comment_status":"closed","ping_status":"open","sticky":false,"template":"","format":"standard","meta":{"_joinchat":[],"footnotes":""},"categories":[1557,1720,1],"tags":[],"class_list":["post-88885","post","type-post","status-publish","format-standard","has-post-thumbnail","hentry","category-deportes-ecuador","category-general","category-uncategorized","have-post-thumb"],"_links":{"self":[{"href":"https:\/\/www.evafm.net\/sitio\/wp-json\/wp\/v2\/posts\/88885","targetHints":{"allow":["GET"]}}],"collection":[{"href":"https:\/\/www.evafm.net\/sitio\/wp-json\/wp\/v2\/posts"}],"about":[{"href":"https:\/\/www.evafm.net\/sitio\/wp-json\/wp\/v2\/types\/post"}],"author":[{"embeddable":true,"href":"https:\/\/www.evafm.net\/sitio\/wp-json\/wp\/v2\/users\/5"}],"replies":[{"embeddable":true,"href":"https:\/\/www.evafm.net\/sitio\/wp-json\/wp\/v2\/comments?post=88885"}],"version-history":[{"count":1,"href":"https:\/\/www.evafm.net\/sitio\/wp-json\/wp\/v2\/posts\/88885\/revisions"}],"predecessor-version":[{"id":88893,"href":"https:\/\/www.evafm.net\/sitio\/wp-json\/wp\/v2\/posts\/88885\/revisions\/88893"}],"wp:featuredmedia":[{"embeddable":true,"href":"https:\/\/www.evafm.net\/sitio\/wp-json\/wp\/v2\/media\/88892"}],"wp:attachment":[{"href":"https:\/\/www.evafm.net\/sitio\/wp-json\/wp\/v2\/media?parent=88885"}],"wp:term":[{"taxonomy":"category","embeddable":true,"href":"https:\/\/www.evafm.net\/sitio\/wp-json\/wp\/v2\/categories?post=88885"},{"taxonomy":"post_tag","embeddable":true,"href":"https:\/\/www.evafm.net\/sitio\/wp-json\/wp\/v2\/tags?post=88885"}],"curies":[{"name":"wp","href":"https:\/\/api.w.org\/{rel}","templated":true}]}}