{"id":88970,"date":"2025-05-13T13:38:24","date_gmt":"2025-05-13T18:38:24","guid":{"rendered":"https:\/\/www.evafm.net\/sitio\/?p=88970"},"modified":"2025-05-13T13:38:24","modified_gmt":"2025-05-13T18:38:24","slug":"damian-diaz-desmiente-posible-fichaje-por-emelec","status":"publish","type":"post","link":"https:\/\/www.evafm.net\/sitio\/damian-diaz-desmiente-posible-fichaje-por-emelec\/","title":{"rendered":"Dami\u00e1n D\u00edaz desmiente posible fichaje por Emelec"},"content":{"rendered":"<p>En medio de los rumores que lo vinculan con\u00a0<a href=\"https:\/\/www.ecuavisa.com\/metadatos\/-\/meta\/emelec\" target=\"_blank\" rel=\"noopener noreferrer\">Emelec<\/a>,\u00a0<b>Dami\u00e1n Kitu D\u00edaz<\/b>\u00a0decidi\u00f3 aclarar su situaci\u00f3n contractual y desmentir cualquier posible fichaje por el conjunto el\u00e9ctrico.<\/p>\n<p>En una entrevista con Havoline Deportivo, el mediocampista argentino-ecuatoriano, hoy jugador de\u00a0<b>Banfield en Argentina<\/b>, neg\u00f3 tener relaci\u00f3n con una posible llegada a\u00a0<a href=\"https:\/\/www.ecuavisa.com\/metadatos\/-\/meta\/emelec\" target=\"_blank\" rel=\"noopener noreferrer\">Emelec<\/a>.<\/p>\n<p>&nbsp;<\/p>\n<p>\u201c<strong>A veces lanzan esas noticias, circulan, est\u00e1n fuera de mi alcance. <\/strong><\/p>\n<p><strong>Yo no puedo salir a explicar algo cada vez que salga un rumor. <\/strong><\/p>\n<p><strong>Que ellos hablen y digan lo que les parezca. Yo soy perfil bajo\u201d, declar\u00f3 D\u00edaz.<\/strong><\/p>\n<p>&nbsp;<\/p>\n<p><a href=\"https:\/\/www.ecuavisa.com\/metadatos\/-\/meta\/damian-diaz\" target=\"_blank\" rel=\"noopener noreferrer\">Dami\u00e1n D\u00edaz<\/a>\u00a0es considerado una leyenda en\u00a0<a href=\"https:\/\/www.ecuavisa.com\/metadatos\/-\/meta\/barcelona-sc\" target=\"_blank\" rel=\"noopener noreferrer\">Barcelona SC<\/a>\u00a0por sus t\u00edtulos, asistencias y goles clave, record\u00f3 que todav\u00eda tiene v\u00ednculo vigente con\u00a0<b>Banfield<\/b>.<\/p>\n<p><strong>\u201cYo debo terminar mi contrato con Banfield y ah\u00ed veremos opciones\u201d, afirm\u00f3.<\/strong><\/p>\n<p>&nbsp;<\/p>\n<div id=\"\" class=\"portlet-boundary portlet-static-end content-viewer-portlet c_002_001 u-ampliada-contenido last full-access norestricted\">\n<div class=\"DETAIL_TXT AMPLIADA_SECOND\">\n<div class=\"text \">\n<div class=\"paragraph\">\n<p>Por ahora, el enganche se mantiene enfocado en su presente deportivo en la\u00a0<b>Liga Profesional de Argentina<\/b>, desmintiendo as\u00ed cualquier acercamiento con el<\/p>\n<p>Bombillo y manteniendo su lealtad a los colores del cuadro amarillo.<strong>(D)<\/strong><\/p>\n<\/div>\n<\/div>\n<\/div>\n<\/div>\n<p>&nbsp;<\/p>\n<p><strong>Fuente:<\/strong> evafm.net &#8211; ecuavisa.com<\/p>\n<div id=\"\" class=\"portlet-boundary portlet-static-end htmlcontainer-portlet\">\n<div><\/div>\n<\/div>\n<div id=\"\" class=\"portlet-boundary portlet-static-end adcontainer-portlet text-center mb-4 fondo_publicidad pub-if-text\">\n<div><\/div>\n<\/div>\n<div id=\"\" class=\"portlet-boundary portlet-static-end htmlcontainer-portlet\">\n<div>\n<div class=\"div-vimofy\"><\/div>\n<\/div>\n<\/div>\n<div id=\"\" class=\"portlet-boundary portlet-static-end content-viewer-portlet c_002_001 last full-access norestricted\">\n<div>\n<div>\n<div class=\"trv-player-container\">\n<div class=\"trv-wrapper\">\n<div id=\"br_video_player_5b3810f8e8168110c7695a23476acca655075dd4\" class=\"trvd_video_player trvdinstream\">\n<div class=\"media-player\">\n<div class=\"trv-video\">\n<div id=\"truvid_ima_container99447\" class=\"truvid_ima_container trv-ima-container-hidden\"><\/div>\n<\/div>\n<\/div>\n<\/div>\n<\/div>\n<\/div>\n<\/div>\n<\/div>\n<\/div>\n<p>&nbsp;<\/p>\n<div class=\"paragraph\">\n<p>&nbsp;<\/p>\n<p>&nbsp;<\/p>\n<\/div>\n<div class=\"gsp_post_data\" \r\n\t            data-post_type=\"post\" \r\n\t            data-cat=\"deportes-ecuador\" \r\n\t            data-modified=\"120\"\r\n\t            data-created=\"1747143504\"\r\n\t            data-title=\"Dami\u00e1n D\u00edaz desmiente posible fichaje por Emelec\" \r\n\t            data-home=\"https:\/\/www.evafm.net\/sitio\"><\/div>","protected":false},"excerpt":{"rendered":"<p>En medio de los rumores que lo vinculan con\u00a0Emelec,\u00a0Dami\u00e1n Kitu D\u00edaz\u00a0decidi\u00f3 aclarar su situaci\u00f3n contractual y desmentir cualquier posible fichaje por el conjunto el\u00e9ctrico. En una entrevista con Havoline Deportivo, el mediocampista argentino-ecuatoriano, hoy jugador de\u00a0Banfield en Argentina, neg\u00f3 tener relaci\u00f3n con una posible llegada a\u00a0Emelec. &nbsp; \u201cA veces lanzan esas noticias, circulan, est\u00e1n fuera&#8230;<\/p>\n","protected":false},"author":5,"featured_media":88971,"comment_status":"closed","ping_status":"open","sticky":false,"template":"","format":"standard","meta":{"_joinchat":[],"footnotes":""},"categories":[1557],"tags":[],"class_list":["post-88970","post","type-post","status-publish","format-standard","has-post-thumbnail","hentry","category-deportes-ecuador","have-post-thumb"],"_links":{"self":[{"href":"https:\/\/www.evafm.net\/sitio\/wp-json\/wp\/v2\/posts\/88970","targetHints":{"allow":["GET"]}}],"collection":[{"href":"https:\/\/www.evafm.net\/sitio\/wp-json\/wp\/v2\/posts"}],"about":[{"href":"https:\/\/www.evafm.net\/sitio\/wp-json\/wp\/v2\/types\/post"}],"author":[{"embeddable":true,"href":"https:\/\/www.evafm.net\/sitio\/wp-json\/wp\/v2\/users\/5"}],"replies":[{"embeddable":true,"href":"https:\/\/www.evafm.net\/sitio\/wp-json\/wp\/v2\/comments?post=88970"}],"version-history":[{"count":1,"href":"https:\/\/www.evafm.net\/sitio\/wp-json\/wp\/v2\/posts\/88970\/revisions"}],"predecessor-version":[{"id":88972,"href":"https:\/\/www.evafm.net\/sitio\/wp-json\/wp\/v2\/posts\/88970\/revisions\/88972"}],"wp:featuredmedia":[{"embeddable":true,"href":"https:\/\/www.evafm.net\/sitio\/wp-json\/wp\/v2\/media\/88971"}],"wp:attachment":[{"href":"https:\/\/www.evafm.net\/sitio\/wp-json\/wp\/v2\/media?parent=88970"}],"wp:term":[{"taxonomy":"category","embeddable":true,"href":"https:\/\/www.evafm.net\/sitio\/wp-json\/wp\/v2\/categories?post=88970"},{"taxonomy":"post_tag","embeddable":true,"href":"https:\/\/www.evafm.net\/sitio\/wp-json\/wp\/v2\/tags?post=88970"}],"curies":[{"name":"wp","href":"https:\/\/api.w.org\/{rel}","templated":true}]}}