{"id":88995,"date":"2025-05-14T23:00:36","date_gmt":"2025-05-15T04:00:36","guid":{"rendered":"https:\/\/www.evafm.net\/sitio\/?p=88995"},"modified":"2025-05-14T23:00:36","modified_gmt":"2025-05-15T04:00:36","slug":"niels-olsen-es-el-presidente-de-la-asamblea-nacional","status":"publish","type":"post","link":"https:\/\/www.evafm.net\/sitio\/niels-olsen-es-el-presidente-de-la-asamblea-nacional\/","title":{"rendered":"Niels Olsen es el presidente de la Asamblea Nacional"},"content":{"rendered":"<p>En la primera sesi\u00f3n de la\u00a0<b><a href=\"https:\/\/www.ecuavisa.com\/metadatos\/-\/meta\/asamblea-nacional\" target=\"_blank\" rel=\"noopener noreferrer\">Asamblea Nacional<\/a><\/b>\u00a0del periodo 2025-2029, que se realiz\u00f3 este mi\u00e9rcoles 14 de mayo, se eligi\u00f3 como presidente a\u00a0<b><a href=\"https:\/\/www.ecuavisa.com\/metadatos\/-\/meta\/niels-olsen\" target=\"_blank\" rel=\"noopener noreferrer\">Niels Olsen<\/a><\/b>.<\/p>\n<p>Se lo hizo con 80 votos a favor, 65 en contra y seis abstenciones.<\/p>\n<p>&nbsp;<\/p>\n<p>La elecci\u00f3n se realiz\u00f3 conforme a lo estipulado en los art\u00edculos 121\u00a0<b>Constituci\u00f3n<\/b>\u00a0y 10 de la\u00a0<b>Ley Org\u00e1nica de la Funci\u00f3n Legislativa (LOFL)<\/b>.<\/p>\n<p>Las dignidades deben ser designadas el mismo 14 de mayo, d\u00eda de la instalaci\u00f3n del nuevo Parlamento, con mayor\u00eda absoluta.<\/p>\n<p>Se trata de al menos 76 votos de los 151 asamble\u00edstas.<\/p>\n<div id=\"sunmedia-div\"><\/div>\n<p>&nbsp;<\/p>\n<p>Tras ser elegido, la asamble\u00edsta del oficialismo,\u00a0<b>Valentina Centeno<\/b>, pidi\u00f3 la reconsderaci\u00f3n, pero esta no consigui\u00f3 los votos suficientes.<\/p>\n<p>Con esto, se ratific\u00f3 a Olsen como presidente del Parlamento. Minutos despu\u00e9s, hizo el\u00a0<b>juramento ante Annabella Az\u00edn<\/b>.<\/p>\n<p>&nbsp;<\/p>\n<p>Durar\u00e1 por dos a\u00f1os y luego podr\u00e1 ser reelecto, seg\u00fan lo indica la LOFL.<\/p>\n<p>En su discurso, el nuevo titular del Parlamento dijo que Az\u00edn es un ejemplo del servicio y\u00a0<b>entrega incondicional al pa\u00eds<\/b>.<\/p>\n<p>Su prioridad ser\u00e1 servir a la ciudadan\u00eda.<\/p>\n<p>Agradeci\u00f3 a sus electores y bancada por confiar en \u00e9l.<\/p>\n<p><strong>\u00abA quienes no votaron por m\u00ed les digo, estoy aqu\u00ed para construir, no para dividir\u00bb.<\/strong><\/p>\n<p>&nbsp;<\/p>\n<p>Pidi\u00f3 disculpas al pa\u00eds porque, en los \u00faltimos a\u00f1os, el Parlamento se alej\u00f3 de los\u00a0<b>intereses de los ecuatorianos<\/b>.<\/p>\n<p>\u00abEse tiempo temin\u00f3\u00bb. Se dirigi\u00f3 a los j\u00f3venes del pa\u00eds ya que todo tiene sentido por ellos.<\/p>\n<p>A su juicio, buscar consensos no es se\u00f1al de debilidad y es el momento de hacer cosas distintas.<\/p>\n<div id=\"Center1\" class=\"my-4\" align=\"center\" data-ads=\"Center1\" data-ad=\"top-generico\"><\/div>\n<p>&nbsp;<\/p>\n<p>\u00ab<b>Presidente Daniel Noboa<\/b>, cuente con una Asamblea que camina con usted, hombro a hombro, no por c\u00e1lculo, sino por respeto a la democracia<\/p>\n<p>y al pueblo que nos eligi\u00f3\u00bb, expres\u00f3 Olsen.<\/p>\n<p>&nbsp;<\/p>\n<p>Pidi\u00f3 a la oposici\u00f3n que se debata con ideas y sin caer en la destrucci\u00f3n.<\/p>\n<p>Desde esta\u00a0<b>Presidencia<\/b>, \u00abvoy a garantizar la diversidad cultural, pol\u00edtica e ideol\u00f3gica\u00bb.<\/p>\n<p>&nbsp;<\/p>\n<p>\u00bfCu\u00e1l es la trayectoria de Olsen? Fue ministro de Turismo en el\u00a0<b>Gobierno de Daniel Noboa<\/b>.<\/p>\n<p>Es Graduado de la Universidad Estatal de Louisiana (EE.UU.) en la carrera de\u00a0<b>Administraci\u00f3n de Negocios y Marketing<\/b>.<\/p>\n<p>Form\u00f3 parte de la Society of Entrepreneurs of Latin America de Stanford University.<\/p>\n<p>Posee un masterado de la\u00a0<b>Universidad de Monash de Australia<\/b>, en la carrera de Turismo Sostenible.<\/p>\n<p>&nbsp;<\/p>\n<p><strong>Fuente<\/strong>: evafm.net &#8211; ecuavisa.com<\/p>\n<p>&nbsp;<\/p>\n<div class=\"gsp_post_data\" \r\n\t            data-post_type=\"post\" \r\n\t            data-cat=\"general,noticias-ecuador,uncategorized\" \r\n\t            data-modified=\"120\"\r\n\t            data-created=\"1747263636\"\r\n\t            data-title=\"Niels Olsen es el presidente de la Asamblea Nacional\" \r\n\t            data-home=\"https:\/\/www.evafm.net\/sitio\"><\/div>","protected":false},"excerpt":{"rendered":"<p>En la primera sesi\u00f3n de la\u00a0Asamblea Nacional\u00a0del periodo 2025-2029, que se realiz\u00f3 este mi\u00e9rcoles 14 de mayo, se eligi\u00f3 como presidente a\u00a0Niels Olsen. Se lo hizo con 80 votos a favor, 65 en contra y seis abstenciones. &nbsp; La elecci\u00f3n se realiz\u00f3 conforme a lo estipulado en los art\u00edculos 121\u00a0Constituci\u00f3n\u00a0y 10 de la\u00a0Ley Org\u00e1nica de&#8230;<\/p>\n","protected":false},"author":5,"featured_media":89016,"comment_status":"closed","ping_status":"open","sticky":false,"template":"","format":"standard","meta":{"_joinchat":[],"footnotes":""},"categories":[1720,1558,1],"tags":[],"class_list":["post-88995","post","type-post","status-publish","format-standard","has-post-thumbnail","hentry","category-general","category-noticias-ecuador","category-uncategorized","have-post-thumb"],"_links":{"self":[{"href":"https:\/\/www.evafm.net\/sitio\/wp-json\/wp\/v2\/posts\/88995","targetHints":{"allow":["GET"]}}],"collection":[{"href":"https:\/\/www.evafm.net\/sitio\/wp-json\/wp\/v2\/posts"}],"about":[{"href":"https:\/\/www.evafm.net\/sitio\/wp-json\/wp\/v2\/types\/post"}],"author":[{"embeddable":true,"href":"https:\/\/www.evafm.net\/sitio\/wp-json\/wp\/v2\/users\/5"}],"replies":[{"embeddable":true,"href":"https:\/\/www.evafm.net\/sitio\/wp-json\/wp\/v2\/comments?post=88995"}],"version-history":[{"count":1,"href":"https:\/\/www.evafm.net\/sitio\/wp-json\/wp\/v2\/posts\/88995\/revisions"}],"predecessor-version":[{"id":89017,"href":"https:\/\/www.evafm.net\/sitio\/wp-json\/wp\/v2\/posts\/88995\/revisions\/89017"}],"wp:featuredmedia":[{"embeddable":true,"href":"https:\/\/www.evafm.net\/sitio\/wp-json\/wp\/v2\/media\/89016"}],"wp:attachment":[{"href":"https:\/\/www.evafm.net\/sitio\/wp-json\/wp\/v2\/media?parent=88995"}],"wp:term":[{"taxonomy":"category","embeddable":true,"href":"https:\/\/www.evafm.net\/sitio\/wp-json\/wp\/v2\/categories?post=88995"},{"taxonomy":"post_tag","embeddable":true,"href":"https:\/\/www.evafm.net\/sitio\/wp-json\/wp\/v2\/tags?post=88995"}],"curies":[{"name":"wp","href":"https:\/\/api.w.org\/{rel}","templated":true}]}}