{"id":88999,"date":"2025-05-14T14:05:38","date_gmt":"2025-05-14T19:05:38","guid":{"rendered":"https:\/\/www.evafm.net\/sitio\/?p=88999"},"modified":"2025-05-14T14:05:38","modified_gmt":"2025-05-14T19:05:38","slug":"gonzalo-valle-seguira-siendo-el-arquero-titular-de-ldu-en-libertadores","status":"publish","type":"post","link":"https:\/\/www.evafm.net\/sitio\/gonzalo-valle-seguira-siendo-el-arquero-titular-de-ldu-en-libertadores\/","title":{"rendered":"Gonzalo Valle seguir\u00e1 siendo el arquero titular de LDU en Libertadores"},"content":{"rendered":"<p>El entrenador de<strong> Liga de Quito, Pablo &#8216;Vitamina&#8217; S\u00e1nchez<\/strong>, confirm\u00f3 que <strong>Gonzalo Valle<\/strong> ser\u00e1 el arquero titular en el crucial encuentro frente a<strong> Flamengo,<\/strong> este jueves en el <strong>Estadio Maracan\u00e1<\/strong><\/p>\n<p>por la <strong>fecha 5 de la fase de grupos de la Copa Libertadores.<\/strong><\/p>\n<p>&nbsp;<\/p>\n<p>En declaraciones recientes, S\u00e1nchez destac\u00f3 la decisi\u00f3n tras dialogar con<strong> Alexander Dom\u00ednguez,<\/strong> conocido como &#8216;<strong>El Flaco&#8217;: <\/strong><\/p>\n<p>\u201cSe habl\u00f3 con el Flaco, va a jugar Valle. Entendemos que lo tiene bien merecido, que se gan\u00f3 esta nueva posibilidad de seguir jugando en la Copa Libertadores\u201d.<\/p>\n<p>&nbsp;<\/p>\n<p>El estratega albo apuesta por Valle, reconociendo su desempe\u00f1o y compromiso, en un partido clave para las aspiraciones de Liga de Quito en el torneo continental.<\/p>\n<p>El duelo ante el poderoso <strong>Flamengo<\/strong> promete ser un desaf\u00edo de alto voltaje, donde los ecuatorianos buscar\u00e1n sumar puntos en condici\u00f3n de visitante. <strong>(D)<\/strong><\/p>\n<p>&nbsp;<\/p>\n<blockquote class=\"twitter-tweet\" data-width=\"550\" data-dnt=\"true\">\n<p lang=\"es\" dir=\"ltr\">\ud83d\udea8\u26aa\ufe0f Gonzalo Valle seguir\u00e1 siendo el titular en Liga de Quito por la Libertadores.<\/p>\n<p>Informaci\u00f3n de <a href=\"https:\/\/twitter.com\/johacalderon11?ref_src=twsrc%5Etfw\">@johacalderon11<\/a> <a href=\"https:\/\/t.co\/OtFzFJC6Sw\">pic.twitter.com\/OtFzFJC6Sw<\/a><\/p>\n<p>&mdash; DeUnaSF (@DeUnaSF) <a href=\"https:\/\/twitter.com\/DeUnaSF\/status\/1922687322526495020?ref_src=twsrc%5Etfw\">May 14, 2025<\/a><\/p><\/blockquote>\n<p><script async src=\"https:\/\/platform.twitter.com\/widgets.js\" charset=\"utf-8\"><\/script><\/p>\n<p>&nbsp;<\/p>\n<blockquote class=\"twitter-tweet\" data-width=\"550\" data-dnt=\"true\">\n<p lang=\"es\" dir=\"ltr\">\ud83d\udea8\u26aa \u00a1CONFIRMADO POR &#39;VITAMINA&#39;!<\/p>\n<p>\u201cSe habl\u00f3 con el Flaco (Dom\u00ednguez) va a jugar Valle. Entendemos que lo tiene bien merecido que se gan\u00f3 esta nueva posibilidad de seguir jugando en La Copa Libertadores\u201d, Pablo S\u00e1nchez.<\/p>\n<p>\ud83c\udfa5 <a href=\"https:\/\/twitter.com\/johacalderon11?ref_src=twsrc%5Etfw\">@johacalderon11<\/a><br \/> <a href=\"https:\/\/t.co\/i6GYO6fsmX\">pic.twitter.com\/i6GYO6fsmX<\/a><\/p>\n<p>&mdash; StudioF\u00fatbol \u26bd (@StudioFutbol) <a href=\"https:\/\/twitter.com\/StudioFutbol\/status\/1922669051030978612?ref_src=twsrc%5Etfw\">May 14, 2025<\/a><\/p><\/blockquote>\n<p><script async src=\"https:\/\/platform.twitter.com\/widgets.js\" charset=\"utf-8\"><\/script><\/p>\n<p>&nbsp;<\/p>\n<p><strong>Fuente:<\/strong> evafm.net &#8211; studiofutbl.com.ec<\/p>\n<div class=\"gsp_post_data\" \r\n\t            data-post_type=\"post\" \r\n\t            data-cat=\"deportes-internacionales\" \r\n\t            data-modified=\"120\"\r\n\t            data-created=\"1747231538\"\r\n\t            data-title=\"Gonzalo Valle seguir\u00e1 siendo el arquero titular de LDU en Libertadores\" \r\n\t            data-home=\"https:\/\/www.evafm.net\/sitio\"><\/div>","protected":false},"excerpt":{"rendered":"<p>El entrenador de Liga de Quito, Pablo &#8216;Vitamina&#8217; S\u00e1nchez, confirm\u00f3 que Gonzalo Valle ser\u00e1 el arquero titular en el crucial encuentro frente a Flamengo, este jueves en el Estadio Maracan\u00e1 por la fecha 5 de la fase de grupos de la Copa Libertadores. &nbsp; En declaraciones recientes, S\u00e1nchez destac\u00f3 la decisi\u00f3n tras dialogar con Alexander&#8230;<\/p>\n","protected":false},"author":5,"featured_media":89000,"comment_status":"closed","ping_status":"open","sticky":false,"template":"","format":"standard","meta":{"_joinchat":[],"footnotes":""},"categories":[1342],"tags":[],"class_list":["post-88999","post","type-post","status-publish","format-standard","has-post-thumbnail","hentry","category-deportes-internacionales","have-post-thumb"],"_links":{"self":[{"href":"https:\/\/www.evafm.net\/sitio\/wp-json\/wp\/v2\/posts\/88999","targetHints":{"allow":["GET"]}}],"collection":[{"href":"https:\/\/www.evafm.net\/sitio\/wp-json\/wp\/v2\/posts"}],"about":[{"href":"https:\/\/www.evafm.net\/sitio\/wp-json\/wp\/v2\/types\/post"}],"author":[{"embeddable":true,"href":"https:\/\/www.evafm.net\/sitio\/wp-json\/wp\/v2\/users\/5"}],"replies":[{"embeddable":true,"href":"https:\/\/www.evafm.net\/sitio\/wp-json\/wp\/v2\/comments?post=88999"}],"version-history":[{"count":1,"href":"https:\/\/www.evafm.net\/sitio\/wp-json\/wp\/v2\/posts\/88999\/revisions"}],"predecessor-version":[{"id":89001,"href":"https:\/\/www.evafm.net\/sitio\/wp-json\/wp\/v2\/posts\/88999\/revisions\/89001"}],"wp:featuredmedia":[{"embeddable":true,"href":"https:\/\/www.evafm.net\/sitio\/wp-json\/wp\/v2\/media\/89000"}],"wp:attachment":[{"href":"https:\/\/www.evafm.net\/sitio\/wp-json\/wp\/v2\/media?parent=88999"}],"wp:term":[{"taxonomy":"category","embeddable":true,"href":"https:\/\/www.evafm.net\/sitio\/wp-json\/wp\/v2\/categories?post=88999"},{"taxonomy":"post_tag","embeddable":true,"href":"https:\/\/www.evafm.net\/sitio\/wp-json\/wp\/v2\/tags?post=88999"}],"curies":[{"name":"wp","href":"https:\/\/api.w.org\/{rel}","templated":true}]}}