{"id":89008,"date":"2025-05-14T14:28:04","date_gmt":"2025-05-14T19:28:04","guid":{"rendered":"https:\/\/www.evafm.net\/sitio\/?p=89008"},"modified":"2025-05-14T14:28:04","modified_gmt":"2025-05-14T19:28:04","slug":"chito-vera-seria-baja-en-el-ufc-316-por-lesion","status":"publish","type":"post","link":"https:\/\/www.evafm.net\/sitio\/chito-vera-seria-baja-en-el-ufc-316-por-lesion\/","title":{"rendered":"Chito Vera ser\u00eda baja en el UFC 316 por lesi\u00f3n"},"content":{"rendered":"<p>El peleador ecuatoriano<a href=\"https:\/\/www.ecuavisa.com\/metadatos\/-\/meta\/chito-vera\">\u00a0<b>Marlon Chito Vera<\/b><\/a><a href=\"https:\/\/www.ecuavisa.com\/metadatos\/-\/meta\/chito-vera\">\u00a0<\/a>ser\u00eda baja por lesi\u00f3n de la cartelera del\u00a0<b>UFC 316\u00a0<\/b>que se disputar\u00e1 el <strong>pr\u00f3ximo 7 de junio<\/strong> en\u00a0<b>Nueva Jersey.<\/b><\/p>\n<p>Vera ten\u00eda previsto pelear contra el estadounidense\u00a0<b>Mario Bautista<\/b>\u00a0como parte de la cartelera principal que lideran\u00a0<b>Merab Dvalishvili\u00a0<\/b>y\u00a0<b>Sean O&#8217;Malley 2.<\/b><\/p>\n<p>&nbsp;<\/p>\n<p>La informaci\u00f3n fue arrojada por reporteros estadounidenses especializados en\u00a0<b>UFC.<\/b><\/p>\n<p>El tricolor habr\u00eda sufrido una lesi\u00f3n a la altura de las costillas, generando un fuerte dolor que no le ha permitido entrenar con normalidad en los \u00faltimos d\u00edas.<\/p>\n<p>Su cuerpo t\u00e9cnico junto a<b>\u00a0Vera\u00a0<\/b>habr\u00edan tomado la decisi\u00f3n de renunciar al combate y as\u00ed poder recuperarse de su lesi\u00f3n.<\/p>\n<p>&nbsp;<\/p>\n<p>Se cree que a espera de la oficializaci\u00f3n de la ca\u00edda del manabita, la\u00a0<b>UFC<\/b>\u00a0estar\u00eda buscando un rival de \u00faltima hora para pelear con Bautista.<\/p>\n<p>Esta era una pelea clave para Vera, sabiendo que viene de una racha negativa con dos derrotas seguidas. Ante\u00a0<b>O&#8217;Malley y Figueiredo.<\/b><\/p>\n<p>&nbsp;<\/p>\n<p>Vera no pelea desde el pasado\u00a0<b>3 de agosto del 2024<\/b>, por lo que su baja podr\u00eda darle una para de casi un a\u00f1o.<strong>(D)<\/strong><\/p>\n<p>&nbsp;<\/p>\n<p><strong>Fuente:<\/strong> evafm.net &#8211; studiofutbol.com.ec<\/p>\n<div class=\"gsp_post_data\" \r\n\t            data-post_type=\"post\" \r\n\t            data-cat=\"deportes-internacionales\" \r\n\t            data-modified=\"120\"\r\n\t            data-created=\"1747232884\"\r\n\t            data-title=\"Chito Vera ser\u00eda baja en el UFC 316 por lesi\u00f3n\" \r\n\t            data-home=\"https:\/\/www.evafm.net\/sitio\"><\/div>","protected":false},"excerpt":{"rendered":"<p>El peleador ecuatoriano\u00a0Marlon Chito Vera\u00a0ser\u00eda baja por lesi\u00f3n de la cartelera del\u00a0UFC 316\u00a0que se disputar\u00e1 el pr\u00f3ximo 7 de junio en\u00a0Nueva Jersey. Vera ten\u00eda previsto pelear contra el estadounidense\u00a0Mario Bautista\u00a0como parte de la cartelera principal que lideran\u00a0Merab Dvalishvili\u00a0y\u00a0Sean O&#8217;Malley 2. &nbsp; La informaci\u00f3n fue arrojada por reporteros estadounidenses especializados en\u00a0UFC. El tricolor habr\u00eda sufrido una&#8230;<\/p>\n","protected":false},"author":5,"featured_media":89009,"comment_status":"closed","ping_status":"open","sticky":false,"template":"","format":"standard","meta":{"_joinchat":[],"footnotes":""},"categories":[1342],"tags":[],"class_list":["post-89008","post","type-post","status-publish","format-standard","has-post-thumbnail","hentry","category-deportes-internacionales","have-post-thumb"],"_links":{"self":[{"href":"https:\/\/www.evafm.net\/sitio\/wp-json\/wp\/v2\/posts\/89008","targetHints":{"allow":["GET"]}}],"collection":[{"href":"https:\/\/www.evafm.net\/sitio\/wp-json\/wp\/v2\/posts"}],"about":[{"href":"https:\/\/www.evafm.net\/sitio\/wp-json\/wp\/v2\/types\/post"}],"author":[{"embeddable":true,"href":"https:\/\/www.evafm.net\/sitio\/wp-json\/wp\/v2\/users\/5"}],"replies":[{"embeddable":true,"href":"https:\/\/www.evafm.net\/sitio\/wp-json\/wp\/v2\/comments?post=89008"}],"version-history":[{"count":1,"href":"https:\/\/www.evafm.net\/sitio\/wp-json\/wp\/v2\/posts\/89008\/revisions"}],"predecessor-version":[{"id":89010,"href":"https:\/\/www.evafm.net\/sitio\/wp-json\/wp\/v2\/posts\/89008\/revisions\/89010"}],"wp:featuredmedia":[{"embeddable":true,"href":"https:\/\/www.evafm.net\/sitio\/wp-json\/wp\/v2\/media\/89009"}],"wp:attachment":[{"href":"https:\/\/www.evafm.net\/sitio\/wp-json\/wp\/v2\/media?parent=89008"}],"wp:term":[{"taxonomy":"category","embeddable":true,"href":"https:\/\/www.evafm.net\/sitio\/wp-json\/wp\/v2\/categories?post=89008"},{"taxonomy":"post_tag","embeddable":true,"href":"https:\/\/www.evafm.net\/sitio\/wp-json\/wp\/v2\/tags?post=89008"}],"curies":[{"name":"wp","href":"https:\/\/api.w.org\/{rel}","templated":true}]}}