{"id":89027,"date":"2025-05-15T21:16:12","date_gmt":"2025-05-16T02:16:12","guid":{"rendered":"https:\/\/www.evafm.net\/sitio\/?p=89027"},"modified":"2025-05-15T21:16:12","modified_gmt":"2025-05-16T02:16:12","slug":"glas-serrano-y-aleaga-son-notificados-por-su-presunta-implicacion-en-asesinato-de-villavicencio","status":"publish","type":"post","link":"https:\/\/www.evafm.net\/sitio\/glas-serrano-y-aleaga-son-notificados-por-su-presunta-implicacion-en-asesinato-de-villavicencio\/","title":{"rendered":"Glas, Serrano y Aleaga son notificados por su presunta implicaci\u00f3n en asesinato de Villavicencio"},"content":{"rendered":"<p><b>Lenin Vimos<\/b>, sentenciado en el caso Plaga, involucra a\u00a0<b>Jorge Glas<\/b>\u00a0como autor intelectual del asesinato de\u00a0<b><a href=\"https:\/\/www.ecuavisa.com\/noticias\/seguridad\/alias-laura-invisible-buscan-libertad-asesinato-villavicencio-YG8668045\" target=\"_blank\" rel=\"noopener noreferrer\">Fernando Villavicencio<\/a><\/b>.<\/p>\n<p>Su versi\u00f3n fue difundida por la abogada del exvicepresidente, quien est\u00e1 convocado a rendir versi\u00f3n.<\/p>\n<p>&nbsp;<\/p>\n<p>La reserva legal sobre la investigaci\u00f3n del asesinato del excandidato presidencial se rompi\u00f3 el martes 13 de mayo de 2025.<\/p>\n<p>Ese d\u00eda, se difundi\u00f3 en redes sociales una notificaci\u00f3n enviada a Glas; al exministro del corre\u00edsmo:<\/p>\n<p><b>Jos\u00e9 Serrano<\/b>; al exasamble\u00edsta\u00a0<b>Ronny Aleaga<\/b>; adem\u00e1s de\u00a0<b>Xavier Jord\u00e1n<\/b>\u00a0y\u00a0<b>Daniel Salcedo<\/b>, en la que se menciona su presunta participaci\u00f3n en el crimen.<\/p>\n<p>&nbsp;<\/p>\n<p>Consultada por la prensa, la\u00a0<b>Fiscal\u00eda General del Estado\u00a0<\/b>(FGE) no confirm\u00f3 ni neg\u00f3 la veracidad del documento, y respondi\u00f3 \u00fanicamente que siguen practicando diligencias.<\/p>\n<p>Sin embargo, abogados de la causa confirmaron a Ecuavisa<i>\u00a0<\/i>que el documento es real.<\/p>\n<p>&nbsp;<\/p>\n<p>Glas y Salcedo est\u00e1n convocados a rendir versi\u00f3n el pr\u00f3ximo 28 de mayo. Adem\u00e1s, la FGE solicit\u00f3 el testimonio anticipado de Vimos, quien implic\u00f3 a los nuevos investigados.<\/p>\n<p>&nbsp;<\/p>\n<p>Fue\u00a0<b>Sonia Vera<\/b>, abogada de Jorge Glas, quien public\u00f3 la versi\u00f3n de Vimos, rendida hace m\u00e1s de un a\u00f1o.<\/p>\n<p>En ese testimonio, \u00e9l afirma haber conversado con<\/p>\n<p><b>Jorge Robinson Chonillo Mendoza<\/b>, alias\u00a0<i>Negro Yorkis<\/i>, integrante del cartel\u00a0<b>Jalisco Nueva Generaci\u00f3n<\/b>.<\/p>\n<p>Vimos asegura que Chonillo ten\u00eda chats con otros presos sobre el asesinato de Villavicencio, ocurrido el 9 de agosto de 2023.<\/p>\n<p>&nbsp;<\/p>\n<p>Seg\u00fan ese relato, en julio de 2023, Chonillo le dijo que sal\u00eda a Cali (Colombia) por \u00abun camello grande\u00bb.<\/p>\n<p>Y en enero de 2024, le coment\u00f3 que en Colombia se reuni\u00f3 con integrantes de la organizaci\u00f3n criminal\u00a0<b>Los Lobos<\/b>.<\/p>\n<p>&nbsp;<\/p>\n<p>En esa reuni\u00f3n, seg\u00fan Vimos, se realiz\u00f3 una videollamada a trav\u00e9s de la aplicaci\u00f3n Silent desde un contacto identificado como Ronny (Aliaga), quien mencion\u00f3 que el pago<\/p>\n<p>de un mill\u00f3n de d\u00f3lares \u2014por dos personas\u2014 se har\u00eda en Ecuador, a trav\u00e9s de intermediarios extranjeros.<\/p>\n<p>&nbsp;<\/p>\n<p>Chonillo le habr\u00eda explicado que Glas conoc\u00eda del atentado y que fue \u00e9l quien dio la orden superior a Jos\u00e9 Serrano Salgado, a quien calific\u00f3 como<\/p>\n<p>\u00abel narco m\u00e1s importante del pa\u00eds\u00bb. Seg\u00fan Vimos, ese grupo estaba al tanto del crimen, y por eso Chonillo habr\u00eda huido del pa\u00eds.<\/p>\n<p>&nbsp;<\/p>\n<p>Vimos tambi\u00e9n asegur\u00f3 a la Fiscal\u00eda que Carlos Angulo,\u00a0<b>alias\u00a0<\/b><i><b>Invisible<\/b><\/i><b>\u00a0<\/b>\u2014sentenciado como autor material del crimen<\/p>\n<p>\u2014 le revel\u00f3 que Daniel Salcedo era el enlace entre los pol\u00edticos y Los Lobos, y que Xavier Jord\u00e1n era el financista.<\/p>\n<p>&nbsp;<\/p>\n<p>Por su parte, la defensa de Jorge Glas sostiene que todo se trata de un montaje.<\/p>\n<p>En una entrevista con la agencia de noticias EFE, la abogada Vera denunci\u00f3 que su cliente<\/p>\n<p>est\u00e1 siendo chantajeado para que acepte colaborar como testigo protegido. <strong>(I)<\/strong><\/p>\n<p>&nbsp;<\/p>\n<p><strong>Fuente: evafm..et<\/strong><\/p>\n<div class=\"gsp_post_data\" \r\n\t            data-post_type=\"post\" \r\n\t            data-cat=\"general,noticias-ecuador\" \r\n\t            data-modified=\"120\"\r\n\t            data-created=\"1747343772\"\r\n\t            data-title=\"Glas, Serrano y Aleaga son notificados por su presunta implicaci\u00f3n en asesinato de Villavicencio\" \r\n\t            data-home=\"https:\/\/www.evafm.net\/sitio\"><\/div>","protected":false},"excerpt":{"rendered":"<p>Lenin Vimos, sentenciado en el caso Plaga, involucra a\u00a0Jorge Glas\u00a0como autor intelectual del asesinato de\u00a0Fernando Villavicencio. Su versi\u00f3n fue difundida por la abogada del exvicepresidente, quien est\u00e1 convocado a rendir versi\u00f3n. &nbsp; La reserva legal sobre la investigaci\u00f3n del asesinato del excandidato presidencial se rompi\u00f3 el martes 13 de mayo de 2025. Ese d\u00eda, se&#8230;<\/p>\n","protected":false},"author":5,"featured_media":89042,"comment_status":"closed","ping_status":"open","sticky":false,"template":"","format":"standard","meta":{"_joinchat":[],"footnotes":""},"categories":[1720,1558],"tags":[],"class_list":["post-89027","post","type-post","status-publish","format-standard","has-post-thumbnail","hentry","category-general","category-noticias-ecuador","have-post-thumb"],"_links":{"self":[{"href":"https:\/\/www.evafm.net\/sitio\/wp-json\/wp\/v2\/posts\/89027","targetHints":{"allow":["GET"]}}],"collection":[{"href":"https:\/\/www.evafm.net\/sitio\/wp-json\/wp\/v2\/posts"}],"about":[{"href":"https:\/\/www.evafm.net\/sitio\/wp-json\/wp\/v2\/types\/post"}],"author":[{"embeddable":true,"href":"https:\/\/www.evafm.net\/sitio\/wp-json\/wp\/v2\/users\/5"}],"replies":[{"embeddable":true,"href":"https:\/\/www.evafm.net\/sitio\/wp-json\/wp\/v2\/comments?post=89027"}],"version-history":[{"count":1,"href":"https:\/\/www.evafm.net\/sitio\/wp-json\/wp\/v2\/posts\/89027\/revisions"}],"predecessor-version":[{"id":89043,"href":"https:\/\/www.evafm.net\/sitio\/wp-json\/wp\/v2\/posts\/89027\/revisions\/89043"}],"wp:featuredmedia":[{"embeddable":true,"href":"https:\/\/www.evafm.net\/sitio\/wp-json\/wp\/v2\/media\/89042"}],"wp:attachment":[{"href":"https:\/\/www.evafm.net\/sitio\/wp-json\/wp\/v2\/media?parent=89027"}],"wp:term":[{"taxonomy":"category","embeddable":true,"href":"https:\/\/www.evafm.net\/sitio\/wp-json\/wp\/v2\/categories?post=89027"},{"taxonomy":"post_tag","embeddable":true,"href":"https:\/\/www.evafm.net\/sitio\/wp-json\/wp\/v2\/tags?post=89027"}],"curies":[{"name":"wp","href":"https:\/\/api.w.org\/{rel}","templated":true}]}}