{"id":89035,"date":"2025-05-15T19:53:00","date_gmt":"2025-05-16T00:53:00","guid":{"rendered":"https:\/\/www.evafm.net\/sitio\/?p=89035"},"modified":"2025-05-15T19:53:00","modified_gmt":"2025-05-16T00:53:00","slug":"ecuador-vs-brasil-y-argentina-ya-se-vendio-el-70","status":"publish","type":"post","link":"https:\/\/www.evafm.net\/sitio\/ecuador-vs-brasil-y-argentina-ya-se-vendio-el-70\/","title":{"rendered":"Ecuador vs Brasil y Argentina: ya se vendi\u00f3 el 70%"},"content":{"rendered":"<p><strong data-start=\"171\" data-end=\"198\">Redacci\u00f3n Studio F\u00fatbol<\/strong>\u00a0\u2013 Seg\u00fan informaci\u00f3n compartida por el periodista V\u00edctor Loor Bonilla, ya se ha vendido el\u00a0<strong data-start=\"289\" data-end=\"317\">70% del pack de entradas<\/strong>\u00a0para los partidos de la Selecci\u00f3n Ecuatoriana ante\u00a0<strong data-start=\"369\" data-end=\"379\">Brasil<\/strong>\u00a0y\u00a0<strong data-start=\"382\" data-end=\"395\">Argentina<\/strong>, correspondientes a las fechas 15 y 16 de las Eliminatorias Sudamericanas rumbo al Mundial.<\/p>\n<p>&nbsp;<\/p>\n<p class=\"\" data-start=\"489\" data-end=\"560\">Los compromisos se jugar\u00e1n en el\u00a0<strong data-start=\"522\" data-end=\"557\">Estadio Monumental de Guayaquil<\/strong>:<\/p>\n<div id=\"standard_4\" class=\"st-placement standard_4 inArticle\"><\/div>\n<ul data-start=\"561\" data-end=\"742\">\n<li class=\"\" data-start=\"561\" data-end=\"630\">\n<p class=\"\" data-start=\"563\" data-end=\"630\"><strong data-start=\"563\" data-end=\"584\">Ecuador Vs. Brasil<\/strong>\u00a0ser\u00e1 en\u00a0<strong data-start=\"593\" data-end=\"602\">junio<\/strong>, con fecha ya confirmada.<\/p>\n<div id=\"standard_6\" class=\"st-placement standard_6 inArticle\"><\/div>\n<\/li>\n<li class=\"\" data-start=\"631\" data-end=\"742\">\n<p class=\"\" data-start=\"633\" data-end=\"742\"><strong data-start=\"633\" data-end=\"657\">Ecuador Vs. Argentina<\/strong>\u00a0est\u00e1 programado para\u00a0<strong data-start=\"679\" data-end=\"693\">septiembre<\/strong>, aunque la fecha exacta a\u00fan no ha sido definida.<\/p>\n<\/li>\n<\/ul>\n<p class=\"\" data-start=\"744\" data-end=\"993\">Para quienes preguntan si se vender\u00e1n entradas sueltas para el duelo ante Brasil, se conoci\u00f3 que\u00a0<strong data-start=\"841\" data-end=\"907\">quiz\u00e1s una semana antes del partido (alrededor del 5 de junio)<\/strong><\/p>\n<p class=\"\" data-start=\"744\" data-end=\"993\">podr\u00edan habilitarse boletos individuales, <strong data-start=\"950\" data-end=\"976\">solo si hay remanentes<\/strong>\u00a0del pack actual.<\/p>\n<p class=\"\" data-start=\"995\" data-end=\"1133\">La expectativa de la afici\u00f3n es alta y se recomienda adquirir el combo lo antes posible para asegurar presencia en estos encuentros clave. <strong>(D)<\/strong><\/p>\n<p data-start=\"995\" data-end=\"1133\">\n<p data-start=\"995\" data-end=\"1133\"><strong>Fuente:<\/strong> evafm.net &#8211; studiofutbol.com.ec<\/p>\n<div class=\"gsp_post_data\" \r\n\t            data-post_type=\"post\" \r\n\t            data-cat=\"deportes-internacionales\" \r\n\t            data-modified=\"120\"\r\n\t            data-created=\"1747338780\"\r\n\t            data-title=\"Ecuador vs Brasil y Argentina: ya se vendi\u00f3 el 70%\" \r\n\t            data-home=\"https:\/\/www.evafm.net\/sitio\"><\/div>","protected":false},"excerpt":{"rendered":"<p>Redacci\u00f3n Studio F\u00fatbol\u00a0\u2013 Seg\u00fan informaci\u00f3n compartida por el periodista V\u00edctor Loor Bonilla, ya se ha vendido el\u00a070% del pack de entradas\u00a0para los partidos de la Selecci\u00f3n Ecuatoriana ante\u00a0Brasil\u00a0y\u00a0Argentina, correspondientes a las fechas 15 y 16 de las Eliminatorias Sudamericanas rumbo al Mundial. &nbsp; Los compromisos se jugar\u00e1n en el\u00a0Estadio Monumental de Guayaquil: Ecuador Vs. Brasil\u00a0ser\u00e1&#8230;<\/p>\n","protected":false},"author":5,"featured_media":89036,"comment_status":"closed","ping_status":"open","sticky":false,"template":"","format":"standard","meta":{"_joinchat":[],"footnotes":""},"categories":[1342],"tags":[],"class_list":["post-89035","post","type-post","status-publish","format-standard","has-post-thumbnail","hentry","category-deportes-internacionales","have-post-thumb"],"_links":{"self":[{"href":"https:\/\/www.evafm.net\/sitio\/wp-json\/wp\/v2\/posts\/89035","targetHints":{"allow":["GET"]}}],"collection":[{"href":"https:\/\/www.evafm.net\/sitio\/wp-json\/wp\/v2\/posts"}],"about":[{"href":"https:\/\/www.evafm.net\/sitio\/wp-json\/wp\/v2\/types\/post"}],"author":[{"embeddable":true,"href":"https:\/\/www.evafm.net\/sitio\/wp-json\/wp\/v2\/users\/5"}],"replies":[{"embeddable":true,"href":"https:\/\/www.evafm.net\/sitio\/wp-json\/wp\/v2\/comments?post=89035"}],"version-history":[{"count":1,"href":"https:\/\/www.evafm.net\/sitio\/wp-json\/wp\/v2\/posts\/89035\/revisions"}],"predecessor-version":[{"id":89037,"href":"https:\/\/www.evafm.net\/sitio\/wp-json\/wp\/v2\/posts\/89035\/revisions\/89037"}],"wp:featuredmedia":[{"embeddable":true,"href":"https:\/\/www.evafm.net\/sitio\/wp-json\/wp\/v2\/media\/89036"}],"wp:attachment":[{"href":"https:\/\/www.evafm.net\/sitio\/wp-json\/wp\/v2\/media?parent=89035"}],"wp:term":[{"taxonomy":"category","embeddable":true,"href":"https:\/\/www.evafm.net\/sitio\/wp-json\/wp\/v2\/categories?post=89035"},{"taxonomy":"post_tag","embeddable":true,"href":"https:\/\/www.evafm.net\/sitio\/wp-json\/wp\/v2\/tags?post=89035"}],"curies":[{"name":"wp","href":"https:\/\/api.w.org\/{rel}","templated":true}]}}