{"id":89053,"date":"2025-05-16T22:41:43","date_gmt":"2025-05-17T03:41:43","guid":{"rendered":"https:\/\/www.evafm.net\/sitio\/?p=89053"},"modified":"2025-05-16T22:41:43","modified_gmt":"2025-05-17T03:41:43","slug":"la-u-e-incrementara-la-presion-sobre-rusia-con-un-nuevo-paquete-de-sanciones","status":"publish","type":"post","link":"https:\/\/www.evafm.net\/sitio\/la-u-e-incrementara-la-presion-sobre-rusia-con-un-nuevo-paquete-de-sanciones\/","title":{"rendered":"La U.E incrementar\u00e1 la presi\u00f3n sobre Rusia con un nuevo paquete de sanciones"},"content":{"rendered":"<p>La\u00a0<a title=\"https:\/\/www.infobae.com\/tag\/union-europea\/\" href=\"https:\/\/www.infobae.com\/tag\/union-europea\/\" target=\"_blank\" rel=\"noopener noreferrer\" data-mrf-link=\"https:\/\/www.infobae.com\/tag\/union-europea\/\"><b>Uni\u00f3n Europea (UE)<\/b><\/a>\u00a0est\u00e1 llevando a cabo un esfuerzo conjunto para intensificar la presi\u00f3n sobre el presidente ruso\u00a0<b>Vladimir Putin<\/b>\u00a0buscando impulsar un acuerdo de paz<\/p>\n<p>para poner fin a la guerra en<strong> Ucrania. <\/strong><\/p>\n<p>En declaraciones desde Tirana, la presidenta de la Comisi\u00f3n Europea,\u00a0<a title=\"https:\/\/www.infobae.com\/tag\/ursula-von-der-leyen\/\" href=\"https:\/\/www.infobae.com\/tag\/ursula-von-der-leyen\/\" target=\"_blank\" rel=\"noopener noreferrer\" data-mrf-link=\"https:\/\/www.infobae.com\/tag\/ursula-von-der-leyen\/\"><b>Ursula von der Leyen<\/b><\/a>, anunci\u00f3 que\u00a0se est\u00e1 trabajando en un nuevo y significativo <b>paquete de sanciones<\/b><\/p>\n<p><b> dirigido al sector financiero ruso.<\/b><\/p>\n<p>&nbsp;<\/p>\n<p>Esta nueva propuesta de sanciones de la UE, presentada por Von der Leyen, incluye\u00a0<b>acciones dirigidas a los oleoductos Nord Stream I y II, una reducci\u00f3n en el precio<\/b><\/p>\n<p><b> m\u00e1ximo <\/b><b>del petr\u00f3leo y medidas adicionales contra el sector financiero ruso.<\/b><\/p>\n<p>Estas sanciones tambi\u00e9n buscan bloquear entidades bancarias de terceros pa\u00edses que respaldan las acciones b\u00e9licas rusas.<\/p>\n<p>&nbsp;<\/p>\n<p><b>M\u00e1s de cuarenta jefes de Estado y de Gobierno europeos\u00a0<\/b>se reunieron este viernes en la capital de Albania, incluido el secretario general de la <strong>OTAN<\/strong> y los presidentes<\/p>\n<p>de la Comisi\u00f3n y el <strong>Consejo Europeo.<\/strong><\/p>\n<p>Esta cumbre se realiz\u00f3 bajo el marco de la Comunidad Pol\u00edtica Europea, un formato inaugurado por el presidente franc\u00e9s Emmanuel Macron en 2022.<\/p>\n<p>El evento, aunque poco coreografiado, permiti\u00f3 encuentros espont\u00e1neos entre l\u00edderes europeos, quienes\u00a0<b>discutieron sobre las actuales tensiones con Rusia <\/b><\/p>\n<p><b>y sobre c\u00f3mo avanzar <\/b><b>hacia un acuerdo de alto el fuego.<\/b><\/p>\n<p>&nbsp;<\/p>\n<p>Delegaciones de Kiev y Mosc\u00fa tambi\u00e9n se reunieron este viernes en Estambul en lo que fue el primer contacto diplom\u00e1tico directo en m\u00e1s de tres a\u00f1os.<\/p>\n<p>Sin embargo, esta reuni\u00f3n no estuvo exenta de cr\u00edticas.<\/p>\n<p>El presidente ucraniano,\u00a0<b>Volodimir Zelensky<\/b>, calific\u00f3 de <strong>\u201cfarsa\u201d<\/strong> la composici\u00f3n de la delegaci\u00f3n rusa, que hab\u00eda sido previamente anunciada como de bajo rango por Putin.<\/p>\n<p>Zelensky expres\u00f3 su frustraci\u00f3n ante lo que consider\u00f3 una falta de seriedad por parte de Rusia en las negociaciones.<\/p>\n<p>&nbsp;<\/p>\n<p><a title=\"https:\/\/www.infobae.com\/america\/mundo\/2025\/05\/16\/mil-prisioneros-de-guerra-el-unico-acuerdo-concreto-entre-ucrania-y-rusia-tras-la-primera-reunion-de-paz-en-estambul\/\" href=\"https:\/\/www.infobae.com\/america\/mundo\/2025\/05\/16\/mil-prisioneros-de-guerra-el-unico-acuerdo-concreto-entre-ucrania-y-rusia-tras-la-primera-reunion-de-paz-en-estambul\/\" target=\"_blank\" rel=\"noopener noreferrer\" data-mrf-link=\"https:\/\/www.infobae.com\/america\/mundo\/2025\/05\/16\/mil-prisioneros-de-guerra-el-unico-acuerdo-concreto-entre-ucrania-y-rusia-tras-la-primera-reunion-de-paz-en-estambul\/\">En Estambul, se logr\u00f3 acordar un intercambio de mil prisioneros de cada bando,<\/a>\u00a0lo cual fue considerado un paso para establecer confianza mutua.<\/p>\n<p>Se estableci\u00f3 adem\u00e1s un compromiso de compartir por escrito las condiciones para acordar un potencial alto el fuego.<\/p>\n<p>&nbsp;<\/p>\n<p>Sin embargo, la percepci\u00f3n de que la delegaci\u00f3n rusa no ten\u00eda la capacidad para tomar decisiones importantes dio lugar a que varios l\u00edderes europeos consideraran necesario incrementar<\/p>\n<p>las presiones sobre Putin.<\/p>\n<p>&nbsp;<\/p>\n<p class=\"paragraph\" data-mrf-recirculation=\"Links inline\"><b>Mark Rutte<\/b>, secretario general de la OTAN, afirm\u00f3:\u00a0<b>\u201cToda la presi\u00f3n est\u00e1 ahora sobre Putin\u201d,<\/b>\u00a0sugiriendo que el mandatario ruso est\u00e1 al tanto de que cometi\u00f3 un error al no enviar una<\/p>\n<p class=\"paragraph\" data-mrf-recirculation=\"Links inline\">delegaci\u00f3n de mayor nivel. Asimismo, el primer ministro de Polonia,\u00a0<b>Donald Tusk<\/b>, critic\u00f3 las condiciones puestas por Rusia como \u201cinaceptables para Kiev\u201d, argumentando que la actitud<\/p>\n<p class=\"paragraph\" data-mrf-recirculation=\"Links inline\">rusa pr\u00e1cticamente rompi\u00f3 las negociaciones.<\/p>\n<p class=\"paragraph\" data-mrf-recirculation=\"Links inline\">La cumbre en Tirana reflej\u00f3 tambi\u00e9n un firme apoyo a Ucrania por parte de la mayor\u00eda de los pa\u00edses europeos, incluso en presencia de aliados del Kremlin como el serbio <strong>Aleksandar Vucic.<\/strong><\/p>\n<p class=\"paragraph\" data-mrf-recirculation=\"Links inline\">El presidente del Consejo Europeo,\u00a0<b>Ant\u00f3nio Costa<\/b>, inst\u00f3 a los pa\u00edses europeos a unir fuerzas para asegurar que el derecho internacional prevalezca en medio de la agresi\u00f3n rusa.<\/p>\n<p class=\"paragraph\" data-mrf-recirculation=\"Links inline\">La nueva ola de sanciones de la UE representar\u00eda un esfuerzo concertado para aislar a Rusia y presionar a Putin a comprometerse con la paz, medida vista como indispensable para la<\/p>\n<p class=\"paragraph\" data-mrf-recirculation=\"Links inline\">estabilidad y la seguridad en la regi\u00f3n.<strong><em> (i)<\/em><\/strong><\/p>\n<p class=\"paragraph\" data-mrf-recirculation=\"Links inline\"><strong><i>(Con informaci\u00f3n de Bloomberg y EFE)<\/i><\/strong><\/p>\n<p data-mrf-recirculation=\"Links inline\"><strong>Fuente<\/strong>: evafm.net &#8211; infobae.com<\/p>\n<div class=\"gsp_post_data\" \r\n\t            data-post_type=\"post\" \r\n\t            data-cat=\"general,noticias-internacionales,uncategorized\" \r\n\t            data-modified=\"120\"\r\n\t            data-created=\"1747435303\"\r\n\t            data-title=\"La U.E incrementar\u00e1 la presi\u00f3n sobre Rusia con un nuevo paquete de sanciones\" \r\n\t            data-home=\"https:\/\/www.evafm.net\/sitio\"><\/div>","protected":false},"excerpt":{"rendered":"<p>La\u00a0Uni\u00f3n Europea (UE)\u00a0est\u00e1 llevando a cabo un esfuerzo conjunto para intensificar la presi\u00f3n sobre el presidente ruso\u00a0Vladimir Putin\u00a0buscando impulsar un acuerdo de paz para poner fin a la guerra en Ucrania. En declaraciones desde Tirana, la presidenta de la Comisi\u00f3n Europea,\u00a0Ursula von der Leyen, anunci\u00f3 que\u00a0se est\u00e1 trabajando en un nuevo y significativo paquete de&#8230;<\/p>\n","protected":false},"author":5,"featured_media":89081,"comment_status":"closed","ping_status":"open","sticky":false,"template":"","format":"standard","meta":{"_joinchat":[],"footnotes":""},"categories":[1720,1345,1],"tags":[],"class_list":["post-89053","post","type-post","status-publish","format-standard","has-post-thumbnail","hentry","category-general","category-noticias-internacionales","category-uncategorized","have-post-thumb"],"_links":{"self":[{"href":"https:\/\/www.evafm.net\/sitio\/wp-json\/wp\/v2\/posts\/89053","targetHints":{"allow":["GET"]}}],"collection":[{"href":"https:\/\/www.evafm.net\/sitio\/wp-json\/wp\/v2\/posts"}],"about":[{"href":"https:\/\/www.evafm.net\/sitio\/wp-json\/wp\/v2\/types\/post"}],"author":[{"embeddable":true,"href":"https:\/\/www.evafm.net\/sitio\/wp-json\/wp\/v2\/users\/5"}],"replies":[{"embeddable":true,"href":"https:\/\/www.evafm.net\/sitio\/wp-json\/wp\/v2\/comments?post=89053"}],"version-history":[{"count":1,"href":"https:\/\/www.evafm.net\/sitio\/wp-json\/wp\/v2\/posts\/89053\/revisions"}],"predecessor-version":[{"id":89082,"href":"https:\/\/www.evafm.net\/sitio\/wp-json\/wp\/v2\/posts\/89053\/revisions\/89082"}],"wp:featuredmedia":[{"embeddable":true,"href":"https:\/\/www.evafm.net\/sitio\/wp-json\/wp\/v2\/media\/89081"}],"wp:attachment":[{"href":"https:\/\/www.evafm.net\/sitio\/wp-json\/wp\/v2\/media?parent=89053"}],"wp:term":[{"taxonomy":"category","embeddable":true,"href":"https:\/\/www.evafm.net\/sitio\/wp-json\/wp\/v2\/categories?post=89053"},{"taxonomy":"post_tag","embeddable":true,"href":"https:\/\/www.evafm.net\/sitio\/wp-json\/wp\/v2\/tags?post=89053"}],"curies":[{"name":"wp","href":"https:\/\/api.w.org\/{rel}","templated":true}]}}