{"id":89057,"date":"2025-05-16T18:43:20","date_gmt":"2025-05-16T23:43:20","guid":{"rendered":"https:\/\/www.evafm.net\/sitio\/?p=89057"},"modified":"2025-05-16T18:43:20","modified_gmt":"2025-05-16T23:43:20","slug":"ayuso-gana-la-etapa-7-del-giro-de-italia","status":"publish","type":"post","link":"https:\/\/www.evafm.net\/sitio\/ayuso-gana-la-etapa-7-del-giro-de-italia\/","title":{"rendered":"Ayuso gana la Etapa 7 del Giro de Italia"},"content":{"rendered":"<p>El primer gran encuentro con la monta\u00f1a del Giro de Italia 2025 no defraud\u00f3. <strong>El espa\u00f1ol Juan Ayuso<\/strong> dej\u00f3 claro que est\u00e1 para pelear el t\u00edtulo y se llev\u00f3 la victoria en<strong> Tagliacozzo.<\/strong><\/p>\n<p>despu\u00e9s de un ataque que nadie pudo responder a pocos metros de la meta.<\/p>\n<p>Segundo fue su compa\u00f1ero Isaac del Toro y tercero entr\u00f3 el colombiano<strong> Egan Bernla. <\/strong><\/p>\n<p>&nbsp;<\/p>\n<p>El ecuatoriano<strong> Richard Carapaz<\/strong> entr\u00f3 en octava posici\u00f3n, apenas a cuatro segundos.<\/p>\n<p>La jornada empez\u00f3 en Castel di Sangro y el pelot\u00f3n se enfrent\u00f3 a un permanente sube y baja, desde el primer kil\u00f3metro.<\/p>\n<p>&nbsp;<\/p>\n<p>El trazado de 168 kil\u00f3metros incluy\u00f3 cuatro ascensos\u00a0y casi desde el inicio, el Bora (de Primoz Roglic) tom\u00f3 la iniciativa e impuso el ritmo en el pelot\u00f3n.<\/p>\n<p>La fuga se acab\u00f3 a falta de cinco kil\u00f3metros para la meta y en ese momento los equipos empezaron a mostrar sus intereses.<\/p>\n<p>El Ineos y el UAE se posicionaron adelante y sus l\u00edderes respondieron con solvencia.<\/p>\n<p>&nbsp;<\/p>\n<p>El primero en probar un ataque fue Giulio Ciccone, pero el colombiano Egan Bernal sali\u00f3 a cerrar el hueco.<\/p>\n<p>El grupo se reacomod\u00f3 y ah\u00ed Bernal prob\u00f3 suerte. Cuando parec\u00eda que se iba hasta la meta, apareci\u00f3 Juan Ayuso.<\/p>\n<p>&nbsp;<\/p>\n<p>El espa\u00f1ol salt\u00f3 con potencia a 500 metros de la meta y nadie pudo seguir su rueda.<\/p>\n<p>Se trata de la primera victoria en una gran vuelta para el corredor del UAE Team Emirates, que vino al Giro de Italia con el \u00fanico objetivo de llevarse la &#8216;maglia rosa&#8217;.<\/p>\n<p>&nbsp;<\/p>\n<p>\u00abMi primer triunfo en una gran vuelta, es muy especial para m\u00ed esta victoria.<\/p>\n<p>No estaba en los planes ganar, pero quer\u00eda recortar el tiempo que perd\u00ed en la crono\u00bb, dijo Ayuso, despu\u00e9s de cruzar la meta en Tagliacozzo, donde levant\u00f3 los brazos<\/p>\n<p>con un tiempo de <strong>4:20:26.<\/strong><\/p>\n<p>&nbsp;<\/p>\n<p><strong>Otra buena etapa para Carapaz:<\/strong><\/p>\n<p>El carchense Richard Carapaz estuvo muy bien arropado a lo largo de la s\u00e9ptima etapa.<\/p>\n<p>Los compa\u00f1eros del EF Education &#8211; EasyPost trabajaron para &#8216;Richie&#8217; hasta el inicio de la parte dura del puerto, donde se qued\u00f3 solo.<\/p>\n<p>Sin embargo, &#8216;Richie&#8217; fue muy inteligente, no se desesper\u00f3 ante los ataques de Ciccone, Bernal y Ayuso y entr\u00f3 a la meta con Bernal y Primoz Roglic, que era el gran favorito<\/p>\n<p>del d\u00eda.<\/p>\n<p>La buena noticia es que Carapaz minimiz\u00f3 los da\u00f1os, casi no perdi\u00f3 tiempo con respecto de Ayuso y Roglic y se meti\u00f3 al &#8216;top ten&#8217; de la clasificaci\u00f3n general.<\/p>\n<p>Otra jornada positiva para el ecuatoriano, que sigue firme en su objetivo de subirse al podio del Giro de Italia, el pr\u00f3ximo 1 de junio en Roma. <strong>(D)<\/strong><\/p>\n<p>&nbsp;<\/p>\n<blockquote class=\"twitter-tweet\" data-width=\"550\" data-dnt=\"true\">\n<p lang=\"es\" dir=\"ltr\">\u00a1VICTORIA DE JUAN AYUSO! \ud83d\udd25\ud83d\udeb4\u200d\u2642\ufe0f<\/p>\n<p>El espa\u00f1ol se alz\u00f3 con el triunfo de la s\u00e9ptima jornada del <a href=\"https:\/\/twitter.com\/hashtag\/GiroDeItaliaEnDSPORTS?src=hash&amp;ref_src=twsrc%5Etfw\">#GiroDeItaliaEnDSPORTS<\/a>.<\/p>\n<p>\u25b6\ufe0f El mexicano Isaac del Toro fue segundo, Egan Bernal, tercero y Richard Carapaz, octavo.<\/p>\n<p>\u00a1Lo viste en <a href=\"https:\/\/twitter.com\/hashtag\/DIRECTV?src=hash&amp;ref_src=twsrc%5Etfw\">#DIRECTV<\/a> y <a href=\"https:\/\/twitter.com\/hashtag\/DGO?src=hash&amp;ref_src=twsrc%5Etfw\">#DGO<\/a>! <a href=\"https:\/\/t.co\/GGJFEyijRK\">pic.twitter.com\/GGJFEyijRK<\/a><\/p>\n<p>&mdash; DSPORTS (@DSports) <a href=\"https:\/\/twitter.com\/DSports\/status\/1923399574443479372?ref_src=twsrc%5Etfw\">May 16, 2025<\/a><\/p><\/blockquote>\n<p><script async src=\"https:\/\/platform.twitter.com\/widgets.js\" charset=\"utf-8\"><\/script><\/p>\n<p>&nbsp;<\/p>\n<blockquote class=\"twitter-tweet\" data-width=\"550\" data-dnt=\"true\">\n<p lang=\"es\" dir=\"ltr\">&quot;ME HE LEVANTADO UN POCO DOLORIDO, SAB\u00cdAMOS QUE ERA UNA SUBIDA EXPLOSIVA Y AL FINAL ESTUVIMOS AH\u00cd&quot;<\/p>\n<p>\ud83d\udde3\ufe0f Richard Carapaz se refiri\u00f3 al desenlace de la etapa 7 en el <a href=\"https:\/\/twitter.com\/hashtag\/GiroDeItaliaEnDSPORTS?src=hash&amp;ref_src=twsrc%5Etfw\">#GiroDeItaliaEnDSPORTS<\/a> y su condici\u00f3n f\u00edsica tras la ca\u00edda de ayer.<a href=\"https:\/\/twitter.com\/hashtag\/CiclismoAsiDSPORTS?src=hash&amp;ref_src=twsrc%5Etfw\">#CiclismoAsiDSPORTS<\/a> <a href=\"https:\/\/t.co\/za22GTZz7X\">pic.twitter.com\/za22GTZz7X<\/a><\/p>\n<p>&mdash; DSPORTSCo (@DSportsCO) <a href=\"https:\/\/twitter.com\/DSportsCO\/status\/1923411344063152535?ref_src=twsrc%5Etfw\">May 16, 2025<\/a><\/p><\/blockquote>\n<p><script async src=\"https:\/\/platform.twitter.com\/widgets.js\" charset=\"utf-8\"><\/script><\/p>\n<p>&nbsp;<\/p>\n<h3>Giro d&#8217;Italia (2.UWT)<\/h3>\n<h4>Stage 7 \u00a0\u00bb\u00a0 Castel di Sangro \u203a Tagliacozzo (Marsia)<\/h4>\n<ul class=\"results\">\n<li class=\"subreslinks\" data-id=\"302740\">\n<h5>Stage<\/h5>\n<table>\n<thead>\n<tr>\n<th>Rnk<\/th>\n<th>Rider<\/th>\n<th>Team<\/th>\n<th>Time<\/th>\n<\/tr>\n<\/thead>\n<tbody>\n<tr>\n<td>1<\/td>\n<td>\u00a0<a href=\"https:\/\/www.procyclingstats.com\/rider\/juan-ayuso-pesquera\" target=\"_blank\" rel=\"noopener\">AYUSO Juan<\/a><\/td>\n<td><a href=\"https:\/\/www.procyclingstats.com\/team\/uae-team-emirates-xrg-2025\" target=\"_blank\" rel=\"noopener\">UAE Team Emirates &#8211; XRG<\/a><\/td>\n<td>4:20:25<\/td>\n<\/tr>\n<tr>\n<td>2<\/td>\n<td>\u00a0<a href=\"https:\/\/www.procyclingstats.com\/rider\/isaac-del-toro\" target=\"_blank\" rel=\"noopener\">DEL TORO Isaac<\/a><\/td>\n<td><a href=\"https:\/\/www.procyclingstats.com\/team\/uae-team-emirates-xrg-2025\" target=\"_blank\" rel=\"noopener\">UAE Team Emirates &#8211; XRG<\/a><\/td>\n<td>0:04<\/td>\n<\/tr>\n<tr>\n<td>3<\/td>\n<td>\u00a0<a href=\"https:\/\/www.procyclingstats.com\/rider\/egan-bernal\" target=\"_blank\" rel=\"noopener\">BERNAL Egan<\/a><\/td>\n<td><a href=\"https:\/\/www.procyclingstats.com\/team\/ineos-grenadiers-2025\" target=\"_blank\" rel=\"noopener\">INEOS Grenadiers<\/a><\/td>\n<td>0:04<\/td>\n<\/tr>\n<tr>\n<td>4<\/td>\n<td>\u00a0<a href=\"https:\/\/www.procyclingstats.com\/rider\/primoz-roglic\" target=\"_blank\" rel=\"noopener\">ROGLI\u010c Primo\u017e<\/a><\/td>\n<td><a href=\"https:\/\/www.procyclingstats.com\/team\/red-bull-bora-hansgrohe-2025\" target=\"_blank\" rel=\"noopener\">Red Bull &#8211; BORA &#8211; hansgrohe<\/a><\/td>\n<td>0:04<\/td>\n<\/tr>\n<tr>\n<td>5<\/td>\n<td>\u00a0<a href=\"https:\/\/www.procyclingstats.com\/rider\/giulio-ciccone\" target=\"_blank\" rel=\"noopener\">CICCONE Giulio<\/a><\/td>\n<td><a href=\"https:\/\/www.procyclingstats.com\/team\/lidl-trek-2025\" target=\"_blank\" rel=\"noopener\">Lidl &#8211; Trek<\/a><\/td>\n<td>0:04<\/td>\n<\/tr>\n<tr>\n<td>6<\/td>\n<td>\u00a0<a href=\"https:\/\/www.procyclingstats.com\/rider\/antonio-tiberi\" target=\"_blank\" rel=\"noopener\">TIBERI Antonio<\/a><\/td>\n<td><a href=\"https:\/\/www.procyclingstats.com\/team\/bahrain-victorious-2025\" target=\"_blank\" rel=\"noopener\">Bahrain &#8211; Victorious<\/a><\/td>\n<td>0:04<\/td>\n<\/tr>\n<tr>\n<td>7<\/td>\n<td>\u00a0<a href=\"https:\/\/www.procyclingstats.com\/rider\/damiano-caruso\" target=\"_blank\" rel=\"noopener\">CARUSO Damiano<\/a><\/td>\n<td><a href=\"https:\/\/www.procyclingstats.com\/team\/bahrain-victorious-2025\" target=\"_blank\" rel=\"noopener\">Bahrain &#8211; Victorious<\/a><\/td>\n<td>0:04<\/td>\n<\/tr>\n<tr>\n<td>8<\/td>\n<td>\u00a0<a href=\"https:\/\/www.procyclingstats.com\/rider\/richard-carapaz\" target=\"_blank\" rel=\"noopener\">CARAPAZ Richard<\/a><\/td>\n<td><a href=\"https:\/\/www.procyclingstats.com\/team\/ef-education-easypost-2025\" target=\"_blank\" rel=\"noopener\">EF Education &#8211; EasyPost<\/a><\/td>\n<td>0:04<\/td>\n<\/tr>\n<tr>\n<td>9<\/td>\n<td>\u00a0<a href=\"https:\/\/www.procyclingstats.com\/rider\/max-poole\" target=\"_blank\" rel=\"noopener\">POOLE Max<\/a><\/td>\n<td><a href=\"https:\/\/www.procyclingstats.com\/team\/team-picnic-postnl-2025\" target=\"_blank\" rel=\"noopener\">Team Picnic PostNL<\/a><\/td>\n<td>0:08<\/td>\n<\/tr>\n<tr>\n<td>10<\/td>\n<td>\u00a0<a href=\"https:\/\/www.procyclingstats.com\/rider\/michael-storer\" target=\"_blank\" rel=\"noopener\">STORER Michael<\/a><\/td>\n<td><a href=\"https:\/\/www.procyclingstats.com\/team\/tudor-pro-cycling-team-2025\" target=\"_blank\" rel=\"noopener\">Tudor Pro Cycling Team<\/a><\/td>\n<td>0:08<\/td>\n<\/tr>\n<\/tbody>\n<\/table>\n<\/li>\n<li class=\"subreslinks\" data-id=\"316893\">\n<h5>GC<\/h5>\n<table>\n<thead>\n<tr>\n<th>Rnk<\/th>\n<th>Rider<\/th>\n<th>Team<\/th>\n<th>Time<\/th>\n<\/tr>\n<\/thead>\n<tbody>\n<tr>\n<td>1<\/td>\n<td>\u00a0<a href=\"https:\/\/www.procyclingstats.com\/rider\/primoz-roglic\" target=\"_blank\" rel=\"noopener\">ROGLI\u010c Primo\u017e<\/a><\/td>\n<td><a href=\"https:\/\/www.procyclingstats.com\/team\/red-bull-bora-hansgrohe-2025\" target=\"_blank\" rel=\"noopener\">Red Bull &#8211; BORA &#8211; hansgrohe<\/a><\/td>\n<td>24:32:30<\/td>\n<\/tr>\n<tr>\n<td>2<\/td>\n<td>\u00a0<a href=\"https:\/\/www.procyclingstats.com\/rider\/juan-ayuso-pesquera\" target=\"_blank\" rel=\"noopener\">AYUSO Juan<\/a><\/td>\n<td><a href=\"https:\/\/www.procyclingstats.com\/team\/uae-team-emirates-xrg-2025\" target=\"_blank\" rel=\"noopener\">UAE Team Emirates &#8211; XRG<\/a><\/td>\n<td>0:04<\/td>\n<\/tr>\n<tr>\n<td>3<\/td>\n<td>\u00a0<a href=\"https:\/\/www.procyclingstats.com\/rider\/isaac-del-toro\" target=\"_blank\" rel=\"noopener\">DEL TORO Isaac<\/a><\/td>\n<td><a href=\"https:\/\/www.procyclingstats.com\/team\/uae-team-emirates-xrg-2025\" target=\"_blank\" rel=\"noopener\">UAE Team Emirates &#8211; XRG<\/a><\/td>\n<td>0:09<\/td>\n<\/tr>\n<tr>\n<td>4<\/td>\n<td>\u00a0<a href=\"https:\/\/www.procyclingstats.com\/rider\/antonio-tiberi\" target=\"_blank\" rel=\"noopener\">TIBERI Antonio<\/a><\/td>\n<td><a href=\"https:\/\/www.procyclingstats.com\/team\/bahrain-victorious-2025\" target=\"_blank\" rel=\"noopener\">Bahrain &#8211; Victorious<\/a><\/td>\n<td>0:27<\/td>\n<\/tr>\n<tr>\n<td>5<\/td>\n<td>\u00a0<a href=\"https:\/\/www.procyclingstats.com\/rider\/max-poole\" target=\"_blank\" rel=\"noopener\">POOLE Max<\/a><\/td>\n<td><a href=\"https:\/\/www.procyclingstats.com\/team\/team-picnic-postnl-2025\" target=\"_blank\" rel=\"noopener\">Team Picnic PostNL<\/a><\/td>\n<td>0:30<\/td>\n<\/tr>\n<tr>\n<td>6<\/td>\n<td>\u00a0<a href=\"https:\/\/www.procyclingstats.com\/rider\/michael-storer\" target=\"_blank\" rel=\"noopener\">STORER Michael<\/a><\/td>\n<td><a href=\"https:\/\/www.procyclingstats.com\/team\/tudor-pro-cycling-team-2025\" target=\"_blank\" rel=\"noopener\">Tudor Pro Cycling Team<\/a><\/td>\n<td>0:33<\/td>\n<\/tr>\n<tr>\n<td>7<\/td>\n<td>\u00a0<a href=\"https:\/\/www.procyclingstats.com\/rider\/brandon-mcnulty\" target=\"_blank\" rel=\"noopener\">MCNULTY Brandon<\/a><\/td>\n<td><a href=\"https:\/\/www.procyclingstats.com\/team\/uae-team-emirates-xrg-2025\" target=\"_blank\" rel=\"noopener\">UAE Team Emirates &#8211; XRG<\/a><\/td>\n<td>0:34<\/td>\n<\/tr>\n<tr>\n<td>8<\/td>\n<td>\u00a0<a href=\"https:\/\/www.procyclingstats.com\/rider\/mathias-vacek\" target=\"_blank\" rel=\"noopener\">VACEK Mathias<\/a><\/td>\n<td><a href=\"https:\/\/www.procyclingstats.com\/team\/lidl-trek-2025\" target=\"_blank\" rel=\"noopener\">Lidl &#8211; Trek<\/a><\/td>\n<td>0:37<\/td>\n<\/tr>\n<tr>\n<td>9<\/td>\n<td>\u00a0<a href=\"https:\/\/www.procyclingstats.com\/rider\/simon-yates\" target=\"_blank\" rel=\"noopener\">YATES Simon<\/a><\/td>\n<td><a href=\"https:\/\/www.procyclingstats.com\/team\/team-visma-lease-a-bike-2025\" target=\"_blank\" rel=\"noopener\">Team Visma | Lease a Bike<\/a><\/td>\n<td>0:39<\/td>\n<\/tr>\n<tr>\n<td>10<\/td>\n<td>\u00a0<a href=\"https:\/\/www.procyclingstats.com\/rider\/richard-carapaz\" target=\"_blank\" rel=\"noopener\">CARAPAZ Richard<\/a><\/td>\n<td><a href=\"https:\/\/www.procyclingstats.com\/team\/ef-education-easypost-2025\" target=\"_blank\" rel=\"noopener\">EF Education &#8211; EasyPost<\/a><\/td>\n<td>0:39<\/td>\n<\/tr>\n<\/tbody>\n<\/table>\n<\/li>\n<\/ul>\n<div class=\"powered_by\"><img decoding=\"async\" src=\"https:\/\/www.procyclingstats.com\/images\/pcs_small.png\" \/>\u00a0Results powered by\u00a0<a href=\"https:\/\/www.procyclingstats.com\/\" target=\"_blank\" rel=\"noopener\">www.procyclingstats.com<\/a><\/div>\n<div><\/div>\n<div><\/div>\n<div><\/div>\n<div><strong>Fuente:<\/strong> evafm.net &#8211; primicias.ec<\/div>\n<p>&nbsp;<\/p>\n<div class=\"gsp_post_data\" \r\n\t            data-post_type=\"post\" \r\n\t            data-cat=\"deportes-internacionales\" \r\n\t            data-modified=\"120\"\r\n\t            data-created=\"1747421000\"\r\n\t            data-title=\"Ayuso gana la Etapa 7 del Giro de Italia\" \r\n\t            data-home=\"https:\/\/www.evafm.net\/sitio\"><\/div>","protected":false},"excerpt":{"rendered":"<p>El primer gran encuentro con la monta\u00f1a del Giro de Italia 2025 no defraud\u00f3. El espa\u00f1ol Juan Ayuso dej\u00f3 claro que est\u00e1 para pelear el t\u00edtulo y se llev\u00f3 la victoria en Tagliacozzo. despu\u00e9s de un ataque que nadie pudo responder a pocos metros de la meta. Segundo fue su compa\u00f1ero Isaac del Toro y&#8230;<\/p>\n","protected":false},"author":5,"featured_media":89058,"comment_status":"closed","ping_status":"open","sticky":false,"template":"","format":"standard","meta":{"_joinchat":[],"footnotes":""},"categories":[1342],"tags":[],"class_list":["post-89057","post","type-post","status-publish","format-standard","has-post-thumbnail","hentry","category-deportes-internacionales","have-post-thumb"],"_links":{"self":[{"href":"https:\/\/www.evafm.net\/sitio\/wp-json\/wp\/v2\/posts\/89057","targetHints":{"allow":["GET"]}}],"collection":[{"href":"https:\/\/www.evafm.net\/sitio\/wp-json\/wp\/v2\/posts"}],"about":[{"href":"https:\/\/www.evafm.net\/sitio\/wp-json\/wp\/v2\/types\/post"}],"author":[{"embeddable":true,"href":"https:\/\/www.evafm.net\/sitio\/wp-json\/wp\/v2\/users\/5"}],"replies":[{"embeddable":true,"href":"https:\/\/www.evafm.net\/sitio\/wp-json\/wp\/v2\/comments?post=89057"}],"version-history":[{"count":1,"href":"https:\/\/www.evafm.net\/sitio\/wp-json\/wp\/v2\/posts\/89057\/revisions"}],"predecessor-version":[{"id":89059,"href":"https:\/\/www.evafm.net\/sitio\/wp-json\/wp\/v2\/posts\/89057\/revisions\/89059"}],"wp:featuredmedia":[{"embeddable":true,"href":"https:\/\/www.evafm.net\/sitio\/wp-json\/wp\/v2\/media\/89058"}],"wp:attachment":[{"href":"https:\/\/www.evafm.net\/sitio\/wp-json\/wp\/v2\/media?parent=89057"}],"wp:term":[{"taxonomy":"category","embeddable":true,"href":"https:\/\/www.evafm.net\/sitio\/wp-json\/wp\/v2\/categories?post=89057"},{"taxonomy":"post_tag","embeddable":true,"href":"https:\/\/www.evafm.net\/sitio\/wp-json\/wp\/v2\/tags?post=89057"}],"curies":[{"name":"wp","href":"https:\/\/api.w.org\/{rel}","templated":true}]}}