{"id":89062,"date":"2025-05-16T18:51:18","date_gmt":"2025-05-16T23:51:18","guid":{"rendered":"https:\/\/www.evafm.net\/sitio\/?p=89062"},"modified":"2025-05-16T18:51:18","modified_gmt":"2025-05-16T23:51:18","slug":"moises-caicedo-salio-a-jugar-enmascarado-ante-el-manchester-united","status":"publish","type":"post","link":"https:\/\/www.evafm.net\/sitio\/moises-caicedo-salio-a-jugar-enmascarado-ante-el-manchester-united\/","title":{"rendered":"Mois\u00e9s Caicedo sali\u00f3 a jugar enmascarado ante el Manchester United"},"content":{"rendered":"<p>El mediocampista ecuatoriano Mois\u00e9s Caicedo sali\u00f3 al terreno de juego este viernes utilizando una m\u00e1scara protectora durante el enfrentamiento entre el <strong>Chelsea y el Manchester United.<\/strong><\/p>\n<p>&nbsp;<\/p>\n<p>Esta medida se tom\u00f3 como precauci\u00f3n tras un golpe en la mejilla que sufri\u00f3 en el \u00faltimo partido de los <strong>Blues contra el Newcastle United. <\/strong><\/p>\n<p>A pesar del impacto, molestia no es grave, y la m\u00e1scara permite al jugador desempe\u00f1arse sin riesgos adicionales mientras se recupera.<\/p>\n<div id=\"standard_4\" class=\"st-placement standard_4 inArticle\"><\/div>\n<p>La decisi\u00f3n de jugar con la m\u00e1scara refleja su compromiso con el equipo y su disposici\u00f3n para superar molestias f\u00edsicas en un partido de alta exigencia.<\/p>\n<p>El uso de m\u00e1scaras protectoras no es nuevo en el f\u00fatbol, y jugadores como Caicedo se adaptan r\u00e1pidamente para mantener su rendimiento.<strong>(D)<\/strong><\/p>\n<p>&nbsp;<\/p>\n<p><strong>Fuente<\/strong>: evafm.net &#8211; studiofutbol.com.ec<\/p>\n<p>&nbsp;<\/p>\n<p>&nbsp;<\/p>\n<div class=\"gsp_post_data\" \r\n\t            data-post_type=\"post\" \r\n\t            data-cat=\"deportes-internacionales\" \r\n\t            data-modified=\"120\"\r\n\t            data-created=\"1747421478\"\r\n\t            data-title=\"Mois\u00e9s Caicedo sali\u00f3 a jugar enmascarado ante el Manchester United\" \r\n\t            data-home=\"https:\/\/www.evafm.net\/sitio\"><\/div>","protected":false},"excerpt":{"rendered":"<p>El mediocampista ecuatoriano Mois\u00e9s Caicedo sali\u00f3 al terreno de juego este viernes utilizando una m\u00e1scara protectora durante el enfrentamiento entre el Chelsea y el Manchester United. &nbsp; Esta medida se tom\u00f3 como precauci\u00f3n tras un golpe en la mejilla que sufri\u00f3 en el \u00faltimo partido de los Blues contra el Newcastle United. A pesar del&#8230;<\/p>\n","protected":false},"author":5,"featured_media":89064,"comment_status":"closed","ping_status":"open","sticky":false,"template":"","format":"standard","meta":{"_joinchat":[],"footnotes":""},"categories":[1342],"tags":[],"class_list":["post-89062","post","type-post","status-publish","format-standard","has-post-thumbnail","hentry","category-deportes-internacionales","have-post-thumb"],"_links":{"self":[{"href":"https:\/\/www.evafm.net\/sitio\/wp-json\/wp\/v2\/posts\/89062","targetHints":{"allow":["GET"]}}],"collection":[{"href":"https:\/\/www.evafm.net\/sitio\/wp-json\/wp\/v2\/posts"}],"about":[{"href":"https:\/\/www.evafm.net\/sitio\/wp-json\/wp\/v2\/types\/post"}],"author":[{"embeddable":true,"href":"https:\/\/www.evafm.net\/sitio\/wp-json\/wp\/v2\/users\/5"}],"replies":[{"embeddable":true,"href":"https:\/\/www.evafm.net\/sitio\/wp-json\/wp\/v2\/comments?post=89062"}],"version-history":[{"count":1,"href":"https:\/\/www.evafm.net\/sitio\/wp-json\/wp\/v2\/posts\/89062\/revisions"}],"predecessor-version":[{"id":89065,"href":"https:\/\/www.evafm.net\/sitio\/wp-json\/wp\/v2\/posts\/89062\/revisions\/89065"}],"wp:featuredmedia":[{"embeddable":true,"href":"https:\/\/www.evafm.net\/sitio\/wp-json\/wp\/v2\/media\/89064"}],"wp:attachment":[{"href":"https:\/\/www.evafm.net\/sitio\/wp-json\/wp\/v2\/media?parent=89062"}],"wp:term":[{"taxonomy":"category","embeddable":true,"href":"https:\/\/www.evafm.net\/sitio\/wp-json\/wp\/v2\/categories?post=89062"},{"taxonomy":"post_tag","embeddable":true,"href":"https:\/\/www.evafm.net\/sitio\/wp-json\/wp\/v2\/tags?post=89062"}],"curies":[{"name":"wp","href":"https:\/\/api.w.org\/{rel}","templated":true}]}}