{"id":89066,"date":"2025-05-16T19:04:08","date_gmt":"2025-05-17T00:04:08","guid":{"rendered":"https:\/\/www.evafm.net\/sitio\/?p=89066"},"modified":"2025-05-16T19:04:08","modified_gmt":"2025-05-17T00:04:08","slug":"novedades-de-barcelona-previo-al-clasico-del-astillero","status":"publish","type":"post","link":"https:\/\/www.evafm.net\/sitio\/novedades-de-barcelona-previo-al-clasico-del-astillero\/","title":{"rendered":"Novedades de Barcelona previo al Clasico del Astillero"},"content":{"rendered":"<p><strong>El Cl\u00e1sico del Astillero<\/strong> del pr\u00f3ximo domingo en el Estadio Monumental podr\u00eda traer sorpresas en el once de <strong>Barcelona SC. <\/strong><\/p>\n<p>Seg\u00fan inform\u00f3 el periodista Christian Carrasco en el programa \u2018De Una\u2019, existe la posibilidad de que Felipe Caicedo sea titular frente a<strong> Emelec.<\/strong><\/p>\n<p>&nbsp;<\/p>\n<p>Aunque la decisi\u00f3n a\u00fan no est\u00e1 confirmada, Carrasco detall\u00f3 que el cuerpo t\u00e9cnico encabezado por Segundo Castillo analiza la opci\u00f3n de alinear<\/p>\n<p>a Felipao junto a Octavio Rivero en un esquema de doble nueve, buscando m\u00e1s peso ofensivo para un partido que podr\u00eda ser determinante en la<\/p>\n<p>temporada.<\/p>\n<p>&nbsp;<\/p>\n<p>Felipe Caicedo, fichaje estelar del equipo torero en este 2025, ha tenido hasta ahora un protagonismo intermitente, pero su experiencia y jerarqu\u00eda<\/p>\n<p>lo mantienen como una carta importante para los partidos clave.<\/p>\n<p>Una titularidad en el cl\u00e1sico ser\u00eda su gran oportunidad para consolidarse como figura en el ataque amarillo.<\/p>\n<p>&nbsp;<\/p>\n<p>La idea del doble punta surge tambi\u00e9n ante las cr\u00edticas recientes a algunos elementos del frente ofensivo, y la necesidad de mostrar una cara m\u00e1s<\/p>\n<p>agresiva y eficaz, sobre todo luego del tropiezo internacional ante Universitario.<\/p>\n<p>&nbsp;<\/p>\n<p>Barcelona contin\u00faa sus entrenamientos en el Monumental, y se espera que Segundo Castillo defina su alineaci\u00f3n en las pr\u00f3ximas horas, aunque<\/p>\n<p>la expectativa crece entre los hinchas sobre si el tan esperado estreno titular de Felipao ser\u00e1 precisamente en el partido m\u00e1s importante del f\u00fatbol<\/p>\n<p>ecuatoriano.<\/p>\n<p>&nbsp;<\/p>\n<p><strong>La ca\u00edda del nivel de Corozo:<\/strong><\/p>\n<p>Segundo Castillo, podr\u00eda abrirle la puerta a un cambio en el once inicial. En el programa mencionaron que no se descarta que Castillo opte por una<\/p>\n<p>variante t\u00e1ctica o incluso un ajuste en los perfiles ofensivos, con miras a encarar el cl\u00e1sico con mayor equilibrio y contundencia.<\/p>\n<p>Con el Monumental como escenario y la presi\u00f3n al m\u00e1ximo, Barcelona SC necesita mostrar una mejor versi\u00f3n, y la suplencia de Corozo podr\u00eda ser<\/p>\n<p>una de las primeras se\u00f1ales de autocr\u00edtica del cuerpo t\u00e9cnico para afrontar un partido clave tanto en lo an\u00edmico como en la tabla de posiciones.. <strong>(D)<\/strong><\/p>\n<p>&nbsp;<\/p>\n<p>&nbsp;<\/p>\n<p><img fetchpriority=\"high\" decoding=\"async\" class=\"\" src=\"https:\/\/pbs.twimg.com\/media\/GrFR5ECWIAAAK2L?format=jpg&amp;name=small\" alt=\"Imagen\" width=\"841\" height=\"460\" \/><\/p>\n<p>&nbsp;<\/p>\n<blockquote class=\"twitter-tweet\" data-width=\"550\" data-dnt=\"true\">\n<p lang=\"es\" dir=\"ltr\">\ud83d\udea8\u26ab\ufe0f\ud83d\udfe1 \u00a1HABR\u00cdAN MODIFICACIONES!<\/p>\n<p>Cuenta <a href=\"https:\/\/twitter.com\/ccarrasco750?ref_src=twsrc%5Etfw\">@ccarrasco750<\/a> que HAY UNA POSIBILIDAD de que Felipe Caicedo arranque de titular en el \u2018Cl\u00e1sico del Astillero\u2019.<\/p>\n<p>NO es confirmado, pero podr\u00eda aparecer de doble punta con Octavio Rivero. <a href=\"https:\/\/t.co\/MMRrydNppo\">pic.twitter.com\/MMRrydNppo<\/a><\/p>\n<p>&mdash; DeUnaSF (@DeUnaSF) <a href=\"https:\/\/twitter.com\/DeUnaSF\/status\/1923405917434880002?ref_src=twsrc%5Etfw\">May 16, 2025<\/a><\/p><\/blockquote>\n<p><script async src=\"https:\/\/platform.twitter.com\/widgets.js\" charset=\"utf-8\"><\/script><\/p>\n<p>&nbsp;<\/p>\n<p>&nbsp;<\/p>\n<p><strong>Fuente:<\/strong> evafm.net &#8211; studiofutbol.com.ec<\/p>\n<div class=\"gsp_post_data\" \r\n\t            data-post_type=\"post\" \r\n\t            data-cat=\"deportes-ecuador\" \r\n\t            data-modified=\"120\"\r\n\t            data-created=\"1747422248\"\r\n\t            data-title=\"Novedades de Barcelona previo al Clasico del Astillero\" \r\n\t            data-home=\"https:\/\/www.evafm.net\/sitio\"><\/div>","protected":false},"excerpt":{"rendered":"<p>El Cl\u00e1sico del Astillero del pr\u00f3ximo domingo en el Estadio Monumental podr\u00eda traer sorpresas en el once de Barcelona SC. Seg\u00fan inform\u00f3 el periodista Christian Carrasco en el programa \u2018De Una\u2019, existe la posibilidad de que Felipe Caicedo sea titular frente a Emelec. &nbsp; Aunque la decisi\u00f3n a\u00fan no est\u00e1 confirmada, Carrasco detall\u00f3 que el&#8230;<\/p>\n","protected":false},"author":5,"featured_media":89068,"comment_status":"closed","ping_status":"open","sticky":false,"template":"","format":"standard","meta":{"_joinchat":[],"footnotes":""},"categories":[1557],"tags":[],"class_list":["post-89066","post","type-post","status-publish","format-standard","has-post-thumbnail","hentry","category-deportes-ecuador","have-post-thumb"],"_links":{"self":[{"href":"https:\/\/www.evafm.net\/sitio\/wp-json\/wp\/v2\/posts\/89066","targetHints":{"allow":["GET"]}}],"collection":[{"href":"https:\/\/www.evafm.net\/sitio\/wp-json\/wp\/v2\/posts"}],"about":[{"href":"https:\/\/www.evafm.net\/sitio\/wp-json\/wp\/v2\/types\/post"}],"author":[{"embeddable":true,"href":"https:\/\/www.evafm.net\/sitio\/wp-json\/wp\/v2\/users\/5"}],"replies":[{"embeddable":true,"href":"https:\/\/www.evafm.net\/sitio\/wp-json\/wp\/v2\/comments?post=89066"}],"version-history":[{"count":1,"href":"https:\/\/www.evafm.net\/sitio\/wp-json\/wp\/v2\/posts\/89066\/revisions"}],"predecessor-version":[{"id":89069,"href":"https:\/\/www.evafm.net\/sitio\/wp-json\/wp\/v2\/posts\/89066\/revisions\/89069"}],"wp:featuredmedia":[{"embeddable":true,"href":"https:\/\/www.evafm.net\/sitio\/wp-json\/wp\/v2\/media\/89068"}],"wp:attachment":[{"href":"https:\/\/www.evafm.net\/sitio\/wp-json\/wp\/v2\/media?parent=89066"}],"wp:term":[{"taxonomy":"category","embeddable":true,"href":"https:\/\/www.evafm.net\/sitio\/wp-json\/wp\/v2\/categories?post=89066"},{"taxonomy":"post_tag","embeddable":true,"href":"https:\/\/www.evafm.net\/sitio\/wp-json\/wp\/v2\/tags?post=89066"}],"curies":[{"name":"wp","href":"https:\/\/api.w.org\/{rel}","templated":true}]}}