{"id":89071,"date":"2025-05-16T19:11:57","date_gmt":"2025-05-17T00:11:57","guid":{"rendered":"https:\/\/www.evafm.net\/sitio\/?p=89071"},"modified":"2025-05-16T19:11:57","modified_gmt":"2025-05-17T00:11:57","slug":"michael-morales-dio-el-peso-en-la-ufc","status":"publish","type":"post","link":"https:\/\/www.evafm.net\/sitio\/michael-morales-dio-el-peso-en-la-ufc\/","title":{"rendered":"Michael Morales dio el peso en la UFC"},"content":{"rendered":"<p><strong>El ecuatoriano Michael Morales <\/strong>pas\u00f3 con \u00e9xito el pesaje oficial y est\u00e1 listo para uno de los retos m\u00e1s importantes de su carrera en la <strong>UFC. <\/strong><\/p>\n<p>El tricolor marc\u00f3 <strong>170.5 libras<\/strong> en la balanza, superando sin problemas el l\u00edmite establecido para la categor\u00eda peso welter.<\/p>\n<p>&nbsp;<\/p>\n<p>Su rival, el brasile\u00f1o Gilbert \u201cDurinho\u201d Burns, tambi\u00e9n cumpli\u00f3 con el requisito al registrar 170 libras exactas, lo que deja la pelea oficialmente<\/p>\n<p>confirmada para este s\u00e1bado.<\/p>\n<p>&nbsp;<\/p>\n<p>Morales, invicto en su carrera profesional, se enfrenta a un exretador al t\u00edtulo y leyenda del oct\u00e1gono como Burns, en lo que promete ser un<\/p>\n<p>combate de alto voltaje y visibilidad internacional. El combate es parte de una cartelera estelar que podr\u00eda catapultar al ecuatoriano a la \u00e9lite<\/p>\n<p>de la divisi\u00f3n si consigue una victoria.<\/p>\n<p>&nbsp;<\/p>\n<p>Con el pesaje superado, ahora todo est\u00e1 listo para que Ecuador diga presente una vez m\u00e1s en la UFC, y Morales busque dejar en alto la<\/p>\n<p>bandera tricolor con otra actuaci\u00f3n memorable.<strong>(D)<\/strong><\/p>\n<p>&nbsp;<\/p>\n<blockquote class=\"twitter-tweet\" data-width=\"550\" data-dnt=\"true\">\n<p lang=\"en\" dir=\"ltr\">First to the scale \ud83d\udc4f<\/p>\n<p>Michael Morales weighs-in at 170.5lbs!<\/p>\n<p>[ <a href=\"https:\/\/twitter.com\/hashtag\/UFCVegas106?src=hash&amp;ref_src=twsrc%5Etfw\">#UFCVegas106<\/a> | TOMORROW on <a href=\"https:\/\/twitter.com\/ESPNPlus?ref_src=twsrc%5Etfw\">@ESPNPlus<\/a> | 7pmET ] <a href=\"https:\/\/t.co\/CTpp2UJMrF\">pic.twitter.com\/CTpp2UJMrF<\/a><\/p>\n<p>&mdash; UFC (@ufc) <a href=\"https:\/\/twitter.com\/ufc\/status\/1923410816134496408?ref_src=twsrc%5Etfw\">May 16, 2025<\/a><\/p><\/blockquote>\n<p><script async src=\"https:\/\/platform.twitter.com\/widgets.js\" charset=\"utf-8\"><\/script><\/p>\n<p>&nbsp;<\/p>\n<p><strong>Fuente:<\/strong> evafm.net &#8211; studiofutbol.com.ec<\/p>\n<div class=\"gsp_post_data\" \r\n\t            data-post_type=\"post\" \r\n\t            data-cat=\"deportes-internacionales\" \r\n\t            data-modified=\"120\"\r\n\t            data-created=\"1747422717\"\r\n\t            data-title=\"Michael Morales dio el peso en la UFC\" \r\n\t            data-home=\"https:\/\/www.evafm.net\/sitio\"><\/div>","protected":false},"excerpt":{"rendered":"<p>El ecuatoriano Michael Morales pas\u00f3 con \u00e9xito el pesaje oficial y est\u00e1 listo para uno de los retos m\u00e1s importantes de su carrera en la UFC. El tricolor marc\u00f3 170.5 libras en la balanza, superando sin problemas el l\u00edmite establecido para la categor\u00eda peso welter. &nbsp; Su rival, el brasile\u00f1o Gilbert \u201cDurinho\u201d Burns, tambi\u00e9n cumpli\u00f3&#8230;<\/p>\n","protected":false},"author":5,"featured_media":89072,"comment_status":"closed","ping_status":"open","sticky":false,"template":"","format":"standard","meta":{"_joinchat":[],"footnotes":""},"categories":[1342],"tags":[],"class_list":["post-89071","post","type-post","status-publish","format-standard","has-post-thumbnail","hentry","category-deportes-internacionales","have-post-thumb"],"_links":{"self":[{"href":"https:\/\/www.evafm.net\/sitio\/wp-json\/wp\/v2\/posts\/89071","targetHints":{"allow":["GET"]}}],"collection":[{"href":"https:\/\/www.evafm.net\/sitio\/wp-json\/wp\/v2\/posts"}],"about":[{"href":"https:\/\/www.evafm.net\/sitio\/wp-json\/wp\/v2\/types\/post"}],"author":[{"embeddable":true,"href":"https:\/\/www.evafm.net\/sitio\/wp-json\/wp\/v2\/users\/5"}],"replies":[{"embeddable":true,"href":"https:\/\/www.evafm.net\/sitio\/wp-json\/wp\/v2\/comments?post=89071"}],"version-history":[{"count":1,"href":"https:\/\/www.evafm.net\/sitio\/wp-json\/wp\/v2\/posts\/89071\/revisions"}],"predecessor-version":[{"id":89073,"href":"https:\/\/www.evafm.net\/sitio\/wp-json\/wp\/v2\/posts\/89071\/revisions\/89073"}],"wp:featuredmedia":[{"embeddable":true,"href":"https:\/\/www.evafm.net\/sitio\/wp-json\/wp\/v2\/media\/89072"}],"wp:attachment":[{"href":"https:\/\/www.evafm.net\/sitio\/wp-json\/wp\/v2\/media?parent=89071"}],"wp:term":[{"taxonomy":"category","embeddable":true,"href":"https:\/\/www.evafm.net\/sitio\/wp-json\/wp\/v2\/categories?post=89071"},{"taxonomy":"post_tag","embeddable":true,"href":"https:\/\/www.evafm.net\/sitio\/wp-json\/wp\/v2\/tags?post=89071"}],"curies":[{"name":"wp","href":"https:\/\/api.w.org\/{rel}","templated":true}]}}