{"id":89088,"date":"2025-05-17T20:58:22","date_gmt":"2025-05-18T01:58:22","guid":{"rendered":"https:\/\/www.evafm.net\/sitio\/?p=89088"},"modified":"2025-05-17T20:58:22","modified_gmt":"2025-05-18T01:58:22","slug":"el-aumento-de-la-violencia-de-ecuador-por-los-grupos-criminales","status":"publish","type":"post","link":"https:\/\/www.evafm.net\/sitio\/el-aumento-de-la-violencia-de-ecuador-por-los-grupos-criminales\/","title":{"rendered":"El aumento de la violencia de Ecuador por los grupos criminales"},"content":{"rendered":"<p>Ecuador enfrenta un a\u00f1o extremadamente violento, registrando su\u00a0<b><a href=\"https:\/\/www.ecuavisa.com\/la-noticia-a-fondo\/masacres-ecuador-845-fallecidos-abril-2025-AY9188200\" target=\"_blank\" rel=\"noopener noreferrer\">peor primer trimestre<\/a><\/b>\u00a0en cifras de muertes violentas desde que hay registros.<\/p>\n<p>John Reimberg, ministro del Interior, ha se\u00f1alado que el 91 % de estos asesinatos responden a enfrentamientos de bandas delictivas, las<\/p>\n<p><b>cuales han sido abordadas por polic\u00edas y militares en numerosos operativos<\/b>, en los cuales cada vez se encuentra armamento de<\/p>\n<p>mayor calibre.<\/p>\n<div id=\"sunmedia-div\"><\/div>\n<p>Cifras oficiales de seguridad se\u00f1alan que el uso de fusiles, caracterizados por disparar decenas de municiones en varios segundos, ha ido<\/p>\n<p>en aumento,\u00a0<b>con 164 personas asesinadas con ese tipo de arma larga<\/b>.<\/p>\n<p>&nbsp;<\/p>\n<p><strong>Armas usadas en asesinatos registrados en Ecuador en los primeros trimestres de 2023, 2024 y 2025.<\/strong><\/p>\n<div class=\"container container-bodyTop datawrapper-7hHcJ-13fcjr6\">\n<div class=\"container container-bodyCenter datawrapper-7hHcJ-112zasr\">\n<div class=\"container container-header datawrapper-7hHcJ-rpmls8\">\n<p class=\"block-description datawrapper-7hHcJ-1mtcx6q \">2025 registr\u00f3 el inicio de a\u00f1o m\u00e1s violento de Ecuador con 2361 asesinatos.<\/p>\n<p class=\"block-description datawrapper-7hHcJ-1mtcx6q \">Parte de ello responde a masacres, en las que son usadas armas que disparan varias municiones en segundos.<\/p>\n<\/div>\n<div id=\"chart\" class=\"dw-chart-body vis-height-fixed datawrapper-7hHcJ-15df7qt svelte-9ysojt\">\n<div class=\"dw-chart-body-content svelte-9ysojt\" aria-hidden=\"false\">\n<div class=\"table-container svelte-fxnudy\">\n<div class=\"table-scroll svelte-fxnudy\">\n<table class=\"medium datawrapper-7hHcJ-1k2zto9 svelte-fxnudy compact resortable desktop-only\" cellspacing=\"0\">\n<caption class=\"sr-only\">Tabla con 4 columnas y 3 filas.<\/caption>\n<thead>\n<tr class=\"datawrapper-7hHcJ-1wbuely svelte-fxnudy\">\n<th class=\"first type-text align-left cell svelte-6xkodm\" colspan=\"1\" scope=\"col\" data-column=\"X.1\" data-row=\"-1\"><\/th>\n<th class=\"force-padding type-number align-right resortable cell svelte-6xkodm is-heatmap\" colspan=\"1\" scope=\"col\" data-column=\"2023\" data-row=\"-1\"><button class=\"sort svelte-fxnudy\"><span class=\"content dw-bold\">2023<\/span><\/button><\/th>\n<th class=\"force-padding type-number align-right resortable cell svelte-6xkodm is-heatmap\" colspan=\"1\" scope=\"col\" data-column=\"2024\" data-row=\"-1\"><button class=\"sort svelte-fxnudy\"><span class=\"content dw-bold\">2024<\/span><\/button><\/th>\n<th class=\"last force-padding type-number align-right resortable cell svelte-6xkodm is-heatmap\" colspan=\"1\" scope=\"col\" data-column=\"2025\" data-row=\"-1\"><button class=\"sort svelte-fxnudy\"><span class=\"content dw-bold\">2025<\/span><\/button><\/th>\n<\/tr>\n<\/thead>\n<tbody>\n<tr class=\"datawrapper-7hHcJ-1c5djey svelte-fxnudy\">\n<th class=\"first type-text align-left align-vertical-middle td cell svelte-11k6b6d\" colspan=\"1\" scope=\"row\">Fusiles y armas largas<\/th>\n<td class=\"force-padding type-number align-right align-vertical-middle td cell is-heatmap svelte-11k6b6d\" colspan=\"1\">111<\/td>\n<td class=\"force-padding type-number align-right align-vertical-middle td cell is-heatmap svelte-11k6b6d\" colspan=\"1\">101<\/td>\n<td class=\"last force-padding type-number align-right align-vertical-middle td cell is-heatmap svelte-11k6b6d\" colspan=\"1\">164<\/td>\n<\/tr>\n<tr class=\"datawrapper-7hHcJ-1c5djey svelte-fxnudy\">\n<th class=\"first type-text align-left align-vertical-middle td cell svelte-11k6b6d\" colspan=\"1\" scope=\"row\">Pistolas y armas cortas<\/th>\n<td class=\"force-padding type-number inverted align-right align-vertical-middle td cell is-heatmap svelte-11k6b6d\" colspan=\"1\">1,159<\/td>\n<td class=\"force-padding type-number align-right align-vertical-middle td cell is-heatmap svelte-11k6b6d\" colspan=\"1\">987<\/td>\n<td class=\"last force-padding type-number inverted align-right align-vertical-middle td cell is-heatmap svelte-11k6b6d\" colspan=\"1\">1,879<\/td>\n<\/tr>\n<tr class=\"datawrapper-7hHcJ-1c5djey svelte-fxnudy\">\n<th class=\"first type-text align-left align-vertical-middle td cell svelte-11k6b6d\" colspan=\"1\" scope=\"row\">Armas blancas y otros objetos<\/th>\n<td class=\"force-padding type-number align-right align-vertical-middle td cell is-heatmap svelte-11k6b6d\" colspan=\"1\">428<\/td>\n<td class=\"force-padding type-number align-right align-vertical-middle td cell is-heatmap svelte-11k6b6d\" colspan=\"1\">344<\/td>\n<td class=\"last force-padding type-number align-right align-vertical-middle td cell is-heatmap svelte-11k6b6d\" colspan=\"1\">318<\/td>\n<\/tr>\n<\/tbody>\n<\/table>\n<\/div>\n<\/div>\n<\/div>\n<\/div>\n<\/div>\n<\/div>\n<div class=\"container container-footer datawrapper-7hHcJ-1glppcz\">\n<div class=\"block-notes datawrapper-7hHcJ-dqwksv \">La categor\u00eda de armas blancas y otros objetos incluyen machetes, sogas, cables, piedras, garrotes y martillos.<\/div>\n<div class=\"container container-footerMain datawrapper-7hHcJ-1jrvvdx\"><span class=\"block-byline datawrapper-7hHcJ-1nrs9uk \"><span class=\"caption\">Tabla:<\/span>\u00a0Ecuavisa<\/span><span class=\"block-source datawrapper-7hHcJ-1nrs9uk \"><span class=\"caption\">Fuente:<\/span>\u00a0<span class=\"source\">Ministerio del Interior<\/span><\/span><a class=\"block-getTheData datawrapper-7hHcJ-idivi9 \" target=\"_self\"><span class=\"caption\">Descargar\u00a0los datos<\/span><\/a><span class=\"block-attribution datawrapper-7hHcJ-1nrs9uk \"><span class=\"caption\">Creado con<\/span>\u00a0<a href=\"https:\/\/www.datawrapper.de\/_\/7hHcJ\" target=\"_blank\" rel=\"noopener\">Datawrapper<\/a><\/span><\/div>\n<\/div>\n<p>&nbsp;<\/p>\n<div class=\"container container-bodyTop datawrapper-7hHcJ-13fcjr6\">\n<div class=\"container container-bodyCenter datawrapper-7hHcJ-112zasr\">\n<div class=\"container container-header datawrapper-7hHcJ-rpmls8\"><\/div>\n<\/div>\n<\/div>\n<p>Pese a que 2025 registr\u00f3 2 361 asesinatos en sus primeros tres meses<b>,\u00a0<\/b>superando registros anteriores,<b>\u00a0ha descendido el uso de armas blancas y otros objetos similares para cometer asesinatos<\/b>.<\/p>\n<p>&nbsp;<\/p>\n<p>El uso de machetes, dagas y cuchillos hist\u00f3ricamente han estado asociados con muertes violentas provocadas en robos, ri\u00f1as y por la violencia intrafamiliar, lo que sugiere que<\/p>\n<p><b>\u00a0hora hay m\u00e1s cr\u00edmenes motivados por disputa de zonas de tr\u00e1fico de droga, amenazas a bandas contrincantes y territorios de extorsi\u00f3n, las cuales han dejado v\u00edctimas colaterales.<\/b><\/p>\n<p>&nbsp;<\/p>\n<p><strong>Las armadas halladas por el Bloque de Seguridad:<\/strong><\/p>\n<p>&nbsp;<\/p>\n<p><strong>Armas decomisadas por polic\u00edas y militares en Ecuador, en los primeros trimestres de 2023, 2024 y 2025:<\/strong><\/p>\n<p>Cada vez se decomisan m\u00e1s fusiles, carabinas, submetralladoras y ametralladoras en Ecuador.<\/p>\n<div class=\"container container-bodyTop datawrapper-SmEkU-13fcjr6\">\n<div class=\"container container-bodyCenter datawrapper-SmEkU-112zasr\">\n<div id=\"chart\" class=\"dw-chart-body vis-height-fixed datawrapper-SmEkU-15df7qt svelte-9ysojt\">\n<div class=\"dw-chart-body-content svelte-9ysojt\" aria-hidden=\"false\">\n<div class=\"table-container svelte-fxnudy\">\n<div class=\"table-scroll svelte-fxnudy\">\n<table class=\"medium datawrapper-SmEkU-1k2zto9 svelte-fxnudy resortable resorted\" cellspacing=\"0\">\n<caption class=\"sr-only\">Tabla con 4 columnas y 4 filas. Ordenado de forma ascendente por columna \u00ab2023\u00bb<\/caption>\n<thead>\n<tr class=\"datawrapper-SmEkU-1wbuely svelte-fxnudy\">\n<th class=\"first type-text align-left cell svelte-6xkodm\" colspan=\"1\" scope=\"col\" data-column=\"X.1\" data-row=\"-1\"><\/th>\n<th class=\"force-padding type-number align-right resortable sort-asc cell svelte-6xkodm is-heatmap\" colspan=\"1\" scope=\"col\" data-column=\"2023\" data-row=\"-1\"><button class=\"sort svelte-fxnudy\"><span class=\"content dw-bold\">2023<\/span><\/button><\/th>\n<th class=\"force-padding type-number align-right resortable cell svelte-6xkodm is-heatmap\" colspan=\"1\" scope=\"col\" data-column=\"2024\" data-row=\"-1\"><button class=\"sort svelte-fxnudy\"><span class=\"content dw-bold\">2024<\/span><\/button><\/th>\n<th class=\"last force-padding type-number align-right resortable cell svelte-6xkodm is-heatmap\" colspan=\"1\" scope=\"col\" data-column=\"2025\" data-row=\"-1\"><button class=\"sort svelte-fxnudy\"><span class=\"content dw-bold\">2025<\/span><\/button><\/th>\n<\/tr>\n<\/thead>\n<tbody>\n<tr class=\"datawrapper-SmEkU-1c5djey svelte-fxnudy\">\n<th class=\"first type-text align-left align-vertical-middle td cell svelte-11k6b6d\" colspan=\"1\" scope=\"row\">Otros<\/th>\n<td class=\"force-padding type-number align-right align-vertical-middle td cell is-heatmap svelte-11k6b6d\" colspan=\"1\">83<\/td>\n<td class=\"force-padding type-number align-right align-vertical-middle td cell is-heatmap svelte-11k6b6d\" colspan=\"1\">108<\/td>\n<td class=\"last force-padding type-number align-right align-vertical-middle td cell is-heatmap svelte-11k6b6d\" colspan=\"1\">60<\/td>\n<\/tr>\n<tr class=\"datawrapper-SmEkU-1c5djey svelte-fxnudy\">\n<th class=\"first type-text align-left align-vertical-middle td cell svelte-11k6b6d\" colspan=\"1\" scope=\"row\">Escopetas<\/th>\n<td class=\"force-padding type-number inverted align-right align-vertical-middle td cell is-heatmap svelte-11k6b6d\" colspan=\"1\">277<\/td>\n<td class=\"force-padding type-number inverted align-right align-vertical-middle td cell is-heatmap svelte-11k6b6d\" colspan=\"1\">334<\/td>\n<td class=\"last force-padding type-number inverted align-right align-vertical-middle td cell is-heatmap svelte-11k6b6d\" colspan=\"1\">397<\/td>\n<\/tr>\n<tr class=\"datawrapper-SmEkU-1c5djey svelte-fxnudy\">\n<th class=\"first type-text align-left align-vertical-middle td cell svelte-11k6b6d\" colspan=\"1\" scope=\"row\">Fusiles y submetralladoras<\/th>\n<td class=\"force-padding type-number inverted align-right align-vertical-middle td cell is-heatmap svelte-11k6b6d\" colspan=\"1\">310<\/td>\n<td class=\"force-padding type-number inverted align-right align-vertical-middle td cell is-heatmap svelte-11k6b6d\" colspan=\"1\">371<\/td>\n<td class=\"last force-padding type-number inverted align-right align-vertical-middle td cell is-heatmap svelte-11k6b6d\" colspan=\"1\">364<\/td>\n<\/tr>\n<tr class=\"datawrapper-SmEkU-1c5djey svelte-fxnudy\">\n<th class=\"first type-text align-left align-vertical-middle td cell svelte-11k6b6d\" colspan=\"1\" scope=\"row\">Pistolas y armas cortas<\/th>\n<td class=\"force-padding type-number inverted align-right align-vertical-middle td cell is-heatmap svelte-11k6b6d\" colspan=\"1\">1,933<\/td>\n<td class=\"force-padding type-number inverted align-right align-vertical-middle td cell is-heatmap svelte-11k6b6d\" colspan=\"1\">2,306<\/td>\n<td class=\"last force-padding type-number inverted align-right align-vertical-middle td cell is-heatmap svelte-11k6b6d\" colspan=\"1\">1,895<\/td>\n<\/tr>\n<\/tbody>\n<\/table>\n<\/div>\n<\/div>\n<\/div>\n<\/div>\n<\/div>\n<\/div>\n<div class=\"container container-footer datawrapper-SmEkU-1glppcz\">\n<div class=\"block-notes datawrapper-SmEkU-dqwksv \">La categor\u00eda otros incluye explosivos, repetidoras, lanzagranadas y otras armas no especificadas.<\/div>\n<div class=\"container container-footerMain datawrapper-SmEkU-1jrvvdx\"><span class=\"block-byline datawrapper-SmEkU-1nrs9uk \"><span class=\"caption\">Tabla:<\/span>\u00a0Ecuavisa<\/span><span class=\"block-source datawrapper-SmEkU-1nrs9uk \"><span class=\"caption\">Fuente:<\/span>\u00a0<span class=\"source\">Mnisterio del Interior<\/span><\/span><span class=\"block-attribution datawrapper-SmEkU-1nrs9uk \"><span class=\"caption\">Creado con<\/span>\u00a0<a href=\"https:\/\/www.datawrapper.de\/_\/SmEkU\" target=\"_blank\" rel=\"noopener\">Datawrapper<\/a><\/span><\/div>\n<\/div>\n<p>&nbsp;<\/p>\n<p>&nbsp;<\/p>\n<p>La Polic\u00eda Nacional y las Fuerzas Armadas<b>\u00a0han realizado miles de operativos contra integrantes de grupos delictivos<\/b>, quienes han aumentado cada vez m\u00e1s su arsenal.<\/p>\n<p>En el primer trimestre de 2023, 2 603 armas fueron decomisadas, en 2024 fueron 3 119, mientras que en enero, febrero y marzo de este a\u00f1o, los uniformados incautaron 2 716 armas.<\/p>\n<p>La t\u00f3nica similar en los \u00faltimos tres a\u00f1os<b>\u00a0es el hallazgo de m\u00e1s fusiles, carabinas, submetralladoras y ametralladoras<\/b>\u00a0en Ecuador, como tambi\u00e9n de escopetas.<\/p>\n<p>&nbsp;<\/p>\n<p>Un informe publicado por el Observatorio Ecuatoriano de Crimen Organizado (OECO) en junio de 2024 apunta que las armas largas nuevas, tipo fusil, pueden costar entre<\/p>\n<p><strong> USD 8 000 y USD 15 000<\/strong>, dependiendo del modelo y del calibre.<\/p>\n<p>&nbsp;<\/p>\n<p>Las armas de ca\u00f1\u00f3n corto, como pistolas y rev\u00f3lveres, son m\u00e1s accesibles.<\/p>\n<p>Un rev\u00f3lver Glock usado cuesta entre<strong> USD 100 y USD 250<\/strong>, mientras que un dispositivo nuevo el valor alcanza los <strong>USD 2 000.<\/strong><\/p>\n<p>&nbsp;<\/p>\n<p><b>El ingreso ilegal de armas a Ecuador tiene m\u00faltiples modalidades, rutas y or\u00edgenes<\/b>.<\/p>\n<p>Las armas, fabricadas en distintos pa\u00edses, ingresan por tierra desde<strong> Colombia y Per\u00fa,<\/strong> por el oc\u00e9ano Pac\u00edfico y a trav\u00e9s de avionetas que entran al pa\u00eds a cargar droga y a dejar dinero<\/p>\n<p>o armas.<\/p>\n<p>Un ejemplo de la llegada de armamento por v\u00eda mar\u00edtima fue\u00a0<b><a href=\"https:\/\/www.ecuavisa.com\/noticias\/seguridad\/2024-08-16-armas-el-salvador-mexico-ecuador-XL7850451\" target=\"_blank\" rel=\"noopener noreferrer\">lo incautado por la Armada de El Salvador<\/a><\/b>\u00a0en agosto de 2024, cuando hallaron una embarcaci\u00f3n proveniente de M\u00e9xico<\/p>\n<p>que transportaba 30 armas largas a Ecuador.<\/p>\n<p>&nbsp;<\/p>\n<p>Se transportaban dos carabinas, 20 fusiles AK-47, una ametralladora, un fusil de francotirador Barrett, alimentadoras de fusil y cientos de municiones.<strong> (I)<\/strong><\/p>\n<p>&nbsp;<\/p>\n<p><strong>Fuente<\/strong>: evafm.net &#8211; ecuavisa.com<\/p>\n<p>&nbsp;<\/p>\n<p>&nbsp;<\/p>\n<p>&nbsp;<\/p>\n<div class=\"gsp_post_data\" \r\n\t            data-post_type=\"post\" \r\n\t            data-cat=\"general,noticias-ecuador,uncategorized\" \r\n\t            data-modified=\"120\"\r\n\t            data-created=\"1747515502\"\r\n\t            data-title=\"El aumento de la violencia de Ecuador por los grupos criminales\" \r\n\t            data-home=\"https:\/\/www.evafm.net\/sitio\"><\/div>","protected":false},"excerpt":{"rendered":"<p>Ecuador enfrenta un a\u00f1o extremadamente violento, registrando su\u00a0peor primer trimestre\u00a0en cifras de muertes violentas desde que hay registros. John Reimberg, ministro del Interior, ha se\u00f1alado que el 91 % de estos asesinatos responden a enfrentamientos de bandas delictivas, las cuales han sido abordadas por polic\u00edas y militares en numerosos operativos, en los cuales cada vez&#8230;<\/p>\n","protected":false},"author":5,"featured_media":89105,"comment_status":"closed","ping_status":"open","sticky":false,"template":"","format":"standard","meta":{"_joinchat":[],"footnotes":""},"categories":[1720,1558,1],"tags":[],"class_list":["post-89088","post","type-post","status-publish","format-standard","has-post-thumbnail","hentry","category-general","category-noticias-ecuador","category-uncategorized","have-post-thumb"],"_links":{"self":[{"href":"https:\/\/www.evafm.net\/sitio\/wp-json\/wp\/v2\/posts\/89088","targetHints":{"allow":["GET"]}}],"collection":[{"href":"https:\/\/www.evafm.net\/sitio\/wp-json\/wp\/v2\/posts"}],"about":[{"href":"https:\/\/www.evafm.net\/sitio\/wp-json\/wp\/v2\/types\/post"}],"author":[{"embeddable":true,"href":"https:\/\/www.evafm.net\/sitio\/wp-json\/wp\/v2\/users\/5"}],"replies":[{"embeddable":true,"href":"https:\/\/www.evafm.net\/sitio\/wp-json\/wp\/v2\/comments?post=89088"}],"version-history":[{"count":1,"href":"https:\/\/www.evafm.net\/sitio\/wp-json\/wp\/v2\/posts\/89088\/revisions"}],"predecessor-version":[{"id":89106,"href":"https:\/\/www.evafm.net\/sitio\/wp-json\/wp\/v2\/posts\/89088\/revisions\/89106"}],"wp:featuredmedia":[{"embeddable":true,"href":"https:\/\/www.evafm.net\/sitio\/wp-json\/wp\/v2\/media\/89105"}],"wp:attachment":[{"href":"https:\/\/www.evafm.net\/sitio\/wp-json\/wp\/v2\/media?parent=89088"}],"wp:term":[{"taxonomy":"category","embeddable":true,"href":"https:\/\/www.evafm.net\/sitio\/wp-json\/wp\/v2\/categories?post=89088"},{"taxonomy":"post_tag","embeddable":true,"href":"https:\/\/www.evafm.net\/sitio\/wp-json\/wp\/v2\/tags?post=89088"}],"curies":[{"name":"wp","href":"https:\/\/api.w.org\/{rel}","templated":true}]}}