{"id":89089,"date":"2025-05-17T21:00:38","date_gmt":"2025-05-18T02:00:38","guid":{"rendered":"https:\/\/www.evafm.net\/sitio\/?p=89089"},"modified":"2025-05-17T21:00:38","modified_gmt":"2025-05-18T02:00:38","slug":"donald-trump-hablara-el-lunes-por-separado-con-vladimir-putin-y-volodimir-zelensky","status":"publish","type":"post","link":"https:\/\/www.evafm.net\/sitio\/donald-trump-hablara-el-lunes-por-separado-con-vladimir-putin-y-volodimir-zelensky\/","title":{"rendered":"Donald Trump hablar\u00e1 el lunes por separado con Vladimir Putin y Volodimir Zelensky"},"content":{"rendered":"<p class=\"paragraph\" data-mrf-recirculation=\"Links inline\">El presidente de Estados Unidos,\u00a0<b>Donald Trump<\/b>, inform\u00f3 que\u00a0<b>hablar\u00e1 el lunes por separado<\/b>\u00a0con el mandatario ruso,\u00a0<b>Vladimir Putin<\/b>; y el ucraniano,\u00a0<b>Volodimir Zelensky<\/b>, sobre la guerra.<\/p>\n<p data-mrf-recirculation=\"Links inline\">A trav\u00e9s de su red <strong>Truth Social,<\/strong> expres\u00f3: \u201c<b>Hablar\u00e9 por tel\u00e9fono con el presidente ruso Vladimir Putin el lunes a las 10:00 am<\/b>.<\/p>\n<p data-mrf-recirculation=\"Links inline\">Los temas de la llamada ser\u00e1n detener la masacre que mata, en promedio, a m\u00e1s de <strong>5.000 soldados rusos y ucranianos a la semana, y el comercio\u00bb.<\/strong><\/p>\n<p data-mrf-recirculation=\"Links inline\">En el mismo mensaje, agreg\u00f3: \u201c<b>Despu\u00e9s, hablar\u00e9 con el presidente ucraniano Zelensky\u00a0<\/b>y, junto con \u00e9l, con\u00a0<b>varios miembros de la OTAN<\/b>\u201c.<\/p>\n<p data-mrf-recirculation=\"Links inline\">\u201c<b>Ojal\u00e1 sea un d\u00eda productivo, se logre un alto al fuego y termine esta guerra tan violenta, una guerra que nunca debi\u00f3 ocurrir<\/b>. \u00a1Que Dios nos bendiga a todos!\u201c, concluy\u00f3.<\/p>\n<p data-mrf-recirculation=\"Links inline\">M\u00e1s temprano este s\u00e1bado, el ministro de Exteriores ruso,\u00a0<b>Sergu\u00e9i Lavrov<\/b>, y el secretario de Estado de Estados Unidos,\u00a0<b>Marco Rubio<\/b>, destacaron a trav\u00e9s de una llamada telef\u00f3nica<\/p>\n<p data-mrf-recirculation=\"Links inline\">su\u00a0<a title=\"https:\/\/www.infobae.com\/america\/mundo\/2025\/05\/17\/marco-rubio-mantuvo-una-conversacion-telefonica-con-serguei-lavrov-tras-la-ronda-de-dialogos-entre-ucranianos-y-rusos-en-turquia\/\" href=\"https:\/\/www.infobae.com\/america\/mundo\/2025\/05\/17\/marco-rubio-mantuvo-una-conversacion-telefonica-con-serguei-lavrov-tras-la-ronda-de-dialogos-entre-ucranianos-y-rusos-en-turquia\/\" target=\"_blank\" rel=\"noopener noreferrer\" data-mrf-link=\"https:\/\/www.infobae.com\/america\/mundo\/2025\/05\/17\/marco-rubio-mantuvo-una-conversacion-telefonica-con-serguei-lavrov-tras-la-ronda-de-dialogos-entre-ucranianos-y-rusos-en-turquia\/\">disposici\u00f3n para seguir trabajando juntos<\/a>\u00a0en alcanzar la paz en Ucrania.<\/p>\n<p class=\"paragraph\" data-mrf-recirculation=\"Links inline\">\u201cEl se\u00f1or Rubio percibi\u00f3 con\u00a0<b>satisfacci\u00f3n<\/b>\u00a0los acuerdos sobre el intercambio de prisioneros de guerra y acerca de la puesta sobre la mesa por cada una de las partes (Ucrania y Rusia)<\/p>\n<p class=\"paragraph\" data-mrf-recirculation=\"Links inline\">de las condiciones que ven necesarias para alcanzar una tregua, as\u00ed como subray\u00f3 la disposici\u00f3n de Washington a seguir facilitando la b\u00fasqueda de una soluci\u00f3n\u201d, reza el comunicado<\/p>\n<p class=\"paragraph\" data-mrf-recirculation=\"Links inline\">en Telegram del Ministerio de Exteriores ruso.<\/p>\n<p class=\"paragraph\" data-mrf-recirculation=\"Links inline\">A ello a\u00f1aden que la parte rusa \u201c<b>confirm\u00f3 la disposici\u00f3n de Mosc\u00fa a seguir colaborando con sus colegas estadounidenses en este contexto<\/b>\u201d.<\/p>\n<p class=\"paragraph\" data-mrf-recirculation=\"Links inline\">La conversaci\u00f3n telef\u00f3nica entre los diplom\u00e1ticos y el posterior mensaje de Trump tuvieron lugar tras\u00a0<a title=\"https:\/\/www.infobae.com\/america\/mundo\/2025\/05\/16\/termino-la-primera-sesion-de-las-negociaciones-de-paz-entre-ucrania-y-rusia-en-estambul-que-planteo-cada-parte\/\" href=\"https:\/\/www.infobae.com\/america\/mundo\/2025\/05\/16\/termino-la-primera-sesion-de-las-negociaciones-de-paz-entre-ucrania-y-rusia-en-estambul-que-planteo-cada-parte\/\" target=\"_blank\" rel=\"noopener noreferrer\" data-mrf-link=\"https:\/\/www.infobae.com\/america\/mundo\/2025\/05\/16\/termino-la-primera-sesion-de-las-negociaciones-de-paz-entre-ucrania-y-rusia-en-estambul-que-planteo-cada-parte\/\">la ronda de di\u00e1logos entre ucranianos y rusos este viernes en Turqu\u00eda<\/a>.<\/p>\n<p class=\"paragraph\" data-mrf-recirculation=\"Links inline\">Tras\u00a0<b>una hora y 45 minutos reunidas<\/b>, las delegaciones dieron por terminado su primer encuentro directo desde 2022 para intentar encontrar una salida negociada a la guerra causada<\/p>\n<p class=\"paragraph\" data-mrf-recirculation=\"Links inline\">por la invasi\u00f3n de Rusia, seg\u00fan inform\u00f3 la agencia oficialista turca\u00a0<i>Anadolu<\/i>\u00a0desde Estambul.<\/p>\n<p class=\"paragraph\" data-mrf-recirculation=\"Links inline\">La agencia se\u00f1al\u00f3 que el encuentro, en el que actu\u00f3 como mediador el ministro turco de Exteriores,\u00a0<b>Hakan Fidfan<\/b>, no lleg\u00f3 a las dos horas de reuni\u00f3n.<\/p>\n<p class=\"paragraph\" data-mrf-recirculation=\"Links inline\">\u00a0<i>Suspilne<\/i>, la televisi\u00f3n p\u00fablica ucraniana, se refiri\u00f3, por su parte, a una \u201cpausa\u201d en estas conversaciones.<\/p>\n<p class=\"paragraph\" data-mrf-recirculation=\"Links inline\">Durante la reuni\u00f3n,\u00a0<b>Rusia puso como condici\u00f3n que Ucrania retire a sus tropas de las cuatro regiones ucranianas que Mosc\u00fa se ha anexionado durante su invasi\u00f3n<\/b><\/p>\n<p class=\"paragraph\" data-mrf-recirculation=\"Links inline\">\u00a0indic\u00f3 a\u00a0<strong><i>Suspilne\u00a0<\/i><\/strong>una fuente de la delegaci\u00f3n ucraniana.<\/p>\n<p class=\"paragraph\" data-mrf-recirculation=\"Links inline\">Esa demanda, que\u00a0<b>Kiev rechaza de plano<\/b>, fue planteada por Mosc\u00fa el pasado mes de junio.<\/p>\n<p class=\"paragraph\" data-mrf-recirculation=\"Links inline\">Adem\u00e1s,\u00a0<b>se abrieron las puertas para un intercambio de 1.000 prisioneros de cada bando<\/b>.<\/p>\n<p class=\"paragraph\" data-mrf-recirculation=\"Links inline\">Y Rusia anunci\u00f3 que estudiar\u00e1 las propuestas de un\u00a0<b>alto el fuego\u00a0<\/b>y de una\u00a0<b>cumbre Putin-Zelensky<\/b>.<\/p>\n<p class=\"paragraph\" data-mrf-recirculation=\"Links inline\"><u>Las posiciones oficiales de ambos pa\u00edses<\/u>:<\/p>\n<p class=\"paragraph\" data-mrf-recirculation=\"Links inline\"><strong>Territorios para Mosc\u00fa<\/strong><\/p>\n<p class=\"paragraph\" data-mrf-recirculation=\"Links inline\">Desde el inicio de la invasi\u00f3n en febrero de 2022, el presidente ruso,\u00a0<b>Vladimir Putin<\/b>, ha mantenido exigencias maximalistas. Insiste en que el proceso de resoluci\u00f3n debe abordar<\/p>\n<p class=\"paragraph\" data-mrf-recirculation=\"Links inline\">las \u201c<b>causas profundas<\/b>\u201d del conflicto, empezando por la aspiraci\u00f3n de Ucrania de unirse a la OTAN, alianza que Mosc\u00fa considera una amenaza existencial en sus fronteras.<\/p>\n<p class=\"paragraph\" data-mrf-recirculation=\"Links inline\">Adem\u00e1s,\u00a0<b>Rusia reclama la anexi\u00f3n de cuatro regiones del sur y este de Ucrania<\/b>\u00a0que controla parcialmente (Donetsk, Lugansk, Kherson y Zaporiyia), as\u00ed como la pen\u00ednsula de\u00a0<b>Crimea<\/b><\/p>\n<p class=\"paragraph\" data-mrf-recirculation=\"Links inline\">\u00a0que fue anexionada en 2014.<\/p>\n<p class=\"paragraph\" data-mrf-recirculation=\"Links inline\">A finales de marzo, Lavrov declar\u00f3 que el \u201c<b>reconocimiento internacional<\/b>\u201d de que estos territorios pertenecen a Mosc\u00fa es \u201cimperativo\u201d para una resoluci\u00f3n del conflicto.<\/p>\n<div class=\"undefined ad-wrapper\">\n<div class=\"dfpAd \">\n<div id=\"america\/mundo\/nota\/undefined\" class=\"america\/mundo\/nota\/undefined arcad\"><\/div>\n<\/div>\n<\/div>\n<p class=\"paragraph\" data-mrf-recirculation=\"Links inline\">Putin presenta m\u00faltiples justificaciones para la ofensiva lanzada en febrero de 2022, entre ellas la \u201cprotecci\u00f3n\u201d de los rusohablantes del este de Ucrania y la \u201cdesnazificaci\u00f3n\u201d de un pa\u00eds que<\/p>\n<p class=\"paragraph\" data-mrf-recirculation=\"Links inline\">seg\u00fan \u00e9l, est\u00e1 bajo el control de potencias occidentales hostiles a Rusia.<\/p>\n<p class=\"paragraph\" data-mrf-recirculation=\"Links inline\">Mosc\u00fa tambi\u00e9n exige el cese de los env\u00edos de armas occidentales y la eliminaci\u00f3n de grupos ultranacionalistas ucranianos.<\/p>\n<p class=\"paragraph\" data-mrf-recirculation=\"Links inline\">A finales de marzo, Putin incluso sugiri\u00f3 una \u201c<b>administraci\u00f3n transitoria<\/b>\u201d en Ucrania bajo la \u00e9gida de la ONU, lo que implicar\u00eda la salida del presidente\u00a0<b>Volodimir Zelensky<\/b>.<\/p>\n<div class=\"undefined ad-wrapper\">\n<div class=\"dfpAd \">\n<div id=\"america\/mundo\/nota\/undefined\" class=\"america\/mundo\/nota\/undefined arcad\"><\/div>\n<\/div>\n<\/div>\n<p class=\"paragraph\" data-mrf-recirculation=\"Links inline\">Putin no reconoce la legitimidad de su hom\u00f3logo ucraniano Zelensky, alegando que su mandato de cinco a\u00f1os expir\u00f3 en mayo de 2024, aunque las elecciones han resultado imposibles<\/p>\n<p class=\"paragraph\" data-mrf-recirculation=\"Links inline\">debido a la guerra.<\/p>\n<p class=\"paragraph\" data-mrf-recirculation=\"Links inline\">Tambi\u00e9n sostiene que la revoluci\u00f3n del Maid\u00e1n, que llev\u00f3 al poder a autoridades prooccidentales en 2014, fue un \u201cgolpe de Estado\u201d contra el entonces presidente prorruso.<strong>(I)<\/strong><\/p>\n<p data-mrf-recirculation=\"Links inline\"><strong>Fuente:<\/strong> evafm.net\u00a0 &#8211; infobae.com<\/p>\n<div class=\"news-module\" data-mrf-recirculation=\"IL_GBLs3HYWRq2RgU4Qz8MM1Q\" data-testid=\"text-html\" data-mrf-experience=\"IL_GBLs3HYWRq2RgU4Qz8MM1Q\">\n<div class=\"recommended-card__image-container\"><\/div>\n<\/div>\n<div class=\"gsp_post_data\" \r\n\t            data-post_type=\"post\" \r\n\t            data-cat=\"general,noticias-internacionales,uncategorized\" \r\n\t            data-modified=\"120\"\r\n\t            data-created=\"1747515638\"\r\n\t            data-title=\"Donald Trump hablar\u00e1 el lunes por separado con Vladimir Putin y Volodimir Zelensky\" \r\n\t            data-home=\"https:\/\/www.evafm.net\/sitio\"><\/div>","protected":false},"excerpt":{"rendered":"<p>El presidente de Estados Unidos,\u00a0Donald Trump, inform\u00f3 que\u00a0hablar\u00e1 el lunes por separado\u00a0con el mandatario ruso,\u00a0Vladimir Putin; y el ucraniano,\u00a0Volodimir Zelensky, sobre la guerra. A trav\u00e9s de su red Truth Social, expres\u00f3: \u201cHablar\u00e9 por tel\u00e9fono con el presidente ruso Vladimir Putin el lunes a las 10:00 am. Los temas de la llamada ser\u00e1n detener la masacre&#8230;<\/p>\n","protected":false},"author":5,"featured_media":89107,"comment_status":"closed","ping_status":"open","sticky":false,"template":"","format":"standard","meta":{"_joinchat":[],"footnotes":""},"categories":[1720,1345,1],"tags":[],"class_list":["post-89089","post","type-post","status-publish","format-standard","has-post-thumbnail","hentry","category-general","category-noticias-internacionales","category-uncategorized","have-post-thumb"],"_links":{"self":[{"href":"https:\/\/www.evafm.net\/sitio\/wp-json\/wp\/v2\/posts\/89089","targetHints":{"allow":["GET"]}}],"collection":[{"href":"https:\/\/www.evafm.net\/sitio\/wp-json\/wp\/v2\/posts"}],"about":[{"href":"https:\/\/www.evafm.net\/sitio\/wp-json\/wp\/v2\/types\/post"}],"author":[{"embeddable":true,"href":"https:\/\/www.evafm.net\/sitio\/wp-json\/wp\/v2\/users\/5"}],"replies":[{"embeddable":true,"href":"https:\/\/www.evafm.net\/sitio\/wp-json\/wp\/v2\/comments?post=89089"}],"version-history":[{"count":1,"href":"https:\/\/www.evafm.net\/sitio\/wp-json\/wp\/v2\/posts\/89089\/revisions"}],"predecessor-version":[{"id":89108,"href":"https:\/\/www.evafm.net\/sitio\/wp-json\/wp\/v2\/posts\/89089\/revisions\/89108"}],"wp:featuredmedia":[{"embeddable":true,"href":"https:\/\/www.evafm.net\/sitio\/wp-json\/wp\/v2\/media\/89107"}],"wp:attachment":[{"href":"https:\/\/www.evafm.net\/sitio\/wp-json\/wp\/v2\/media?parent=89089"}],"wp:term":[{"taxonomy":"category","embeddable":true,"href":"https:\/\/www.evafm.net\/sitio\/wp-json\/wp\/v2\/categories?post=89089"},{"taxonomy":"post_tag","embeddable":true,"href":"https:\/\/www.evafm.net\/sitio\/wp-json\/wp\/v2\/tags?post=89089"}],"curies":[{"name":"wp","href":"https:\/\/api.w.org\/{rel}","templated":true}]}}