{"id":89095,"date":"2025-05-17T17:35:40","date_gmt":"2025-05-17T22:35:40","guid":{"rendered":"https:\/\/www.evafm.net\/sitio\/?p=89095"},"modified":"2025-05-17T17:35:40","modified_gmt":"2025-05-17T22:35:40","slug":"bayer-leverkusen-empato-en-la-despedida-de-xabi-alonso","status":"publish","type":"post","link":"https:\/\/www.evafm.net\/sitio\/bayer-leverkusen-empato-en-la-despedida-de-xabi-alonso\/","title":{"rendered":"Bayer Leverkusen empat\u00f3 en la despedida de Xabi Alonso"},"content":{"rendered":"<p><strong>El Mainz 05 y Bayer Leverkusen empataron 2-2<\/strong> en la \u00faltima jornada de la<strong> Bundesliga 2024\/25,<\/strong> en un partido disputado en casa del conjunto de <strong>Maguncia. <\/strong><\/p>\n<p>Con este resultado, el Mainz logr\u00f3 asegurar su clasificaci\u00f3n a la pr\u00f3xima edici\u00f3n de la<strong> UEFA Conference League,<\/strong> cerrando la temporada con una importante<\/p>\n<p>recompensa en lo internacional.<\/p>\n<p>&nbsp;<\/p>\n<p>El ecuatoriano <strong>Piero Hincapi\u00e9<\/strong> volvi\u00f3 a ser titular y complet\u00f3 los 90 minutos con <strong>Bayer Leverkusen. <\/strong><\/p>\n<p>Aunque la defensa tuvo dificultades en el primer tiempo, el equipo logr\u00f3 ajustar en la segunda parte y mostr\u00f3 una mejor cara en su funcionamiento colectivo<\/p>\n<p>en especial en la zona baja, donde Hincapi\u00e9 se mantuvo firme.<\/p>\n<p>&nbsp;<\/p>\n<p>Este encuentro tambi\u00e9n marc\u00f3 el fin de una etapa: fue el \u00faltimo partido de Xabi Alonso como director t\u00e9cnico del Leverkusen.<\/p>\n<p>El espa\u00f1ol se despidi\u00f3 del club tras una destacada gesti\u00f3n y ahora asumir\u00e1 el desaf\u00edo de dirigir al Real Madrid, dando un paso importante en su carrera como<\/p>\n<p>entrenador. <strong>(D)<\/strong><\/p>\n<p>&nbsp;<\/p>\n<p><strong>Goles del Mainz 05<\/strong><\/p>\n<p><strong>Paul Nebel<\/strong> en el <strong>(minuto 35)<\/strong><\/p>\n<p><strong>Jonathan Burkardt<\/strong> en el <strong>(minuto 63 mediante pena m\u00e1xima)<\/strong><\/p>\n<p>&nbsp;<\/p>\n<p><strong>Goles del Bayer Leverkusen\u00a0<\/strong><\/p>\n<p><strong>Patrick Schick<\/strong> en el <strong>(minuto 49 mediante pena m\u00e1xima y 54)<\/strong><\/p>\n<p><iframe title=\"PARTIDAZO Y EMPATE ENTRE EL LEVERKUSEN Y MAINZ POR LA BUNDESLIGA | Mainz 2-2 B. Leverkusen | RESUMEN\" width=\"1200\" height=\"675\" src=\"https:\/\/www.youtube.com\/embed\/heH2S2kNBnQ?feature=oembed\" frameborder=\"0\" allow=\"accelerometer; autoplay; clipboard-write; encrypted-media; gyroscope; picture-in-picture; web-share\" referrerpolicy=\"strict-origin-when-cross-origin\" allowfullscreen><\/iframe><\/p>\n<p>&nbsp;<\/p>\n<p><strong>Fuente:<\/strong> evafm.net &#8211; studiofutbol.com.ec &#8211; youtube.com<\/p>\n<p>&nbsp;<\/p>\n<div class=\"gsp_post_data\" \r\n\t            data-post_type=\"post\" \r\n\t            data-cat=\"deportes-internacionales\" \r\n\t            data-modified=\"120\"\r\n\t            data-created=\"1747503340\"\r\n\t            data-title=\"Bayer Leverkusen empat\u00f3 en la despedida de Xabi Alonso\" \r\n\t            data-home=\"https:\/\/www.evafm.net\/sitio\"><\/div>","protected":false},"excerpt":{"rendered":"<p>El Mainz 05 y Bayer Leverkusen empataron 2-2 en la \u00faltima jornada de la Bundesliga 2024\/25, en un partido disputado en casa del conjunto de Maguncia. Con este resultado, el Mainz logr\u00f3 asegurar su clasificaci\u00f3n a la pr\u00f3xima edici\u00f3n de la UEFA Conference League, cerrando la temporada con una importante recompensa en lo internacional. &nbsp;&#8230;<\/p>\n","protected":false},"author":5,"featured_media":89096,"comment_status":"closed","ping_status":"open","sticky":false,"template":"","format":"standard","meta":{"_joinchat":[],"footnotes":""},"categories":[1342],"tags":[],"class_list":["post-89095","post","type-post","status-publish","format-standard","has-post-thumbnail","hentry","category-deportes-internacionales","have-post-thumb"],"_links":{"self":[{"href":"https:\/\/www.evafm.net\/sitio\/wp-json\/wp\/v2\/posts\/89095","targetHints":{"allow":["GET"]}}],"collection":[{"href":"https:\/\/www.evafm.net\/sitio\/wp-json\/wp\/v2\/posts"}],"about":[{"href":"https:\/\/www.evafm.net\/sitio\/wp-json\/wp\/v2\/types\/post"}],"author":[{"embeddable":true,"href":"https:\/\/www.evafm.net\/sitio\/wp-json\/wp\/v2\/users\/5"}],"replies":[{"embeddable":true,"href":"https:\/\/www.evafm.net\/sitio\/wp-json\/wp\/v2\/comments?post=89095"}],"version-history":[{"count":1,"href":"https:\/\/www.evafm.net\/sitio\/wp-json\/wp\/v2\/posts\/89095\/revisions"}],"predecessor-version":[{"id":89097,"href":"https:\/\/www.evafm.net\/sitio\/wp-json\/wp\/v2\/posts\/89095\/revisions\/89097"}],"wp:featuredmedia":[{"embeddable":true,"href":"https:\/\/www.evafm.net\/sitio\/wp-json\/wp\/v2\/media\/89096"}],"wp:attachment":[{"href":"https:\/\/www.evafm.net\/sitio\/wp-json\/wp\/v2\/media?parent=89095"}],"wp:term":[{"taxonomy":"category","embeddable":true,"href":"https:\/\/www.evafm.net\/sitio\/wp-json\/wp\/v2\/categories?post=89095"},{"taxonomy":"post_tag","embeddable":true,"href":"https:\/\/www.evafm.net\/sitio\/wp-json\/wp\/v2\/tags?post=89095"}],"curies":[{"name":"wp","href":"https:\/\/api.w.org\/{rel}","templated":true}]}}