{"id":89102,"date":"2025-05-17T18:03:10","date_gmt":"2025-05-17T23:03:10","guid":{"rendered":"https:\/\/www.evafm.net\/sitio\/?p=89102"},"modified":"2025-05-17T18:03:10","modified_gmt":"2025-05-17T23:03:10","slug":"billy-arce-en-el-equipo-de-la-semana-de-la-libertadores","status":"publish","type":"post","link":"https:\/\/www.evafm.net\/sitio\/billy-arce-en-el-equipo-de-la-semana-de-la-libertadores\/","title":{"rendered":"Billy Arce, en el equipo de la semana de la Libertadores"},"content":{"rendered":"<p><strong>El futbolista ecuatoriano Billy Arce<\/strong> fue incluido en el equipo ideal de la semana de la <strong>Copa Libertadores,<\/strong> luego de su gran actuaci\u00f3n en la victoria de Atl\u00e9tico Nacional por 1-0 sobre Bah\u00eda<\/p>\n<p>en la quinta jornada del Grupo F.<\/p>\n<p>El encuentro se disput\u00f3 en el <strong>Estadio Atanasio Girardot de Medell\u00edn,<\/strong> donde el conjunto colombiano asegur\u00f3 su clasificaci\u00f3n a los octavos de final y se mantiene como l\u00edder del grupo, por<\/p>\n<p>delante de Internacional, Bah\u00eda y Nacional de Uruguay.<\/p>\n<p>&nbsp;<\/p>\n<p>Arce fue uno de los jugadores m\u00e1s destacados del compromiso, participando activamente en el juego ofensivo de Atl\u00e9tico Nacional.<\/p>\n<p>Aunque el \u00fanico gol del partido lo marc\u00f3 Kevin Viveros Rodallega, el aporte del ecuatoriano fue clave para generar peligro constante por las bandas y mantener el control del bal\u00f3n en zonas<\/p>\n<p>clave del campo. Su rendimiento fue reconocido por la Conmebol al incluirlo en la alineaci\u00f3n m\u00e1s sobresaliente de la semana.<\/p>\n<p>&nbsp;<\/p>\n<p>El equipo ideal de la jornada 5 en la Copa Libertadores qued\u00f3 conformado por:<\/p>\n<p>Alexis Mart\u00edn Arias (Cerro Porte\u00f1o); Mat\u00edas Sep\u00falveda (Universidad de Chile), Murillo (Palmeiras) y Braian Aguirre (Internacional); Billy Arce (Atl\u00e9tico Nacional)<\/p>\n<p>Leonardo Fern\u00e1ndez L\u00f3pez (Pe\u00f1arol), Artur (Botafogo) y Fernando Mastantuono (River Plate); \u00c1lex Varela (Universitario); Luiz Ara\u00fajo (Flamengo) y Adri\u00e1n Emmanuel Mart\u00ednez (Racing). <strong>(D)<\/strong><\/p>\n<p>&nbsp;<\/p>\n<p><img fetchpriority=\"high\" decoding=\"async\" class=\"\" src=\"https:\/\/pbs.twimg.com\/media\/GrFZRHWX0AE3g-J?format=jpg&amp;name=small\" alt=\"Image\" width=\"620\" height=\"620\" \/><\/p>\n<p>&nbsp;<\/p>\n<p><strong>Fuente:<\/strong> evafm.net &#8211; studiofutbol.com.ec<\/p>\n<div class=\"gsp_post_data\" \r\n\t            data-post_type=\"post\" \r\n\t            data-cat=\"deportes-internacionales\" \r\n\t            data-modified=\"120\"\r\n\t            data-created=\"1747504990\"\r\n\t            data-title=\"Billy Arce, en el equipo de la semana de la Libertadores\" \r\n\t            data-home=\"https:\/\/www.evafm.net\/sitio\"><\/div>","protected":false},"excerpt":{"rendered":"<p>El futbolista ecuatoriano Billy Arce fue incluido en el equipo ideal de la semana de la Copa Libertadores, luego de su gran actuaci\u00f3n en la victoria de Atl\u00e9tico Nacional por 1-0 sobre Bah\u00eda en la quinta jornada del Grupo F. El encuentro se disput\u00f3 en el Estadio Atanasio Girardot de Medell\u00edn, donde el conjunto colombiano&#8230;<\/p>\n","protected":false},"author":5,"featured_media":89103,"comment_status":"closed","ping_status":"open","sticky":false,"template":"","format":"standard","meta":{"_joinchat":[],"footnotes":""},"categories":[1342],"tags":[],"class_list":["post-89102","post","type-post","status-publish","format-standard","has-post-thumbnail","hentry","category-deportes-internacionales","have-post-thumb"],"_links":{"self":[{"href":"https:\/\/www.evafm.net\/sitio\/wp-json\/wp\/v2\/posts\/89102","targetHints":{"allow":["GET"]}}],"collection":[{"href":"https:\/\/www.evafm.net\/sitio\/wp-json\/wp\/v2\/posts"}],"about":[{"href":"https:\/\/www.evafm.net\/sitio\/wp-json\/wp\/v2\/types\/post"}],"author":[{"embeddable":true,"href":"https:\/\/www.evafm.net\/sitio\/wp-json\/wp\/v2\/users\/5"}],"replies":[{"embeddable":true,"href":"https:\/\/www.evafm.net\/sitio\/wp-json\/wp\/v2\/comments?post=89102"}],"version-history":[{"count":1,"href":"https:\/\/www.evafm.net\/sitio\/wp-json\/wp\/v2\/posts\/89102\/revisions"}],"predecessor-version":[{"id":89104,"href":"https:\/\/www.evafm.net\/sitio\/wp-json\/wp\/v2\/posts\/89102\/revisions\/89104"}],"wp:featuredmedia":[{"embeddable":true,"href":"https:\/\/www.evafm.net\/sitio\/wp-json\/wp\/v2\/media\/89103"}],"wp:attachment":[{"href":"https:\/\/www.evafm.net\/sitio\/wp-json\/wp\/v2\/media?parent=89102"}],"wp:term":[{"taxonomy":"category","embeddable":true,"href":"https:\/\/www.evafm.net\/sitio\/wp-json\/wp\/v2\/categories?post=89102"},{"taxonomy":"post_tag","embeddable":true,"href":"https:\/\/www.evafm.net\/sitio\/wp-json\/wp\/v2\/tags?post=89102"}],"curies":[{"name":"wp","href":"https:\/\/api.w.org\/{rel}","templated":true}]}}