{"id":89116,"date":"2025-05-18T19:33:34","date_gmt":"2025-05-19T00:33:34","guid":{"rendered":"https:\/\/www.evafm.net\/sitio\/?p=89116"},"modified":"2025-05-18T19:33:34","modified_gmt":"2025-05-19T00:33:34","slug":"gobierno-envio-a-la-asamblea-nacional-agenda-legislativa","status":"publish","type":"post","link":"https:\/\/www.evafm.net\/sitio\/gobierno-envio-a-la-asamblea-nacional-agenda-legislativa\/","title":{"rendered":"Gobierno  envio a la Asamblea Nacional agenda legislativa"},"content":{"rendered":"<p>Una vez que se configuraron las comisiones en la\u00a0<b><a href=\"https:\/\/www.ecuavisa.com\/metadatos\/-\/meta\/asamblea-nacional\" target=\"_blank\" rel=\"noopener noreferrer\">Asamblea Nacional<\/a><\/b>\u00a0y el oficialismo ocupa los cargos m\u00e1s importantes al interior del Parlamento, el Ejecutivo ya comenz\u00f3<\/p>\n<p>a trabajar en los\u00a0<b><a href=\"https:\/\/www.ecuavisa.com\/metadatos\/-\/meta\/proyectos-de-ley\" target=\"_blank\" rel=\"noopener noreferrer\">proyectos de ley<\/a><\/b>\u00a0que considera urgentes de tratar en temas de car\u00e1cter econ\u00f3mico, constitucional, seguridad, entre otros.<\/p>\n<p>&nbsp;<\/p>\n<p>El ministro de Gobierno,\u00a0<b>Jos\u00e9 De la Gasca<\/b>, estuvo en el Palacio Legislativo, el viernes pasado, para dialogar con el titular del Parlamento,\u00a0<b>Niels Olsen<\/b>, sobre las normas<\/p>\n<p>que enviar\u00e1n como una gran\u00a0<b>agenda legislativa<\/b>\u00a0en este periodo.<\/p>\n<p>Esto incluye las reformas constitucionales del\u00a0<b>presidente Daniel Noboa<\/b>.<\/p>\n<p>\u00abCreemos que hay muchos proyectos que quedaron pendientes de la Asamblea como lo de las bases militares y dem\u00e1s.<\/p>\n<p>No solo en materia en\u00a0<b>materia constitucional<\/b>, sino leyes que deben retomarse y que el presidente remitir\u00e1 en las pr\u00f3ximas horas\u00bb.<\/p>\n<p>&nbsp;<\/p>\n<p>De hecho, el s\u00e1bado 17 de mayo, el Ejecutivo ya remiti\u00f3 el proyecto de\u00a0<b>Ley Org\u00e1nica para Desarticular la Econom\u00eda Criminal Vinculada al Conflicto Armado Interno<\/b>.<\/p>\n<p>Este propone que a los contribuyentes que hagan donaciones a favor de la\u00a0<b>Polic\u00eda Nacional o Fuerzas Armadas<\/b>, en equipamiento y suministros para la protecci\u00f3n<\/p>\n<p>interna y el mantenimiento del orden p\u00fablico y seguridad ciudadana, se les otorgue una <b>rebaja del impuesto a la renta.<\/b><\/p>\n<p>&nbsp;<\/p>\n<p>A continuaci\u00f3n, una parte de los proyectos que se quedaron pendientes de tratar y que el\u00a0<b>Gobierno Nacional<\/b>\u00a0busca que los apruebe en el\u00a0<b>\u00d3rgano Legislativo<\/b>.<\/p>\n<p>&nbsp;<\/p>\n<p><strong>\u00bfQu\u00e9 pasar\u00e1 con la Ley Antipillos?<\/strong><\/p>\n<p>En una entrevista, De la Gasca tambi\u00e9n adelant\u00f3, el pasado 15 de mayo:<\/p>\n<p>\u201cNo se sorprenda si en las pr\u00f3ximas horas tenemos proyectos de ley ingresando a la Asamblea<\/p>\n<p>algunos de ellos que se truncaron antes, como la famosa <b>Ley Antipillos <\/b>\u00a0temas econ\u00f3micos y de seguridad son la prioridad\u201c.<\/p>\n<p>&nbsp;<\/p>\n<p>A finales de noviembre del a\u00f1o pasado, la Asamblea archiv\u00f3 a la\u00a0<b>Ley para la Mejora Recaudatoria mediante el Combate al Lavado de Activos<\/b>\u00a0o bautizada<\/p>\n<p>por el Gobierno como\u00a0<b><a href=\"https:\/\/www.ecuavisa.com\/metadatos\/-\/meta\/lavado-de-activos\" target=\"_blank\" rel=\"noopener noreferrer\">Ley Antipillos<\/a>.\u00a0<\/b>Pese a ello, esta norma fue publicada el 10 de diciembre de 2024, en el Registro Oficial.<\/p>\n<p>El\u00a0<b>presidente Daniel Noboa<\/b>\u00a0emiti\u00f3 un decreto para su promulgaci\u00f3n, pese a que la Asamblea hab\u00eda negado y archivado.<\/p>\n<p>&nbsp;<\/p>\n<p>Eso gener\u00f3 cr\u00edticas. En un comunicado, La Legislatura se\u00f1al\u00f3 que el Decreto-Ley no cumple con lo dice en el art\u00edculo 140 de la Constituci\u00f3n, que regula los<\/p>\n<p><b>procedimientos <\/b><b>para la promulgaci\u00f3n de leyes<\/b>. La Asamblea enfatiz\u00f3 que la Presidencia de la Rep\u00fablica no sigui\u00f3 los\u00a0<b>mecanismos constitucionales.<\/b><\/p>\n<p>&nbsp;<\/p>\n<p>Ahora, se prev\u00e9 que este proyecto sea retomado en el Parlamento.<\/p>\n<p>&nbsp;<\/p>\n<p><strong>Lo de las bases militares se qued\u00f3 para el nuevo periodo:<\/strong><\/p>\n<p>La reforma parcial a la Constituci\u00f3n respecto a la instalaci\u00f3n de bases militares en Ecuador es uno de los temas pendientes y que se tomar\u00e1 en el actual periodo.<\/p>\n<p>La\u00a0<b>Comisi\u00f3n Ocasional\u00a0<\/b>en la que se trat\u00f3 este tema pidi\u00f3 una pr\u00f3rroga y luego tratar el informe para segundo debate que ya fue aprobado el pasado 29 de abril.<\/p>\n<p>&nbsp;<\/p>\n<p>El texto del informe propuesto por la asamble\u00edsta\u00a0<b>Nataly Morillo<\/b>, de\u00a0<b>Acci\u00f3n Democr\u00e1tica Nacional (ADN).<\/b><\/p>\n<p><b>\u00a0<\/b>Destac\u00f3 que la reforma al art\u00edculo 5 de la Constituci\u00f3n permitir\u00e1 que el pa\u00eds se acoja a la cooperaci\u00f3n internacional y reciba el\u00a0<b>apoyo tecnol\u00f3gico<\/b>, con la aplicaci\u00f3n<\/p>\n<p>de sistemas de inteligencia y log\u00edstica para un efectivo combate a la\u00a0<b>delincuencia organizada transnacional<\/b>.<\/p>\n<p>&nbsp;<\/p>\n<p>La principal conclusi\u00f3n es que la\u00a0<b>instalaci\u00f3n de bases militares extranjeras<\/b>, bajo controles democr\u00e1ticos y jur\u00eddicos, con respeto a la soberan\u00eda nacional, garantizar\u00eda<\/p>\n<p>la recuperaci\u00f3n de la seguridad p\u00fablica.<\/p>\n<p>La presencia de estas bases en puntos estrat\u00e9gicos como fronteras y puertos -se explic\u00f3 en la Comisi\u00f3n- actuar\u00e1 como un elemento disuasivo frente a las<\/p>\n<p><b>organizaciones criminales<\/b>.<\/p>\n<p>&nbsp;<\/p>\n<p><strong>Financiamiento de partidos pol\u00edticos en la mira:<\/strong><\/p>\n<p>Noboa emiti\u00f3 el proyecto de reforma<b>\u00a0parcial de los art\u00edculos 110 y 115 de la Constituci\u00f3n<\/b>\u00a0para quitar el financiamiento p\u00fablico a los movimientos y partidos pol\u00edticos.<\/p>\n<p>Esto ocurri\u00f3 luego de que la\u00a0<b>Corte Constitucional<\/b>\u00a0diera paso a la propuesta el 27 de noviembre.<\/p>\n<p>&nbsp;<\/p>\n<p>El informe para primer debate fue aprobado el 23 de abril pasado.<\/p>\n<p>La Comisi\u00f3n tom\u00f3 en cuenta la\u00a0<b>preocupaci\u00f3n del Ejecutivo<\/b>\u00a0por asegurar una administraci\u00f3n eficiente, racional y transparente del gasto p\u00fablico, en concordancia con el<\/p>\n<p><b>Plan Nacional de Desarrollo<\/b>.<\/p>\n<p>Se destac\u00f3 la importancia de un debate amplio e inclusivo, en el que participen diversos actores pol\u00edticos, acad\u00e9micos, representantes de la sociedad civil y organismos<\/p>\n<p>de control.<\/p>\n<p>&nbsp;<\/p>\n<p>Ya pas\u00f3 el primer debate, a finales de abril de 2025 y se est\u00e1 a la expectativa del tratamiento que se le siga dando en la\u00a0<b>Legislatura<\/b>. <strong>(I)<\/strong><\/p>\n<p>&nbsp;<\/p>\n<p><strong>Fuente:<\/strong> evafm.net &#8211; ecuavisa.com<\/p>\n<p>&nbsp;<\/p>\n<div class=\"gsp_post_data\" \r\n\t            data-post_type=\"post\" \r\n\t            data-cat=\"general,noticias-ecuador,uncategorized\" \r\n\t            data-modified=\"120\"\r\n\t            data-created=\"1747596814\"\r\n\t            data-title=\"Gobierno  envio a la Asamblea Nacional agenda legislativa\" \r\n\t            data-home=\"https:\/\/www.evafm.net\/sitio\"><\/div>","protected":false},"excerpt":{"rendered":"<p>Una vez que se configuraron las comisiones en la\u00a0Asamblea Nacional\u00a0y el oficialismo ocupa los cargos m\u00e1s importantes al interior del Parlamento, el Ejecutivo ya comenz\u00f3 a trabajar en los\u00a0proyectos de ley\u00a0que considera urgentes de tratar en temas de car\u00e1cter econ\u00f3mico, constitucional, seguridad, entre otros. &nbsp; El ministro de Gobierno,\u00a0Jos\u00e9 De la Gasca, estuvo en el&#8230;<\/p>\n","protected":false},"author":5,"featured_media":89130,"comment_status":"closed","ping_status":"open","sticky":false,"template":"","format":"standard","meta":{"_joinchat":[],"footnotes":""},"categories":[1720,1558,1],"tags":[],"class_list":["post-89116","post","type-post","status-publish","format-standard","has-post-thumbnail","hentry","category-general","category-noticias-ecuador","category-uncategorized","have-post-thumb"],"_links":{"self":[{"href":"https:\/\/www.evafm.net\/sitio\/wp-json\/wp\/v2\/posts\/89116","targetHints":{"allow":["GET"]}}],"collection":[{"href":"https:\/\/www.evafm.net\/sitio\/wp-json\/wp\/v2\/posts"}],"about":[{"href":"https:\/\/www.evafm.net\/sitio\/wp-json\/wp\/v2\/types\/post"}],"author":[{"embeddable":true,"href":"https:\/\/www.evafm.net\/sitio\/wp-json\/wp\/v2\/users\/5"}],"replies":[{"embeddable":true,"href":"https:\/\/www.evafm.net\/sitio\/wp-json\/wp\/v2\/comments?post=89116"}],"version-history":[{"count":1,"href":"https:\/\/www.evafm.net\/sitio\/wp-json\/wp\/v2\/posts\/89116\/revisions"}],"predecessor-version":[{"id":89131,"href":"https:\/\/www.evafm.net\/sitio\/wp-json\/wp\/v2\/posts\/89116\/revisions\/89131"}],"wp:featuredmedia":[{"embeddable":true,"href":"https:\/\/www.evafm.net\/sitio\/wp-json\/wp\/v2\/media\/89130"}],"wp:attachment":[{"href":"https:\/\/www.evafm.net\/sitio\/wp-json\/wp\/v2\/media?parent=89116"}],"wp:term":[{"taxonomy":"category","embeddable":true,"href":"https:\/\/www.evafm.net\/sitio\/wp-json\/wp\/v2\/categories?post=89116"},{"taxonomy":"post_tag","embeddable":true,"href":"https:\/\/www.evafm.net\/sitio\/wp-json\/wp\/v2\/tags?post=89116"}],"curies":[{"name":"wp","href":"https:\/\/api.w.org\/{rel}","templated":true}]}}