{"id":89120,"date":"2025-05-18T14:36:46","date_gmt":"2025-05-18T19:36:46","guid":{"rendered":"https:\/\/www.evafm.net\/sitio\/?p=89120"},"modified":"2025-05-18T14:36:46","modified_gmt":"2025-05-18T19:36:46","slug":"richard-carapaz-llega-cuarto-en-la-etapa-9-del-giro-de-italia","status":"publish","type":"post","link":"https:\/\/www.evafm.net\/sitio\/richard-carapaz-llega-cuarto-en-la-etapa-9-del-giro-de-italia\/","title":{"rendered":"Richard Carapaz llega cuarto en la Etapa 9 del Giro de Italia"},"content":{"rendered":"<p>Este domingo 18 de mayo se disput\u00f3 la<a href=\"https:\/\/www.ecuavisa.com\/deportes\/ciclismo\"><b>\u00a0Etapa 9 del Giro de Italia<\/b>\u00a0<\/a>con la presencia de los ecuatorianos\u00a0<b>Richard Carapaz, Jefferson y Alexander Cepeda<\/b>\u00a0en pista.<\/p>\n<p>El ganador fue\u00a0<b>Wout Van Aert,\u00a0<\/b>mientras que Carapaz alcanz\u00f3 su mejor ubicaci\u00f3n por ahora: <strong>cuarto.<\/strong><\/p>\n<p>&nbsp;<\/p>\n<p>Esta jornada fue de media monta\u00f1a reflejados en 181 kil\u00f3metros entre\u00a0<b>Gubbio y Siena<\/b>, teniendo en varios trayectos zonas de grava, haci\u00e9ndolo complejo para los ciclistas.<\/p>\n<p>&nbsp;<\/p>\n<p><b>Carapaz, l\u00edder de EF Education<\/b>\u00a0tuvo un mano a mano con el colombiano y excompa\u00f1ero\u00a0<b>Egan Bernal<\/b>\u00a0de<b>\u00a0Ineos<\/b>.<\/p>\n<p>&nbsp;<\/p>\n<p>Sin embargo, faltando 16 kil\u00f3metros para llegar a la meta, tanto<b>\u00a0Isaac del Toro\u00a0<\/b>como\u00a0<b>Wout van Aert<\/b>\u00a0pudieron escaparse y dejar atr\u00e1s al pelot\u00f3n principal.<\/p>\n<p>Ante la ventaja, hubo un envi\u00f3n an\u00edmico a favor de<b>\u00a0Van Aert y Del Toro<\/b>\u00a0que les permitieron sacar m\u00e1s de un minuto a\u00a0<b>Bernal, Carapaz y Ayuso.<\/b><\/p>\n<p>&nbsp;<\/p>\n<p><b>Carapaz<\/b>\u00a0no solt\u00f3 el pedal y se mantuvo entre los primeros, llegando en un respetable<strong> cuarto lugar, a 58 segundos<\/strong> del ganador:\u00a0<b>Wout Van Aert.<\/b><\/p>\n<p>Isaac del Toro termin\u00f3 segundo y de esta manera es el nuevo l\u00edder del Giro, por lo que usar\u00e1 la\u00a0<b>maglia rosa.<\/b><\/p>\n<p>&nbsp;<\/p>\n<p>El gran perdedor de la jornada fue<b>\u00a0Primoz Roglic<\/b> quien tuvo que parar por casi dos minutos, debido a los problemas con su bicicleta. <strong>(D)<\/strong><\/p>\n<p>&nbsp;<\/p>\n<p><strong>Fuente<\/strong>: evafm.net &#8211; ecuavisa.com<\/p>\n<p>&nbsp;<\/p>\n<p>&nbsp;<\/p>\n<div class=\"gsp_post_data\" \r\n\t            data-post_type=\"post\" \r\n\t            data-cat=\"deportes-internacionales\" \r\n\t            data-modified=\"120\"\r\n\t            data-created=\"1747579006\"\r\n\t            data-title=\"Richard Carapaz llega cuarto en la Etapa 9 del Giro de Italia\" \r\n\t            data-home=\"https:\/\/www.evafm.net\/sitio\"><\/div>","protected":false},"excerpt":{"rendered":"<p>Este domingo 18 de mayo se disput\u00f3 la\u00a0Etapa 9 del Giro de Italia\u00a0con la presencia de los ecuatorianos\u00a0Richard Carapaz, Jefferson y Alexander Cepeda\u00a0en pista. El ganador fue\u00a0Wout Van Aert,\u00a0mientras que Carapaz alcanz\u00f3 su mejor ubicaci\u00f3n por ahora: cuarto. &nbsp; Esta jornada fue de media monta\u00f1a reflejados en 181 kil\u00f3metros entre\u00a0Gubbio y Siena, teniendo en varios&#8230;<\/p>\n","protected":false},"author":5,"featured_media":89121,"comment_status":"closed","ping_status":"open","sticky":false,"template":"","format":"standard","meta":{"_joinchat":[],"footnotes":""},"categories":[1342],"tags":[],"class_list":["post-89120","post","type-post","status-publish","format-standard","has-post-thumbnail","hentry","category-deportes-internacionales","have-post-thumb"],"_links":{"self":[{"href":"https:\/\/www.evafm.net\/sitio\/wp-json\/wp\/v2\/posts\/89120","targetHints":{"allow":["GET"]}}],"collection":[{"href":"https:\/\/www.evafm.net\/sitio\/wp-json\/wp\/v2\/posts"}],"about":[{"href":"https:\/\/www.evafm.net\/sitio\/wp-json\/wp\/v2\/types\/post"}],"author":[{"embeddable":true,"href":"https:\/\/www.evafm.net\/sitio\/wp-json\/wp\/v2\/users\/5"}],"replies":[{"embeddable":true,"href":"https:\/\/www.evafm.net\/sitio\/wp-json\/wp\/v2\/comments?post=89120"}],"version-history":[{"count":1,"href":"https:\/\/www.evafm.net\/sitio\/wp-json\/wp\/v2\/posts\/89120\/revisions"}],"predecessor-version":[{"id":89122,"href":"https:\/\/www.evafm.net\/sitio\/wp-json\/wp\/v2\/posts\/89120\/revisions\/89122"}],"wp:featuredmedia":[{"embeddable":true,"href":"https:\/\/www.evafm.net\/sitio\/wp-json\/wp\/v2\/media\/89121"}],"wp:attachment":[{"href":"https:\/\/www.evafm.net\/sitio\/wp-json\/wp\/v2\/media?parent=89120"}],"wp:term":[{"taxonomy":"category","embeddable":true,"href":"https:\/\/www.evafm.net\/sitio\/wp-json\/wp\/v2\/categories?post=89120"},{"taxonomy":"post_tag","embeddable":true,"href":"https:\/\/www.evafm.net\/sitio\/wp-json\/wp\/v2\/tags?post=89120"}],"curies":[{"name":"wp","href":"https:\/\/api.w.org\/{rel}","templated":true}]}}