{"id":89142,"date":"2025-05-19T19:59:46","date_gmt":"2025-05-20T00:59:46","guid":{"rendered":"https:\/\/www.evafm.net\/sitio\/?p=89142"},"modified":"2025-05-19T19:59:46","modified_gmt":"2025-05-20T00:59:46","slug":"ucrania-y-rusia-analizan-reunirse-junto-a-estados-unidos-la-union-europea-y-el-reino-unido","status":"publish","type":"post","link":"https:\/\/www.evafm.net\/sitio\/ucrania-y-rusia-analizan-reunirse-junto-a-estados-unidos-la-union-europea-y-el-reino-unido\/","title":{"rendered":"Ucrania y Rusia analizan reunirse junto a Estados Unidos, la Uni\u00f3n Europea y el Reino Unido"},"content":{"rendered":"<p>El presidente ucraniano\u00a0<b>Volodimir Zelensky<\/b>\u00a0dijo el lunes que\u00a0<b>Kiev\u00a0<\/b>y sus socios estaban considerando organizar una reuni\u00f3n de alto nivel entre\u00a0<b>Ucrania<\/b>,\u00a0<b>Rusia<\/b>,\u00a0<b>Estados<\/b>\u00a0<b>Unidos<\/b><\/p>\n<p>los pa\u00edses de la<b>\u00a0Uni\u00f3n<\/b>\u00a0<b>Europea\u00a0<\/b>y\u00a0<b>Gran Breta\u00f1a\u00a0<\/b>como parte de un impulso para poner fin a la guerra con Rusia.<\/p>\n<p>&nbsp;<\/p>\n<p>En declaraciones en Kiev despu\u00e9s de conversar por tel\u00e9fono con el presidente de Estados Unidos,\u00a0<b>Donald Trump<\/b>, el l\u00edder ucraniano dijo que espera que la reuni\u00f3n pueda celebrarse<\/p>\n<p>lo antes posible y que podr\u00eda ser organizada por Turqu\u00eda, el Vaticano o Suiza.<\/p>\n<p>&nbsp;<\/p>\n<p>\u201cEstamos considerando una reuni\u00f3n de todos los equipos de alto nivel\u201d, destac\u00f3.<\/p>\n<p>En tanto, el presidente ucraniano dijo este lunes que la pr\u00f3xima reuni\u00f3n entre Ucrania y Rusia podr\u00eda celebrarse en el Vaticano, Suiza o Turqu\u00eda, al tiempo que se\u00f1al\u00f3 que espera<\/p>\n<p>conocer las condiciones de Mosc\u00fa para un alto el fuego y apunt\u00f3 a que cualquier demanda inasumible ser\u00eda una prueba de que los rusos no quieren la paz.<\/p>\n<p>&nbsp;<\/p>\n<p>\u201cEl Vaticano est\u00e1 listo para hacer las invitaciones y organizar la reuni\u00f3n con todos nosotros, incluidos los europeos\u201d, dijo Zelensky en una rueda de prensa en Kiev tras hablar<\/p>\n<p>con el presidente de EEUU, Donald Trump, y con los principales l\u00edderes europeos.<\/p>\n<p>&nbsp;<\/p>\n<p class=\"paragraph\" data-mrf-recirculation=\"Links inline\">El jefe de Estado ucraniano destac\u00f3 la disponibilidad de implicarse en las negociaciones mostrada por el papa Le\u00f3n XIV durante su encuentro de este domingo.<\/p>\n<p class=\"paragraph\" data-mrf-recirculation=\"Links inline\">\u201c<b>Desconozco los principios (condiciones) de la parte rusa, pero como lo he entendido en nuestra conversaci\u00f3n con el presidente Trump, Rusia quiere enviarnos <\/b><\/p>\n<p class=\"paragraph\" data-mrf-recirculation=\"Links inline\"><b>un memor\u00e1ndum<\/b>\u201d, indic\u00f3.<\/p>\n<p class=\"paragraph\" data-mrf-recirculation=\"Links inline\">\u201cLos primeros pasos tienen que ser\u00a0<b>aceptables para ambas partes<\/b>\u201d, enfatiz\u00f3.<\/p>\n<p class=\"paragraph\" data-mrf-recirculation=\"Links inline\">El mandatario ucraniano tambi\u00e9n sostuvo que se necesita una reuni\u00f3n t\u00e9cnica \u201ccuanto antes\u201d para trabajar en el alto el fuego.<\/p>\n<p class=\"paragraph\" data-mrf-recirculation=\"Links inline\">Zelensky dijo que habl\u00f3 con Trump a solas el lunes antes de que<a title=\"https:\/\/www.infobae.com\/america\/mundo\/2025\/05\/19\/tras-el-llamado-con-vladimir-putin-donald-trump-dijo-que-rusia-y-ucrania-comenzaran-negociaciones-para-un-alto-el-fuego\/\" href=\"https:\/\/www.infobae.com\/america\/mundo\/2025\/05\/19\/tras-el-llamado-con-vladimir-putin-donald-trump-dijo-que-rusia-y-ucrania-comenzaran-negociaciones-para-un-alto-el-fuego\/\" target=\"_blank\" rel=\"noopener noreferrer\" data-mrf-link=\"https:\/\/www.infobae.com\/america\/mundo\/2025\/05\/19\/tras-el-llamado-con-vladimir-putin-donald-trump-dijo-que-rusia-y-ucrania-comenzaran-negociaciones-para-un-alto-el-fuego\/\">\u00a0el l\u00edder estadounidense llamara a su par ruso, Vladimir Putin<\/a>, y de nuevo despu\u00e9s en una conversaci\u00f3n en la<\/p>\n<p class=\"paragraph\" data-mrf-recirculation=\"Links inline\">que participaron los l\u00edderes de\u00a0<b>Francia, Finlandia, Alemania, Italia y la Uni\u00f3n Europea.<\/b><\/p>\n<p class=\"paragraph\" data-mrf-recirculation=\"Links inline\">Zelensky sostuvo que durante su llamada inicial con Trump subray\u00f3 la necesidad de un alto el fuego y de sanciones a Rusia, as\u00ed como la importancia de que los aliados de Kiev<\/p>\n<p class=\"paragraph\" data-mrf-recirculation=\"Links inline\">no lleguen a acuerdos con Rusia sin contar con Ucrania.<\/p>\n<p class=\"paragraph\" data-mrf-recirculation=\"Links inline\">Trump dijo m\u00e1s temprano, tras su conversaci\u00f3n con Putin, que Rusia y Ucrania \u201c<b>comenzar\u00e1n inmediatamente las negociaciones<\/b>\u201d encaminadas a un alto el fuego.<\/p>\n<p class=\"paragraph\" data-mrf-recirculation=\"Links inline\">Putin dijo por su parte que estaba dispuesto a trabajar con Ucrania en un \u201cmemor\u00e1ndum\u201d sobre \u201cun eventual futuro acuerdo de paz\u201d, pero no accedi\u00f3 al cese el fuego incondicional<\/p>\n<p class=\"paragraph\" data-mrf-recirculation=\"Links inline\">de 30 d\u00edas que Trump buscaba.<\/p>\n<p class=\"paragraph\" data-mrf-recirculation=\"Links inline\">Trump prometi\u00f3 durante la campa\u00f1a electoral que podr\u00eda terminar en 24 horas con el conflicto, iniciado en febrero de 2022, pero sus esfuerzos, cuatro meses despu\u00e9s de haber<\/p>\n<p class=\"paragraph\" data-mrf-recirculation=\"Links inline\">asumido, no han dado sus frutos.<\/p>\n<p class=\"paragraph\" data-mrf-recirculation=\"Links inline\">\u201cAcabo de terminar mi llamada de dos horas con el presidente Vladimir Putin (&#8230;) Creo que fue muy bien\u201d, public\u00f3 Trump en su plataforma Truth Social.<\/p>\n<p class=\"paragraph\" data-mrf-recirculation=\"Links inline\">\u201cRusia y Ucrania empezar\u00e1n inmediatamente negociaciones hacia un alto el fuego y, m\u00e1s importante a\u00fan, el FIN de la guerra\u201d, anunci\u00f3.<\/p>\n<div class=\"undefined ad-wrapper\">\n<div class=\"dfpAd \">\n<div id=\"america\/mundo\/nota\/undefined\" class=\"america\/mundo\/nota\/undefined arcad\"><\/div>\n<\/div>\n<\/div>\n<p class=\"paragraph\" data-mrf-recirculation=\"Links inline\">El \u201ctono y esp\u00edritu de la conversaci\u00f3n fueron excelentes\u201d, agreg\u00f3 el magnate republicano.<\/p>\n<p class=\"paragraph\" data-mrf-recirculation=\"Links inline\">El Vaticano -donde Le\u00f3n XIV fue elegido recientemente como primer papa estadounidense- estar\u00eda \u201cmuy interesado\u201d en ser la sede del di\u00e1logo entre Rusia y Ucrania, agreg\u00f3 Trump.<\/p>\n<p class=\"paragraph\" data-mrf-recirculation=\"Links inline\">Ucrania y Rusia celebraron negociaciones directas en Estambul la semana pasada a instancias de Estados Unidos.<\/p>\n<p class=\"paragraph\" data-mrf-recirculation=\"Links inline\">Las conversaciones pusieron de relieve lo alejados que est\u00e1n en cuanto a su visi\u00f3n para poner fin a la guerra, que ya ha entrado en su cuarto a\u00f1o.<\/p>\n<div class=\"undefined ad-wrapper\">\n<div class=\"dfpAd \">\n<div id=\"america\/mundo\/nota\/undefined\" class=\"america\/mundo\/nota\/undefined arcad\"><\/div>\n<\/div>\n<\/div>\n<p class=\"paragraph\" data-mrf-recirculation=\"Links inline\"><strong><i>(Con informaci\u00f3n de EFE y AFP)<\/i><\/strong><\/p>\n<p data-mrf-recirculation=\"Links inline\"><strong>Fuente<\/strong>: evafm.net &#8211; infobae.com<\/p>\n<div class=\"gsp_post_data\" \r\n\t            data-post_type=\"post\" \r\n\t            data-cat=\"general,noticias-internacionales,uncategorized\" \r\n\t            data-modified=\"120\"\r\n\t            data-created=\"1747684786\"\r\n\t            data-title=\"Ucrania y Rusia analizan reunirse junto a Estados Unidos, la Uni\u00f3n Europea y el Reino Unido\" \r\n\t            data-home=\"https:\/\/www.evafm.net\/sitio\"><\/div>","protected":false},"excerpt":{"rendered":"<p>El presidente ucraniano\u00a0Volodimir Zelensky\u00a0dijo el lunes que\u00a0Kiev\u00a0y sus socios estaban considerando organizar una reuni\u00f3n de alto nivel entre\u00a0Ucrania,\u00a0Rusia,\u00a0Estados\u00a0Unidos los pa\u00edses de la\u00a0Uni\u00f3n\u00a0Europea\u00a0y\u00a0Gran Breta\u00f1a\u00a0como parte de un impulso para poner fin a la guerra con Rusia. &nbsp; En declaraciones en Kiev despu\u00e9s de conversar por tel\u00e9fono con el presidente de Estados Unidos,\u00a0Donald Trump, el l\u00edder ucraniano&#8230;<\/p>\n","protected":false},"author":5,"featured_media":89171,"comment_status":"closed","ping_status":"open","sticky":false,"template":"","format":"standard","meta":{"_joinchat":[],"footnotes":""},"categories":[1720,1345,1],"tags":[],"class_list":["post-89142","post","type-post","status-publish","format-standard","has-post-thumbnail","hentry","category-general","category-noticias-internacionales","category-uncategorized","have-post-thumb"],"_links":{"self":[{"href":"https:\/\/www.evafm.net\/sitio\/wp-json\/wp\/v2\/posts\/89142","targetHints":{"allow":["GET"]}}],"collection":[{"href":"https:\/\/www.evafm.net\/sitio\/wp-json\/wp\/v2\/posts"}],"about":[{"href":"https:\/\/www.evafm.net\/sitio\/wp-json\/wp\/v2\/types\/post"}],"author":[{"embeddable":true,"href":"https:\/\/www.evafm.net\/sitio\/wp-json\/wp\/v2\/users\/5"}],"replies":[{"embeddable":true,"href":"https:\/\/www.evafm.net\/sitio\/wp-json\/wp\/v2\/comments?post=89142"}],"version-history":[{"count":1,"href":"https:\/\/www.evafm.net\/sitio\/wp-json\/wp\/v2\/posts\/89142\/revisions"}],"predecessor-version":[{"id":89172,"href":"https:\/\/www.evafm.net\/sitio\/wp-json\/wp\/v2\/posts\/89142\/revisions\/89172"}],"wp:featuredmedia":[{"embeddable":true,"href":"https:\/\/www.evafm.net\/sitio\/wp-json\/wp\/v2\/media\/89171"}],"wp:attachment":[{"href":"https:\/\/www.evafm.net\/sitio\/wp-json\/wp\/v2\/media?parent=89142"}],"wp:term":[{"taxonomy":"category","embeddable":true,"href":"https:\/\/www.evafm.net\/sitio\/wp-json\/wp\/v2\/categories?post=89142"},{"taxonomy":"post_tag","embeddable":true,"href":"https:\/\/www.evafm.net\/sitio\/wp-json\/wp\/v2\/tags?post=89142"}],"curies":[{"name":"wp","href":"https:\/\/api.w.org\/{rel}","templated":true}]}}