{"id":89165,"date":"2025-05-19T18:43:59","date_gmt":"2025-05-19T23:43:59","guid":{"rendered":"https:\/\/www.evafm.net\/sitio\/?p=89165"},"modified":"2025-05-19T18:43:59","modified_gmt":"2025-05-19T23:43:59","slug":"en-esta-semana-se-oficializara-la-renovacion-de-flick","status":"publish","type":"post","link":"https:\/\/www.evafm.net\/sitio\/en-esta-semana-se-oficializara-la-renovacion-de-flick\/","title":{"rendered":"En esta semana se oficializar\u00e1 la renovaci\u00f3n de Flick"},"content":{"rendered":"<p>Este mi\u00e9rcoles ser\u00e1 un d\u00eda clave en el FC Barcelona. Seg\u00fan ha podido conocer\u00a0<em data-start=\"265\" data-end=\"282\">Mundo Deportivo<\/em>, el club tiene previsto anunciar oficialmente la renovaci\u00f3n de Hansi Flick, el entrenador alem\u00e1n.<\/p>\n<p>que en su primera temporada en el banquillo cul\u00e9 logr\u00f3 un hist\u00f3rico triplete: <strong>Liga, Copa del Rey y Supercopa de Espa\u00f1a.<\/strong><\/p>\n<p>&nbsp;<\/p>\n<p class=\"\" data-start=\"501\" data-end=\"880\"><strong>Flick extender\u00e1 su v\u00ednculo con el Bar\u00e7a hasta junio de 2027. <\/strong><\/p>\n<p class=\"\" data-start=\"501\" data-end=\"880\">Su contrato actual finalizaba en 2026, pero las partes ya llegaron a un acuerdo para prolongar su estad\u00eda por una temporada m\u00e1s.<\/p>\n<p class=\"\" data-start=\"501\" data-end=\"880\">La decisi\u00f3n se cerr\u00f3 luego de una reuni\u00f3n entre <strong>Flick, su representante y el presidente Joan Laporta,<\/strong> que tuvo lugar en el restaurante Botafumeiro, justo despu\u00e9s del Cl\u00e1sico del<strong> 11 de mayo.<\/strong><\/p>\n<p data-start=\"882\" data-end=\"1104\">\n<p class=\"\" data-start=\"882\" data-end=\"1104\">La renovaci\u00f3n ser\u00e1 anunciada a trav\u00e9s de un comunicado oficial del club, sin conferencia de prensa ni evento especial.<\/p>\n<p class=\"\" data-start=\"882\" data-end=\"1104\">Eso s\u00ed, el Bar\u00e7a compartir\u00e1 im\u00e1genes y declaraciones exclusivas del t\u00e9cnico para sus canales oficiales.<\/p>\n<p data-start=\"1106\" data-end=\"1592\">\n<p class=\"\" data-start=\"1106\" data-end=\"1592\">Tras levantar los tres t\u00edtulos nacionales,<strong> Flick<\/strong> dej\u00f3 claro que su ambici\u00f3n no tiene techo:<\/p>\n<p class=\"\" data-start=\"1106\" data-end=\"1592\">\u201cEste camino reci\u00e9n empieza. Queremos m\u00e1s trofeos el pr\u00f3ximo a\u00f1o\u201d.<\/p>\n<p class=\"\" data-start=\"1106\" data-end=\"1592\">Con su continuidad asegurada para las temporadas<strong> 2025-26 y 2026-27,<\/strong> el alem\u00e1n buscar\u00e1 seguir sumando \u00e9xitos.<\/p>\n<p class=\"\" data-start=\"1106\" data-end=\"1592\">Aunque la directiva quer\u00eda incluir un a\u00f1o adicional como opci\u00f3n, Flick opt\u00f3 por mantener su filosof\u00eda de contratos de corto plazo, y prefiri\u00f3 dejar cualquier extensi\u00f3n futura sujeta a evaluaci\u00f3n<\/p>\n<p class=\"\" data-start=\"1106\" data-end=\"1592\">al final de la 2026-27. <strong>(D)<\/strong><\/p>\n<p data-start=\"1106\" data-end=\"1592\">\n<p data-start=\"1106\" data-end=\"1592\"><strong>Fuente<\/strong>: evafm,.net &#8211; studiofutbol.com.ec<\/p>\n<div class=\"gsp_post_data\" \r\n\t            data-post_type=\"post\" \r\n\t            data-cat=\"deportes-internacionales\" \r\n\t            data-modified=\"120\"\r\n\t            data-created=\"1747680239\"\r\n\t            data-title=\"En esta semana se oficializar\u00e1 la renovaci\u00f3n de Flick\" \r\n\t            data-home=\"https:\/\/www.evafm.net\/sitio\"><\/div>","protected":false},"excerpt":{"rendered":"<p>Este mi\u00e9rcoles ser\u00e1 un d\u00eda clave en el FC Barcelona. Seg\u00fan ha podido conocer\u00a0Mundo Deportivo, el club tiene previsto anunciar oficialmente la renovaci\u00f3n de Hansi Flick, el entrenador alem\u00e1n. que en su primera temporada en el banquillo cul\u00e9 logr\u00f3 un hist\u00f3rico triplete: Liga, Copa del Rey y Supercopa de Espa\u00f1a. &nbsp; Flick extender\u00e1 su v\u00ednculo&#8230;<\/p>\n","protected":false},"author":5,"featured_media":89167,"comment_status":"closed","ping_status":"open","sticky":false,"template":"","format":"standard","meta":{"_joinchat":[],"footnotes":""},"categories":[1342],"tags":[],"class_list":["post-89165","post","type-post","status-publish","format-standard","has-post-thumbnail","hentry","category-deportes-internacionales","have-post-thumb"],"_links":{"self":[{"href":"https:\/\/www.evafm.net\/sitio\/wp-json\/wp\/v2\/posts\/89165","targetHints":{"allow":["GET"]}}],"collection":[{"href":"https:\/\/www.evafm.net\/sitio\/wp-json\/wp\/v2\/posts"}],"about":[{"href":"https:\/\/www.evafm.net\/sitio\/wp-json\/wp\/v2\/types\/post"}],"author":[{"embeddable":true,"href":"https:\/\/www.evafm.net\/sitio\/wp-json\/wp\/v2\/users\/5"}],"replies":[{"embeddable":true,"href":"https:\/\/www.evafm.net\/sitio\/wp-json\/wp\/v2\/comments?post=89165"}],"version-history":[{"count":1,"href":"https:\/\/www.evafm.net\/sitio\/wp-json\/wp\/v2\/posts\/89165\/revisions"}],"predecessor-version":[{"id":89168,"href":"https:\/\/www.evafm.net\/sitio\/wp-json\/wp\/v2\/posts\/89165\/revisions\/89168"}],"wp:featuredmedia":[{"embeddable":true,"href":"https:\/\/www.evafm.net\/sitio\/wp-json\/wp\/v2\/media\/89167"}],"wp:attachment":[{"href":"https:\/\/www.evafm.net\/sitio\/wp-json\/wp\/v2\/media?parent=89165"}],"wp:term":[{"taxonomy":"category","embeddable":true,"href":"https:\/\/www.evafm.net\/sitio\/wp-json\/wp\/v2\/categories?post=89165"},{"taxonomy":"post_tag","embeddable":true,"href":"https:\/\/www.evafm.net\/sitio\/wp-json\/wp\/v2\/tags?post=89165"}],"curies":[{"name":"wp","href":"https:\/\/api.w.org\/{rel}","templated":true}]}}