{"id":89213,"date":"2025-05-21T21:25:31","date_gmt":"2025-05-22T02:25:31","guid":{"rendered":"https:\/\/www.evafm.net\/sitio\/?p=89213"},"modified":"2025-05-21T21:25:31","modified_gmt":"2025-05-22T02:25:31","slug":"aragon-y-congo-no-estaran-en-partidos-de-emelec","status":"publish","type":"post","link":"https:\/\/www.evafm.net\/sitio\/aragon-y-congo-no-estaran-en-partidos-de-emelec\/","title":{"rendered":"Arag\u00f3n y Congo no estar\u00e1n en partidos de Emelec"},"content":{"rendered":"<p>El presidente de<strong> Emelec, Jorge Guzm\u00e1n<\/strong>, acudi\u00f3 este mi\u00e9rcoles a las instalaciones de la Federaci\u00f3n Ecuatoriana de F\u00fatbol <strong>(FEF)<\/strong> en Guayaquil, donde sostuvo una reuni\u00f3n formal.<\/p>\n<p>con<strong> N\u00e9stor Pitana,<\/strong> actual presidente de la Comisi\u00f3n Nacional de \u00c1rbitros, para expresar su inconformidad con el arbitraje del Cl\u00e1sico del Astillero disputado el domingo pasado<\/p>\n<p>en el estadio Monumental.<\/p>\n<p>&nbsp;<\/p>\n<p>Guzm\u00e1n no se guard\u00f3 nada tras el encuentro y fue contundente al referirse a los jueces:<\/p>\n<p><strong>\u201cPara nosotros, lo principal es que Arag\u00f3n y Congo no deben pisar el c\u00e9sped en los partidos donde juegue Emelec. <\/strong><\/p>\n<p><strong>Fue descarado lo que hicieron, la prensa misma lo ha se\u00f1alado.\u201d<\/strong><\/p>\n<p>&nbsp;<\/p>\n<p>El directivo tambi\u00e9n se refiri\u00f3 directamente a <strong>Franklin Congo,<\/strong> quien estuvo a cargo del<strong> VAR<\/strong> en el compromiso, y record\u00f3 su historial pol\u00e9mico:<\/p>\n<p><strong>\u201cLo de Congo es repetitivo, si tomamos en cuenta que es el hombre famoso de los 14 minutos en Cuenca. Hubo una uni\u00f3n para perjudicar a Emelec.\u201d<\/strong><\/p>\n<p>&nbsp;<\/p>\n<p>Las declaraciones se dan en medio de una ola de reclamos por parte de jugadores, cuerpo t\u00e9cnico y dirigentes de Emelec, quienes consideran que el arbitraje influy\u00f3<\/p>\n<p>de forma directa en la derrota por 2-0 ante Barcelona SC.<\/p>\n<p>El club tambi\u00e9n ha cuestionado una mano de Gustavo Vallecilla no sancionada como penal y la expulsi\u00f3n de Marcelo Meli, entre otros episodios.<\/p>\n<p>La presi\u00f3n ahora recae sobre la Comisi\u00f3n de \u00c1rbitros, que deber\u00e1 decidir si se toman medidas con los jueces se\u00f1alados. <strong>(D)<\/strong><\/p>\n<p>&nbsp;<\/p>\n<blockquote class=\"twitter-tweet\" data-width=\"550\" data-dnt=\"true\">\n<p lang=\"es\" dir=\"ltr\">\ud83d\udea8\ud83d\udd35\u203c\ufe0f \u201cHEMOS PEDIDO QUE ARAG\u00d3N Y CONGO NO VUELVAN A ESTAR EN PARTIDOS DE <a href=\"https:\/\/twitter.com\/hashtag\/EMELEC?src=hash&amp;ref_src=twsrc%5Etfw\">#EMELEC<\/a>\u201d <\/p>\n<p>Jorge Guzm\u00e1n\ud83d\udc54 tras la reuni\u00f3n en FEF con Pitana.<\/p>\n<p>\ud83d\udcf9: <a href=\"https:\/\/twitter.com\/soniiperez_?ref_src=twsrc%5Etfw\">@soniiperez_<\/a> <a href=\"https:\/\/t.co\/6lfEyeCR0d\">pic.twitter.com\/6lfEyeCR0d<\/a><\/p>\n<p>&mdash; DIRECT F\u00daTBOL (@directfutbolec) <a href=\"https:\/\/twitter.com\/directfutbolec\/status\/1925257099820364152?ref_src=twsrc%5Etfw\">May 21, 2025<\/a><\/p><\/blockquote>\n<p><script async src=\"https:\/\/platform.twitter.com\/widgets.js\" charset=\"utf-8\"><\/script><\/p>\n<p>&nbsp;<\/p>\n<p><strong>Fuente:<\/strong> evafm.net &#8211; studiofutbol.com.ec<\/p>\n<div class=\"gsp_post_data\" \r\n\t            data-post_type=\"post\" \r\n\t            data-cat=\"deportes-ecuador,general,uncategorized\" \r\n\t            data-modified=\"120\"\r\n\t            data-created=\"1747862731\"\r\n\t            data-title=\"Arag\u00f3n y Congo no estar\u00e1n en partidos de Emelec\" \r\n\t            data-home=\"https:\/\/www.evafm.net\/sitio\"><\/div>","protected":false},"excerpt":{"rendered":"<p>El presidente de Emelec, Jorge Guzm\u00e1n, acudi\u00f3 este mi\u00e9rcoles a las instalaciones de la Federaci\u00f3n Ecuatoriana de F\u00fatbol (FEF) en Guayaquil, donde sostuvo una reuni\u00f3n formal. con N\u00e9stor Pitana, actual presidente de la Comisi\u00f3n Nacional de \u00c1rbitros, para expresar su inconformidad con el arbitraje del Cl\u00e1sico del Astillero disputado el domingo pasado en el estadio&#8230;<\/p>\n","protected":false},"author":5,"featured_media":89243,"comment_status":"closed","ping_status":"open","sticky":false,"template":"","format":"standard","meta":{"_joinchat":[],"footnotes":""},"categories":[1557,1720,1],"tags":[],"class_list":["post-89213","post","type-post","status-publish","format-standard","has-post-thumbnail","hentry","category-deportes-ecuador","category-general","category-uncategorized","have-post-thumb"],"_links":{"self":[{"href":"https:\/\/www.evafm.net\/sitio\/wp-json\/wp\/v2\/posts\/89213","targetHints":{"allow":["GET"]}}],"collection":[{"href":"https:\/\/www.evafm.net\/sitio\/wp-json\/wp\/v2\/posts"}],"about":[{"href":"https:\/\/www.evafm.net\/sitio\/wp-json\/wp\/v2\/types\/post"}],"author":[{"embeddable":true,"href":"https:\/\/www.evafm.net\/sitio\/wp-json\/wp\/v2\/users\/5"}],"replies":[{"embeddable":true,"href":"https:\/\/www.evafm.net\/sitio\/wp-json\/wp\/v2\/comments?post=89213"}],"version-history":[{"count":1,"href":"https:\/\/www.evafm.net\/sitio\/wp-json\/wp\/v2\/posts\/89213\/revisions"}],"predecessor-version":[{"id":89244,"href":"https:\/\/www.evafm.net\/sitio\/wp-json\/wp\/v2\/posts\/89213\/revisions\/89244"}],"wp:featuredmedia":[{"embeddable":true,"href":"https:\/\/www.evafm.net\/sitio\/wp-json\/wp\/v2\/media\/89243"}],"wp:attachment":[{"href":"https:\/\/www.evafm.net\/sitio\/wp-json\/wp\/v2\/media?parent=89213"}],"wp:term":[{"taxonomy":"category","embeddable":true,"href":"https:\/\/www.evafm.net\/sitio\/wp-json\/wp\/v2\/categories?post=89213"},{"taxonomy":"post_tag","embeddable":true,"href":"https:\/\/www.evafm.net\/sitio\/wp-json\/wp\/v2\/tags?post=89213"}],"curies":[{"name":"wp","href":"https:\/\/api.w.org\/{rel}","templated":true}]}}