{"id":89218,"date":"2025-05-21T16:13:45","date_gmt":"2025-05-21T21:13:45","guid":{"rendered":"https:\/\/www.evafm.net\/sitio\/?p=89218"},"modified":"2025-05-21T16:13:45","modified_gmt":"2025-05-21T21:13:45","slug":"fef-confian-en-recuperar-a-enner-plata-y-campana","status":"publish","type":"post","link":"https:\/\/www.evafm.net\/sitio\/fef-confian-en-recuperar-a-enner-plata-y-campana\/","title":{"rendered":"FEF conf\u00edan en recuperar a Enner, Plata y Campana"},"content":{"rendered":"<p>A pocas semanas de los cruciales partidos ante Brasil (5 de junio en Guayaquil) y Per\u00fa<strong> (10 de junio en Lima),<\/strong> el presidente de la Federaci\u00f3n Ecuatoriana de F\u00fatbol, <strong>Francisco Egas.<\/strong><\/p>\n<p>se refiri\u00f3 a la situaci\u00f3n de los jugadores lesionados que a\u00fan est\u00e1n en duda para la convocatoria de la Selecci\u00f3n.<\/p>\n<p>&nbsp;<\/p>\n<p data-start=\"424\" data-end=\"776\">\u201cTenemos a nuestros fisioterapeutas en Brasil acompa\u00f1ando a algunos jugadores. Enner (Valencia) cuenta con un fisioterapeuta personal y tambi\u00e9n ha sido visitado por nuestro<\/p>\n<p data-start=\"424\" data-end=\"776\">cuerpo t\u00e9cnico. El profesor (Sebasti\u00e1n) Beccacece fue personalmente a verlo\u201d, explic\u00f3 Egas, mostrando el seguimiento minucioso que se est\u00e1 realizando a los referentes del plantel.<\/p>\n<p data-start=\"778\" data-end=\"983\">\n<p data-start=\"778\" data-end=\"983\">Sobre otro de los pilares de la \u2018Tri\u2019, Egas confirm\u00f3: \u201cGonzalo (Plata) est\u00e1 trabajando a doble turno con uno de los fisioterapeutas de la selecci\u00f3n. Hacemos todo lo posible para tenerlos<\/p>\n<p data-start=\"778\" data-end=\"983\">ac\u00e1 cuanto antes\u201d.<\/p>\n<p data-start=\"985\" data-end=\"1217\">\n<p data-start=\"985\" data-end=\"1217\"><strong>Adem\u00e1s, el presidente de la FEF agradeci\u00f3 el apoyo de Inter Miami.<\/strong><\/p>\n<p data-start=\"985\" data-end=\"1217\">\u201cEl club de Leonardo Campana fue muy sensible y comprensivo al liberarlo para que pueda continuar su recuperaci\u00f3n en el pa\u00eds.<\/p>\n<p data-start=\"985\" data-end=\"1217\">Valoramos mucho ese gesto\u201d, declar\u00f3.<\/p>\n<p data-start=\"1219\" data-end=\"1459\">\n<p data-start=\"1219\" data-end=\"1459\">Pese a las dudas que rodean a algunas figuras claves, Egas mantiene la fe: <strong>\u201cEstamos con la expectativa de verlos recuperados. <\/strong><\/p>\n<p data-start=\"1219\" data-end=\"1459\"><strong>Si no llegan, confiaremos plenamente en los chicos que se llamen. Sabemos que cada uno dar\u00e1 todo por la camiseta\u201d.<\/strong><\/p>\n<p data-start=\"1461\" data-end=\"1709\" data-is-last-node=\"\" data-is-only-node=\"\">\n<p data-start=\"1461\" data-end=\"1709\" data-is-last-node=\"\" data-is-only-node=\"\">El directivo cerr\u00f3 con un mensaje de ilusi\u00f3n:<\/p>\n<p data-start=\"1461\" data-end=\"1709\" data-is-last-node=\"\" data-is-only-node=\"\">\u201cEsperamos que pasen estos d\u00edas de incertidumbre para ya enfocarnos en enfrentar a las selecciones m\u00e1s fuertes como Brasil y Argentina, y cumplir el objetivo de estar nuevamente<\/p>\n<p data-start=\"1461\" data-end=\"1709\" data-is-last-node=\"\" data-is-only-node=\"\">en la cita mundialista\u201d.<strong>(D)<\/strong><\/p>\n<blockquote class=\"twitter-tweet\" data-width=\"550\" data-dnt=\"true\">\n<p lang=\"es\" dir=\"ltr\">Enner Valencia y Gonzalo Plata trabajan en su recuperaci\u00f3n \ud83d\udcaa\ud83c\uddea\ud83c\udde8 <\/p>\n<p>Francisco Egas <\/p>\n<p>\ud83d\udcf9: <a href=\"https:\/\/twitter.com\/LaRed_Ecuador?ref_src=twsrc%5Etfw\">@LaRed_Ecuador<\/a> <\/p>\n<p> <a href=\"https:\/\/t.co\/g1pOnE9mND\">pic.twitter.com\/g1pOnE9mND<\/a><\/p>\n<p>&mdash; DIRECT F\u00daTBOL (@directfutbolec) <a href=\"https:\/\/twitter.com\/directfutbolec\/status\/1925250812189593947?ref_src=twsrc%5Etfw\">May 21, 2025<\/a><\/p><\/blockquote>\n<p><script async src=\"https:\/\/platform.twitter.com\/widgets.js\" charset=\"utf-8\"><\/script><\/p>\n<p data-start=\"1461\" data-end=\"1709\" data-is-last-node=\"\" data-is-only-node=\"\"><strong>Fuente<\/strong>: evafm.net &#8211; studiofutbol.com.ec<\/p>\n<div class=\"gsp_post_data\" \r\n\t            data-post_type=\"post\" \r\n\t            data-cat=\"deportes-internacionales\" \r\n\t            data-modified=\"120\"\r\n\t            data-created=\"1747844025\"\r\n\t            data-title=\"FEF conf\u00edan en recuperar a Enner, Plata y Campana\" \r\n\t            data-home=\"https:\/\/www.evafm.net\/sitio\"><\/div>","protected":false},"excerpt":{"rendered":"<p>A pocas semanas de los cruciales partidos ante Brasil (5 de junio en Guayaquil) y Per\u00fa (10 de junio en Lima), el presidente de la Federaci\u00f3n Ecuatoriana de F\u00fatbol, Francisco Egas. se refiri\u00f3 a la situaci\u00f3n de los jugadores lesionados que a\u00fan est\u00e1n en duda para la convocatoria de la Selecci\u00f3n. &nbsp; \u201cTenemos a nuestros&#8230;<\/p>\n","protected":false},"author":5,"featured_media":89219,"comment_status":"closed","ping_status":"open","sticky":false,"template":"","format":"standard","meta":{"_joinchat":[],"footnotes":""},"categories":[1342],"tags":[],"class_list":["post-89218","post","type-post","status-publish","format-standard","has-post-thumbnail","hentry","category-deportes-internacionales","have-post-thumb"],"_links":{"self":[{"href":"https:\/\/www.evafm.net\/sitio\/wp-json\/wp\/v2\/posts\/89218","targetHints":{"allow":["GET"]}}],"collection":[{"href":"https:\/\/www.evafm.net\/sitio\/wp-json\/wp\/v2\/posts"}],"about":[{"href":"https:\/\/www.evafm.net\/sitio\/wp-json\/wp\/v2\/types\/post"}],"author":[{"embeddable":true,"href":"https:\/\/www.evafm.net\/sitio\/wp-json\/wp\/v2\/users\/5"}],"replies":[{"embeddable":true,"href":"https:\/\/www.evafm.net\/sitio\/wp-json\/wp\/v2\/comments?post=89218"}],"version-history":[{"count":1,"href":"https:\/\/www.evafm.net\/sitio\/wp-json\/wp\/v2\/posts\/89218\/revisions"}],"predecessor-version":[{"id":89220,"href":"https:\/\/www.evafm.net\/sitio\/wp-json\/wp\/v2\/posts\/89218\/revisions\/89220"}],"wp:featuredmedia":[{"embeddable":true,"href":"https:\/\/www.evafm.net\/sitio\/wp-json\/wp\/v2\/media\/89219"}],"wp:attachment":[{"href":"https:\/\/www.evafm.net\/sitio\/wp-json\/wp\/v2\/media?parent=89218"}],"wp:term":[{"taxonomy":"category","embeddable":true,"href":"https:\/\/www.evafm.net\/sitio\/wp-json\/wp\/v2\/categories?post=89218"},{"taxonomy":"post_tag","embeddable":true,"href":"https:\/\/www.evafm.net\/sitio\/wp-json\/wp\/v2\/tags?post=89218"}],"curies":[{"name":"wp","href":"https:\/\/api.w.org\/{rel}","templated":true}]}}