{"id":89251,"date":"2025-05-22T20:26:43","date_gmt":"2025-05-23T01:26:43","guid":{"rendered":"https:\/\/www.evafm.net\/sitio\/?p=89251"},"modified":"2025-05-22T20:26:43","modified_gmt":"2025-05-23T01:26:43","slug":"dina-boluarte-presidenta-de-peru-vendra-a-la-investidura-de-daniel-noboa","status":"publish","type":"post","link":"https:\/\/www.evafm.net\/sitio\/dina-boluarte-presidenta-de-peru-vendra-a-la-investidura-de-daniel-noboa\/","title":{"rendered":"Dina Boluarte, presidenta de Per\u00fa, vendr\u00e1 a la investidura de Daniel Noboa"},"content":{"rendered":"<p><b>El\u00a0<a href=\"https:\/\/www.ecuavisa.com\/metadatos\/-\/meta\/peru\" target=\"_blank\" rel=\"noopener noreferrer\">Congreso de Per\u00fa<\/a>\u00a0aprob\u00f3 que la presidenta de ese pa\u00eds, Dina Boluarte,<\/b>\u00a0asista a la investidura de\u00a0<strong><a href=\"https:\/\/www.ecuavisa.com\/metadatos\/-\/meta\/daniel-noboa\" target=\"_blank\" rel=\"noopener noreferrer\">Daniel Noboa<\/a>\u00a0y Mar\u00eda Jos\u00e9 Pinto,<\/strong> como presidente y vicepresidenta de<strong> Ecuador. <\/strong><\/p>\n<p>El evento se llevar\u00e1 a cabo este 24 de mayo de 2025.<\/p>\n<p>&nbsp;<\/p>\n<p><b>Boluarte solicit\u00f3 permiso para asistir a la investidura a trav\u00e9s de un oficio\u00a0<\/b>que envi\u00f3 el <strong>martes, 20 de mayo de 2025<\/strong>, al presidente del<strong> Parlamento, Eduardo Salhuana.<\/strong><\/p>\n<div id=\"sunmedia-div\"><\/div>\n<p>&nbsp;<\/p>\n<p>La\u00a0<b>Casa Blanca tambi\u00e9n\u00a0<\/b>confirm\u00f3 este\u00a0<b>mi\u00e9rcoles 21 de mayo del 2025 Robert F. Kennedy J<\/b>r., secretario de Salud de Estados Unidos, representar\u00e1 a\u00a0<strong><a href=\"https:\/\/www.ecuavisa.com\/metadatos\/-\/meta\/donald-trump\" target=\"_blank\" rel=\"noopener noreferrer\">Donald Trump<\/a><\/strong>\u00a0en la posesi\u00f3n<b>\u00a0<\/b><\/p>\n<p><b>Noboa<\/b>.<\/p>\n<p><b>\u00abEl honorable Robert F. Kennedy Jr. encabezar\u00e1 la delegaci\u00f3n\u00bb,<\/b>\u00a0subraya el comunicado.<\/p>\n<p>&nbsp;<\/p>\n<p><b>El delegado de EE.UU. es cercano a la familia Noboa<\/b>\u00a0porque es padrino de bautizo de su hermano, y amigo personal de sus padres, <strong>\u00c1lvaro Noboa y\u00a0<a href=\"https:\/\/www.ecuavisa.com\/metadatos\/-\/meta\/anabella-azin\" target=\"_blank\" rel=\"noopener noreferrer\">Annabella Az\u00edn.<\/a><\/strong><\/p>\n<p>&nbsp;<\/p>\n<div class=\"paragraph\">\n<p><b>La Canciller\u00eda de Ecuador inform\u00f3 que en la investidura de Daniel Noboa<\/b>\u00a0como presidente y\u00a0<strong><a href=\"https:\/\/www.ecuavisa.com\/metadatos\/-\/meta\/maria-jose-pinto\" target=\"_blank\" rel=\"nofollow noopener noreferrer\">Mar\u00eda Jos\u00e9 Pinto<\/a>\u00a0<\/strong>en calidad de vicepresidenta, estar\u00e1n presentes delegaciones de<\/p>\n<p><strong> 57 pa\u00edses y 18 autoridades de Organismos Internacionales asistir\u00e1n.<\/strong><\/p>\n<p>&nbsp;<\/p>\n<p><b>Con respecto a los nombres de los asistentes,\u00a0<\/b>la cartera de Estado que\u00a0<b>el jueves emitir\u00e1 el listado de confirmaciones<\/b>\u00a0de autoridades que estar\u00edan llegando tanto el 23 como<\/p>\n<p>la <strong>ma\u00f1ana del 24 de mayo de 2025.<\/strong><\/p>\n<\/div>\n<div class=\"paragraph\">\n<p>&nbsp;<\/p>\n<p><b>El primer mandatario gan\u00f3 las elecciones del pasado 13 de abril de 2025, con un 55,63 % de los votos<\/b>\u00a0v\u00e1lidos en la<strong> segunda vuelta celebrada el 13 de abril<\/strong>, y estar\u00e1 en<\/p>\n<p>Carondelet hasta 2029.<strong>(I)<\/strong><\/p>\n<\/div>\n<p>&nbsp;<\/p>\n<p>&nbsp;<\/p>\n<p><strong>Fuente:<\/strong> evafm.net &#8211; ecuavisa.com<\/p>\n<p>&nbsp;<\/p>\n<div class=\"gsp_post_data\" \r\n\t            data-post_type=\"post\" \r\n\t            data-cat=\"general,noticias-ecuador,uncategorized\" \r\n\t            data-modified=\"120\"\r\n\t            data-created=\"1747945603\"\r\n\t            data-title=\"Dina Boluarte, presidenta de Per\u00fa, vendr\u00e1 a la investidura de Daniel Noboa\" \r\n\t            data-home=\"https:\/\/www.evafm.net\/sitio\"><\/div>","protected":false},"excerpt":{"rendered":"<p>El\u00a0Congreso de Per\u00fa\u00a0aprob\u00f3 que la presidenta de ese pa\u00eds, Dina Boluarte,\u00a0asista a la investidura de\u00a0Daniel Noboa\u00a0y Mar\u00eda Jos\u00e9 Pinto, como presidente y vicepresidenta de Ecuador. El evento se llevar\u00e1 a cabo este 24 de mayo de 2025. &nbsp; Boluarte solicit\u00f3 permiso para asistir a la investidura a trav\u00e9s de un oficio\u00a0que envi\u00f3 el martes, 20&#8230;<\/p>\n","protected":false},"author":5,"featured_media":89278,"comment_status":"closed","ping_status":"open","sticky":false,"template":"","format":"standard","meta":{"_joinchat":[],"footnotes":""},"categories":[1720,1558,1],"tags":[],"class_list":["post-89251","post","type-post","status-publish","format-standard","has-post-thumbnail","hentry","category-general","category-noticias-ecuador","category-uncategorized","have-post-thumb"],"_links":{"self":[{"href":"https:\/\/www.evafm.net\/sitio\/wp-json\/wp\/v2\/posts\/89251","targetHints":{"allow":["GET"]}}],"collection":[{"href":"https:\/\/www.evafm.net\/sitio\/wp-json\/wp\/v2\/posts"}],"about":[{"href":"https:\/\/www.evafm.net\/sitio\/wp-json\/wp\/v2\/types\/post"}],"author":[{"embeddable":true,"href":"https:\/\/www.evafm.net\/sitio\/wp-json\/wp\/v2\/users\/5"}],"replies":[{"embeddable":true,"href":"https:\/\/www.evafm.net\/sitio\/wp-json\/wp\/v2\/comments?post=89251"}],"version-history":[{"count":1,"href":"https:\/\/www.evafm.net\/sitio\/wp-json\/wp\/v2\/posts\/89251\/revisions"}],"predecessor-version":[{"id":89279,"href":"https:\/\/www.evafm.net\/sitio\/wp-json\/wp\/v2\/posts\/89251\/revisions\/89279"}],"wp:featuredmedia":[{"embeddable":true,"href":"https:\/\/www.evafm.net\/sitio\/wp-json\/wp\/v2\/media\/89278"}],"wp:attachment":[{"href":"https:\/\/www.evafm.net\/sitio\/wp-json\/wp\/v2\/media?parent=89251"}],"wp:term":[{"taxonomy":"category","embeddable":true,"href":"https:\/\/www.evafm.net\/sitio\/wp-json\/wp\/v2\/categories?post=89251"},{"taxonomy":"post_tag","embeddable":true,"href":"https:\/\/www.evafm.net\/sitio\/wp-json\/wp\/v2\/tags?post=89251"}],"curies":[{"name":"wp","href":"https:\/\/api.w.org\/{rel}","templated":true}]}}