{"id":89254,"date":"2025-05-22T20:32:39","date_gmt":"2025-05-23T01:32:39","guid":{"rendered":"https:\/\/www.evafm.net\/sitio\/?p=89254"},"modified":"2025-05-22T20:32:39","modified_gmt":"2025-05-23T01:32:39","slug":"la-tri-golea-a-peru-y-se-clasifica-al-mundial-femenino-sub-17","status":"publish","type":"post","link":"https:\/\/www.evafm.net\/sitio\/la-tri-golea-a-peru-y-se-clasifica-al-mundial-femenino-sub-17\/","title":{"rendered":"La Tri golea a Per\u00fa y se clasifica al Mundial Femenino Sub 17"},"content":{"rendered":"<p>Las jugadoras de la selecci\u00f3n de Ecuador volvieron a hacer historia y se clasificaron, por segundo a\u00f1o consecutivo, al<strong> Mundial Femenino Sub 17.<\/strong><\/p>\n<p>La Tri ha cumplido con una actuaci\u00f3n sensacional en este torneo, apenas ha perdido un partido, y, este mi\u00e9rcoles, someti\u00f3 y derrot\u00f3 por 4-1 a Per\u00fa<\/p>\n<p>para obtener su cupo mundialista.<\/p>\n<p><strong>La Tricolor<\/strong> tiene varios puntos altos, es un equipo que se destaca en lo colectivo y en lo individual, pero su gran figura es la volante<strong> Mary Guerra<\/strong><\/p>\n<p>que\u00a0 brill\u00f3 con un golazo desde fuera del \u00e1rea.<\/p>\n<p>&nbsp;<\/p>\n<p>Los otros goles de Ecuador los marcaron <strong>Jaslym Valverde, Abigali Villac\u00eds y \u00c9rika L\u00f3pez,<\/strong> mientras que Alejandra Salazar descont\u00f3 para las peruanas.<\/p>\n<p>Con este resultado, la Tri es, moment\u00e1neamente, la puntera del hexagonal, con ocho puntos, por lo que, adem\u00e1s de la clasificaci\u00f3n al Mundial<\/p>\n<p>las dirigidas por V\u00edctor Idrobo tambi\u00e9n pueden luchar por el t\u00edtulo continental.<\/p>\n<p>&nbsp;<\/p>\n<p>&nbsp;<\/p>\n<p>En la pr\u00f3xima y \u00faltima fecha del hexagonal, <strong>Ecuador se enfrentar\u00e1 a Paraguay, el s\u00e1bado 24 de mayo<\/strong>, en un horario a\u00fan por confirmar por la<strong> Conmebol.<\/strong><\/p>\n<p>&nbsp;<\/p>\n<p>Por otra parte, el Mundial Femenino Sub 17 se jugar\u00e1 del 17 de octubre al 8 de noviembre de 2025.<\/p>\n<p>La Tri buscar\u00e1 igualar o superar su hist\u00f3rica actuaci\u00f3n de 2024, en la que avanz\u00f3 hasta cuartos de final.<\/p>\n<p>&nbsp;<\/p>\n<p><img decoding=\"async\" src=\"https:\/\/imagenes.primicias.ec\/files\/image_original\/uploads\/2025\/05\/21\/682e24fbb099b.jpeg\" alt=\"thumb\" \/><\/p>\n<p>\/<\/p>\n<p><iframe title=\"PER\u00da vs. ECUADOR [1-4] | RESUMEN | CONMEBOL SUB17 FEMENINA 2025\" width=\"1200\" height=\"675\" src=\"https:\/\/www.youtube.com\/embed\/7Rq8PIWRons?feature=oembed\" frameborder=\"0\" allow=\"accelerometer; autoplay; clipboard-write; encrypted-media; gyroscope; picture-in-picture; web-share\" referrerpolicy=\"strict-origin-when-cross-origin\" allowfullscreen><\/iframe><\/p>\n<p>&nbsp;<\/p>\n<p>&nbsp;<\/p>\n<div class=\"gsp_post_data\" \r\n\t            data-post_type=\"post\" \r\n\t            data-cat=\"deportes-internacionales,general,uncategorized\" \r\n\t            data-modified=\"120\"\r\n\t            data-created=\"1747945959\"\r\n\t            data-title=\"La Tri golea a Per\u00fa y se clasifica al Mundial Femenino Sub 17\" \r\n\t            data-home=\"https:\/\/www.evafm.net\/sitio\"><\/div>","protected":false},"excerpt":{"rendered":"<p>Las jugadoras de la selecci\u00f3n de Ecuador volvieron a hacer historia y se clasificaron, por segundo a\u00f1o consecutivo, al Mundial Femenino Sub 17. La Tri ha cumplido con una actuaci\u00f3n sensacional en este torneo, apenas ha perdido un partido, y, este mi\u00e9rcoles, someti\u00f3 y derrot\u00f3 por 4-1 a Per\u00fa para obtener su cupo mundialista. La&#8230;<\/p>\n","protected":false},"author":5,"featured_media":89284,"comment_status":"closed","ping_status":"open","sticky":false,"template":"","format":"standard","meta":{"_joinchat":[],"footnotes":""},"categories":[1342,1720,1],"tags":[],"class_list":["post-89254","post","type-post","status-publish","format-standard","has-post-thumbnail","hentry","category-deportes-internacionales","category-general","category-uncategorized","have-post-thumb"],"_links":{"self":[{"href":"https:\/\/www.evafm.net\/sitio\/wp-json\/wp\/v2\/posts\/89254","targetHints":{"allow":["GET"]}}],"collection":[{"href":"https:\/\/www.evafm.net\/sitio\/wp-json\/wp\/v2\/posts"}],"about":[{"href":"https:\/\/www.evafm.net\/sitio\/wp-json\/wp\/v2\/types\/post"}],"author":[{"embeddable":true,"href":"https:\/\/www.evafm.net\/sitio\/wp-json\/wp\/v2\/users\/5"}],"replies":[{"embeddable":true,"href":"https:\/\/www.evafm.net\/sitio\/wp-json\/wp\/v2\/comments?post=89254"}],"version-history":[{"count":1,"href":"https:\/\/www.evafm.net\/sitio\/wp-json\/wp\/v2\/posts\/89254\/revisions"}],"predecessor-version":[{"id":89285,"href":"https:\/\/www.evafm.net\/sitio\/wp-json\/wp\/v2\/posts\/89254\/revisions\/89285"}],"wp:featuredmedia":[{"embeddable":true,"href":"https:\/\/www.evafm.net\/sitio\/wp-json\/wp\/v2\/media\/89284"}],"wp:attachment":[{"href":"https:\/\/www.evafm.net\/sitio\/wp-json\/wp\/v2\/media?parent=89254"}],"wp:term":[{"taxonomy":"category","embeddable":true,"href":"https:\/\/www.evafm.net\/sitio\/wp-json\/wp\/v2\/categories?post=89254"},{"taxonomy":"post_tag","embeddable":true,"href":"https:\/\/www.evafm.net\/sitio\/wp-json\/wp\/v2\/tags?post=89254"}],"curies":[{"name":"wp","href":"https:\/\/api.w.org\/{rel}","templated":true}]}}