{"id":89262,"date":"2025-05-22T16:28:30","date_gmt":"2025-05-22T21:28:30","guid":{"rendered":"https:\/\/www.evafm.net\/sitio\/?p=89262"},"modified":"2025-05-22T16:28:30","modified_gmt":"2025-05-22T21:28:30","slug":"emelec-confirma-las-lesiones-de-2-jugadores","status":"publish","type":"post","link":"https:\/\/www.evafm.net\/sitio\/emelec-confirma-las-lesiones-de-2-jugadores\/","title":{"rendered":"Emelec confirma las lesiones de 2 jugadores"},"content":{"rendered":"<p><strong>El C.S Emelec<\/strong> inform\u00f3 de manera oficial que los defensores <strong>Alexander Gonz\u00e1lez y Jackson Rodr\u00edguez<\/strong> no estar\u00e1n disponibles para el compromiso de este domingo ante<strong> El Nacional<\/strong><\/p>\n<p>que se disputar\u00e1 en el <strong>Estadio Gonzalo Pozo Ripalda por la LigaPro.<\/strong><\/p>\n<p>&nbsp;<\/p>\n<p>Seg\u00fan el parte m\u00e9dico emitido por el club:<\/p>\n<ul>\n<li><strong>Alexander Gonz\u00e1lez presenta una elongaci\u00f3n de grado uno en el muslo, y su tiempo estimado de recuperaci\u00f3n es de 5 a 7 d\u00edas.<\/strong><\/li>\n<li><strong>Jackson Rodr\u00edguez, por su parte, sufre una contusi\u00f3n en el pie derecho, con una recuperaci\u00f3n proyectada entre 3 y 5 d\u00edas.<\/strong><\/li>\n<\/ul>\n<p>&nbsp;<\/p>\n<p>Ambas bajas representan un contratiempo para el cuerpo t\u00e9cnico, que deber\u00e1 reorganizar la l\u00ednea defensiva para un duelo clave en la recta final de la primera etapa del campeonato.<\/p>\n<p>Se espera que ambos jugadores puedan estar disponibles para el siguiente compromiso, dependiendo de su evoluci\u00f3n m\u00e9dica en los pr\u00f3ximos d\u00edas.<strong>(D)<\/strong><\/p>\n<p>&nbsp;<\/p>\n<div class=\"css-1dbjc4n r-18u37iz r-kzbkwu\">\n<div class=\"css-1dbjc4n r-eqz5dr r-1777fci r-4amgru r-1kh6xel\">\n<div class=\"css-1dbjc4n r-1ny4l3l\">\n<div class=\"css-1dbjc4n r-1wbh5a2 r-dnmrzs r-1ny4l3l\">\n<div class=\"css-1dbjc4n r-1wbh5a2 r-dnmrzs r-1ny4l3l\">\n<div class=\"css-1dbjc4n r-1awozwy r-18u37iz r-dnmrzs\">\n<div class=\"css-901oao r-1awozwy r-18jsvk2 r-6koalj r-1qd0xha r-a023e6 r-b88u0q r-rjixqe r-bcqeeo r-1udh08x r-3s2u2q r-qvutc0\" dir=\"auto\"><strong><span class=\"css-901oao css-16my406 css-1hf3ou5 r-poiln3 r-bcqeeo r-qvutc0\"><span class=\"css-901oao css-16my406 r-poiln3 r-bcqeeo r-qvutc0\">Club Sport Emelec<\/span><\/span><\/strong><\/div>\n<div class=\"css-901oao r-18jsvk2 r-xoduu5 r-18u37iz r-1q142lx r-1qd0xha r-a023e6 r-16dba41 r-rjixqe r-bcqeeo r-qvutc0\" dir=\"auto\"><\/div>\n<\/div>\n<div class=\"css-1dbjc4n r-1awozwy r-18u37iz r-1wbh5a2\">\n<div class=\"css-1dbjc4n\">\n<div class=\"css-901oao css-1hf3ou5 r-14j79pv r-18u37iz r-1qd0xha r-1wvb978 r-a023e6 r-16dba41 r-rjixqe r-bcqeeo r-qvutc0\" dir=\"ltr\"><strong><span class=\"css-901oao css-16my406 r-poiln3 r-bcqeeo r-qvutc0\">@CSEmelec<\/span><\/strong><\/div>\n<\/div>\n<div class=\"css-1dbjc4n r-18u37iz r-1q142lx\">\n<div class=\"css-901oao r-14j79pv r-1q142lx r-1qd0xha r-a023e6 r-16dba41 r-rjixqe r-bcqeeo r-s1qlax r-qvutc0\" dir=\"auto\" aria-hidden=\"true\"><\/div>\n<\/div>\n<\/div>\n<\/div>\n<\/div>\n<\/div>\n<\/div>\n<\/div>\n<div class=\"css-1dbjc4n\">\n<div class=\"css-901oao r-18jsvk2 r-1dqbpge r-1qd0xha r-adyw6z r-16dba41 r-135wba7 r-bcqeeo r-bnwqim r-qvutc0\" dir=\"auto\" lang=\"pt\" data-testid=\"tweetText\"><strong><span class=\"css-901oao css-16my406 r-poiln3 r-bcqeeo r-qvutc0\"> Comunicado Oficial<\/span><\/strong><\/div>\n<\/div>\n<p><img fetchpriority=\"high\" decoding=\"async\" class=\"\" src=\"https:\/\/pbs.twimg.com\/media\/GrkGuQuW4AEjSCI?format=jpg&amp;name=small\" alt=\"Image\" width=\"799\" height=\"999\" \/><\/p>\n<p>&nbsp;<\/p>\n<p><strong>Fuente:<\/strong> evafm.net &#8211; studiofutbol.com.ec<\/p>\n<div class=\"gsp_post_data\" \r\n\t            data-post_type=\"post\" \r\n\t            data-cat=\"deportes-ecuador\" \r\n\t            data-modified=\"120\"\r\n\t            data-created=\"1747931310\"\r\n\t            data-title=\"Emelec confirma las lesiones de 2 jugadores\" \r\n\t            data-home=\"https:\/\/www.evafm.net\/sitio\"><\/div>","protected":false},"excerpt":{"rendered":"<p>El C.S Emelec inform\u00f3 de manera oficial que los defensores Alexander Gonz\u00e1lez y Jackson Rodr\u00edguez no estar\u00e1n disponibles para el compromiso de este domingo ante El Nacional que se disputar\u00e1 en el Estadio Gonzalo Pozo Ripalda por la LigaPro. &nbsp; Seg\u00fan el parte m\u00e9dico emitido por el club: Alexander Gonz\u00e1lez presenta una elongaci\u00f3n de grado&#8230;<\/p>\n","protected":false},"author":5,"featured_media":89263,"comment_status":"closed","ping_status":"open","sticky":false,"template":"","format":"standard","meta":{"_joinchat":[],"footnotes":""},"categories":[1557],"tags":[],"class_list":["post-89262","post","type-post","status-publish","format-standard","has-post-thumbnail","hentry","category-deportes-ecuador","have-post-thumb"],"_links":{"self":[{"href":"https:\/\/www.evafm.net\/sitio\/wp-json\/wp\/v2\/posts\/89262","targetHints":{"allow":["GET"]}}],"collection":[{"href":"https:\/\/www.evafm.net\/sitio\/wp-json\/wp\/v2\/posts"}],"about":[{"href":"https:\/\/www.evafm.net\/sitio\/wp-json\/wp\/v2\/types\/post"}],"author":[{"embeddable":true,"href":"https:\/\/www.evafm.net\/sitio\/wp-json\/wp\/v2\/users\/5"}],"replies":[{"embeddable":true,"href":"https:\/\/www.evafm.net\/sitio\/wp-json\/wp\/v2\/comments?post=89262"}],"version-history":[{"count":1,"href":"https:\/\/www.evafm.net\/sitio\/wp-json\/wp\/v2\/posts\/89262\/revisions"}],"predecessor-version":[{"id":89264,"href":"https:\/\/www.evafm.net\/sitio\/wp-json\/wp\/v2\/posts\/89262\/revisions\/89264"}],"wp:featuredmedia":[{"embeddable":true,"href":"https:\/\/www.evafm.net\/sitio\/wp-json\/wp\/v2\/media\/89263"}],"wp:attachment":[{"href":"https:\/\/www.evafm.net\/sitio\/wp-json\/wp\/v2\/media?parent=89262"}],"wp:term":[{"taxonomy":"category","embeddable":true,"href":"https:\/\/www.evafm.net\/sitio\/wp-json\/wp\/v2\/categories?post=89262"},{"taxonomy":"post_tag","embeddable":true,"href":"https:\/\/www.evafm.net\/sitio\/wp-json\/wp\/v2\/tags?post=89262"}],"curies":[{"name":"wp","href":"https:\/\/api.w.org\/{rel}","templated":true}]}}