{"id":89265,"date":"2025-05-22T16:34:46","date_gmt":"2025-05-22T21:34:46","guid":{"rendered":"https:\/\/www.evafm.net\/sitio\/?p=89265"},"modified":"2025-05-22T16:34:46","modified_gmt":"2025-05-22T21:34:46","slug":"guillermo-almada-ya-negocia-con-su-nuevo-equipo-para-la-segunda-mitad-del-2025","status":"publish","type":"post","link":"https:\/\/www.evafm.net\/sitio\/guillermo-almada-ya-negocia-con-su-nuevo-equipo-para-la-segunda-mitad-del-2025\/","title":{"rendered":"Guillermo Almada ya negocia con su nuevo equipo para la segunda mitad del 2025"},"content":{"rendered":"<p><b><a href=\"https:\/\/www.ecuavisa.com\/metadatos\/-\/meta\/guillermo-almada\" target=\"_blank\" rel=\"noopener noreferrer\">Guillermo Almada<\/a>\u00a0dio a conocer su decisi\u00f3n de que no seguir\u00e1 en Pachuca<\/b>\u00a0para la segunda mitad del 2025, por lo que ya est\u00e1 en negociaciones con su nuevo equipo.<\/p>\n<p>&nbsp;<\/p>\n<p>El estratega uruguayo<b>\u00a0<a href=\"https:\/\/www.ecuavisa.com\/deportes\/futbol-internacional\/guillermo-almada-no-seguira-entrenador-pachuca-DC8477566\" target=\"_blank\" rel=\"noopener noreferrer\">planea dirigir el Mundial de Clubes con el Pachuca<\/a><\/b>\u00a0y una vez acaba la competici\u00f3n dejar\u00e1 el club, pero planea seguir en el f\u00fatbol mexicano.<\/p>\n<p>Pues, el\u00a0<b>Cruz Azul ya conversa con Guillermo Almada para su llegada<\/b>\u00a0para el torneo Apertura 2025 de la Liga MX, seg\u00fan el periodista C\u00e9sar Luis Merlo.<\/p>\n<p>&nbsp;<\/p>\n<div class=\"paragraph\">\n<p>La\u00a0<b>m\u00e1quina cementera qued\u00f3 eliminado del Clausura 2025<\/b>, por lo que tiene la intenci\u00f3n de renovar el plantel con la llegada del uruguayo.<\/p>\n<\/div>\n<div class=\"paragraph\">\n<p><a href=\"https:\/\/www.ecuavisa.com\/deportes\/futbol-internacional\/pachuca-renovara-contrato-guillermo-almada-2026-YK8378364\" target=\"_blank\" rel=\"noopener noreferrer\">Almada tiene cl\u00e1usula de salida<\/a>\u00a0y puede\u00a0<b>abandonar al Pachuca despu\u00e9s del Mundial de Clubes 2025<\/b>.<\/p>\n<\/div>\n<p>&nbsp;<\/p>\n<p>A\u00fan no han conversado las condiciones del contrato, pero Almada suele incluir cl\u00e1usulas para\u00a0<b>dirigir a la selecci\u00f3n de Ecuador y Uruguay.<\/b><\/p>\n<p>En su regreso a Ecuador, antes de la Noche Centenario, el\u00a0<b>estratega abri\u00f3 la puerta a una vuelta a Barcelona SC<\/b>, pero sin decir alguna fecha.<\/p>\n<p>\u00abUno nunca sabe, porque no tenemos una bola de cristal, pero<b>\u00a0la pasamos muy bien y nos sentimos muy identificados<\/b>\u00ab, dijo Almada.<strong>(D)<\/strong><\/p>\n<p>&nbsp;<\/p>\n<p><strong>Fuente:<\/strong> evafm.net &#8211; ecuavisa.com<\/p>\n<div class=\"gsp_post_data\" \r\n\t            data-post_type=\"post\" \r\n\t            data-cat=\"deportes-internacionales\" \r\n\t            data-modified=\"120\"\r\n\t            data-created=\"1747931686\"\r\n\t            data-title=\"Guillermo Almada ya negocia con su nuevo equipo para la segunda mitad del 2025\" \r\n\t            data-home=\"https:\/\/www.evafm.net\/sitio\"><\/div>","protected":false},"excerpt":{"rendered":"<p>Guillermo Almada\u00a0dio a conocer su decisi\u00f3n de que no seguir\u00e1 en Pachuca\u00a0para la segunda mitad del 2025, por lo que ya est\u00e1 en negociaciones con su nuevo equipo. &nbsp; El estratega uruguayo\u00a0planea dirigir el Mundial de Clubes con el Pachuca\u00a0y una vez acaba la competici\u00f3n dejar\u00e1 el club, pero planea seguir en el f\u00fatbol mexicano&#8230;.<\/p>\n","protected":false},"author":5,"featured_media":89266,"comment_status":"closed","ping_status":"open","sticky":false,"template":"","format":"standard","meta":{"_joinchat":[],"footnotes":""},"categories":[1342],"tags":[],"class_list":["post-89265","post","type-post","status-publish","format-standard","has-post-thumbnail","hentry","category-deportes-internacionales","have-post-thumb"],"_links":{"self":[{"href":"https:\/\/www.evafm.net\/sitio\/wp-json\/wp\/v2\/posts\/89265","targetHints":{"allow":["GET"]}}],"collection":[{"href":"https:\/\/www.evafm.net\/sitio\/wp-json\/wp\/v2\/posts"}],"about":[{"href":"https:\/\/www.evafm.net\/sitio\/wp-json\/wp\/v2\/types\/post"}],"author":[{"embeddable":true,"href":"https:\/\/www.evafm.net\/sitio\/wp-json\/wp\/v2\/users\/5"}],"replies":[{"embeddable":true,"href":"https:\/\/www.evafm.net\/sitio\/wp-json\/wp\/v2\/comments?post=89265"}],"version-history":[{"count":1,"href":"https:\/\/www.evafm.net\/sitio\/wp-json\/wp\/v2\/posts\/89265\/revisions"}],"predecessor-version":[{"id":89267,"href":"https:\/\/www.evafm.net\/sitio\/wp-json\/wp\/v2\/posts\/89265\/revisions\/89267"}],"wp:featuredmedia":[{"embeddable":true,"href":"https:\/\/www.evafm.net\/sitio\/wp-json\/wp\/v2\/media\/89266"}],"wp:attachment":[{"href":"https:\/\/www.evafm.net\/sitio\/wp-json\/wp\/v2\/media?parent=89265"}],"wp:term":[{"taxonomy":"category","embeddable":true,"href":"https:\/\/www.evafm.net\/sitio\/wp-json\/wp\/v2\/categories?post=89265"},{"taxonomy":"post_tag","embeddable":true,"href":"https:\/\/www.evafm.net\/sitio\/wp-json\/wp\/v2\/tags?post=89265"}],"curies":[{"name":"wp","href":"https:\/\/api.w.org\/{rel}","templated":true}]}}