{"id":89288,"date":"2025-05-23T21:35:58","date_gmt":"2025-05-24T02:35:58","guid":{"rendered":"https:\/\/www.evafm.net\/sitio\/?p=89288"},"modified":"2025-05-23T21:35:58","modified_gmt":"2025-05-24T02:35:58","slug":"juan-pablo-guanipa-por-el-regimen-de-maduro-en-venezuela","status":"publish","type":"post","link":"https:\/\/www.evafm.net\/sitio\/juan-pablo-guanipa-por-el-regimen-de-maduro-en-venezuela\/","title":{"rendered":"Juan Pablo Guanipa por el r\u00e9gimen de Maduro en Venezuela"},"content":{"rendered":"<p><strong>Juan Pablo Guanipa,<\/strong> reconocido como uno de los principales aliados pol\u00edticos de\u00a0<b>Mar\u00eda Corina Machado<\/b>, fue detenido en la ma\u00f1ana del<strong> viernes 23 de mayo,<\/strong> seg\u00fan informaci\u00f3n preliminar.<\/p>\n<p>Este hecho ocurre en un contexto pol\u00edtico tenso, a tan solo dos d\u00edas de las elecciones legislativas y de gobernadores en\u00a0<b>Venezuela<\/b>, un evento clave para el panorama pol\u00edtico del pa\u00eds.<\/p>\n<p>&nbsp;<\/p>\n<p>El secuestro de Guanipa por parte del r\u00e9gimen chavista est\u00e1 vinculada a su papel como figura destacada dentro de la oposici\u00f3n venezolana, especialmente por su cercan\u00eda con Machado<\/p>\n<p>quien es una de las l\u00edderes m\u00e1s visibles de este sector pol\u00edtico.<\/p>\n<p>&nbsp;<\/p>\n<p>Tras confirmarse su detenci\u00f3n por parte del r\u00e9gimen de Nicol\u00e1s Maduro, <strong>Juan Pablo Guanipa<\/strong>, envi\u00f3 un contundente mensaje antes de su captura.<\/p>\n<p>&nbsp;<\/p>\n<p><b>\u201cHermanos, si est\u00e1n leyendo esto es porque he sido secuestrado por las fuerzas del r\u00e9gimen de Nicol\u00e1s Maduro\u201d<\/b>, expres\u00f3, destacando que su detenci\u00f3n representa una escalada<\/p>\n<p>m\u00e1s en las t\u00e1cticas represivas hacia los l\u00edderes opositores.<\/p>\n<p>&nbsp;<\/p>\n<p>Guanipa revel\u00f3 que hab\u00eda estado en la clandestinidad durante meses para preservar su seguridad.<\/p>\n<p>&nbsp;<\/p>\n<p class=\"paragraph\" data-mrf-recirculation=\"Links inline\"><b>\u201cLamentablemente, mi tiempo en resguardo lleg\u00f3 a su fin. A partir de hoy, yo formo parte de la lista de venezolanos secuestrados por la dictadura\u201d<\/b>, sostuvo, se\u00f1alando que este<\/p>\n<p class=\"paragraph\" data-mrf-recirculation=\"Links inline\">acto responde al temor del r\u00e9gimen ante el avance y determinaci\u00f3n del pueblo venezolano.<\/p>\n<p class=\"paragraph\" data-mrf-recirculation=\"Links inline\">El opositor acus\u00f3 a Maduro y a su c\u00edrculo de utilizar t\u00e1cticas intimidatorias para silenciar a los disidentes:<\/p>\n<p class=\"paragraph\" data-mrf-recirculation=\"Links inline\"><b>\u201cEsto es un secuestro que ha sido motivado por una sola raz\u00f3n: el miedo del r\u00e9gimen al pueblo venezolano, el miedo de la dictadura al esp\u00edritu del 28 y 29 de julio\u201d<\/b>.<\/p>\n<p class=\"paragraph\" data-mrf-recirculation=\"Links inline\">Guanipa hizo referencia a las fechas en las que los venezolanos protagonizaron jornadas de resistencia en defensa de los derechos democr\u00e1ticos frente a la represi\u00f3n del r\u00e9gimen.<\/p>\n<p class=\"paragraph\" data-mrf-recirculation=\"Links inline\"><b>\u201cEstos d\u00edas dejaron en claro que el r\u00e9gimen nunca podr\u00e1 doblegar el esp\u00edritu libertario del venezolano y que, a pesar de a\u00f1os tratando de quebrarnos, los venezolanos nunca<\/b><\/p>\n<p class=\"paragraph\" data-mrf-recirculation=\"Links inline\"><b> abandonaremos nuestro ADN democr\u00e1tico\u201d<\/b>, agreg\u00f3 con firmeza, denunciando que la \u00fanica herramienta que le queda al chavismo es el miedo.<\/p>\n<p class=\"paragraph\" data-mrf-recirculation=\"Links inline\">La captura ocurre apenas dos d\u00edas antes de las elecciones legislativas y de gobernadores en Venezuela, un proceso electoral que ha sido ampliamente cuestionado por sectores de la<\/p>\n<p class=\"paragraph\" data-mrf-recirculation=\"Links inline\">oposici\u00f3n.<\/p>\n<p class=\"paragraph\" data-mrf-recirculation=\"Links inline\">Guanipa ha sido una figura clave en las movilizaciones contra los comicios presidenciales de 2024, en los que el r\u00e9gimen de Nicol\u00e1s Maduro se declar\u00f3 vencedor, aunque la oposici\u00f3n<\/p>\n<p class=\"paragraph\" data-mrf-recirculation=\"Links inline\">sostiene que el verdadero ganador fue <b>Edmundo Gonz\u00e1lez<\/b>, reconocido como mandatario electo por varios pa\u00edses.<\/p>\n<p class=\"paragraph\" data-mrf-recirculation=\"Links inline\">En sus redes sociales, Guanipa expres\u00f3 su rechazo a las elecciones del 25 de mayo, calific\u00e1ndolas como una \u201cfarsa\u201d destinada a legitimar un r\u00e9gimen ileg\u00edtimo.<\/p>\n<p class=\"paragraph\" data-mrf-recirculation=\"Links inline\">\u201cEl compromiso de los zulianos y los venezolanos es con la verdad, con la democracia y con el mandato soberano del pueblo que ya se expres\u00f3 el 28 de julio\u201d, afirm\u00f3, utilizando el<\/p>\n<p class=\"paragraph\" data-mrf-recirculation=\"Links inline\">hashtag #YoNoObedezco para subrayar su postura contra lo que considera un fraude electoral respaldado por la represi\u00f3n.<\/p>\n<p class=\"paragraph\" data-mrf-recirculation=\"Links inline\">A pesar de su actual situaci\u00f3n, Guanipa expres\u00f3 confianza en la victoria final del pueblo venezolano.<\/p>\n<p class=\"paragraph\" data-mrf-recirculation=\"Links inline\"><b>\u201cDurante estos meses en la clandestinidad que hoy termina, las im\u00e1genes de los venezolanos defendiendo los votos el 28 de julio frente a las hordas del r\u00e9gimen <\/b><\/p>\n<p class=\"paragraph\" data-mrf-recirculation=\"Links inline\"><b>y los videos del pueblo en rebeld\u00eda el 29 de julio alimentaron mi determinaci\u00f3n de seguir luchando\u201d<\/b>, enfatiz\u00f3.<\/p>\n<p class=\"paragraph\" data-mrf-recirculation=\"Links inline\">Asimismo, asegur\u00f3 que esta lucha no se detendr\u00e1:<\/p>\n<p class=\"paragraph\" data-mrf-recirculation=\"Links inline\">\u00a0<b>\u201cAunque el r\u00e9gimen hoy se anota una \u2018victoria\u2019, como si secuestrar a un venezolano fuese una gran labor, yo estoy m\u00e1s seguro que nunca de que la victoria final<\/b><\/p>\n<p class=\"paragraph\" data-mrf-recirculation=\"Links inline\"><b> ser\u00e1 para nosotros, el pueblo venezolano\u201d<\/b>.<\/p>\n<p class=\"paragraph\" data-mrf-recirculation=\"Links inline\"><strong>El l\u00edder opositor cerr\u00f3 su declaraci\u00f3n con un mensaje esperanzador para el pueblo venezolano:<\/strong><\/p>\n<p class=\"paragraph\" data-mrf-recirculation=\"Links inline\">\u201cNo tengo certeza de qu\u00e9 me ir\u00e1 a pasar a m\u00ed en las pr\u00f3ximas horas, d\u00edas o semanas.<\/p>\n<p class=\"paragraph\" data-mrf-recirculation=\"Links inline\">Pero de lo que s\u00ed estoy seguro, es que ganaremos la larga lucha en contra de la dictadura.<\/p>\n<p class=\"paragraph\" data-mrf-recirculation=\"Links inline\">Pronto llegar\u00e1 el d\u00eda cuando estaremos corriendo en las calles, no huyendo de la represi\u00f3n, sino a abrazarnos y celebrar la libertad\u201d.<\/p>\n<p class=\"paragraph\" data-mrf-recirculation=\"Links inline\">Guanipa dedic\u00f3 palabras a quienes han enfrentado el exilio, los presos pol\u00edticos y al pueblo que a\u00fan resiste dentro de Venezuela.<\/p>\n<div class=\"undefined ad-wrapper\">\n<div class=\"dfpAd \">\n<div id=\"infobae\/venezuela\/nota\/undefined\" class=\"infobae\/venezuela\/nota\/undefined arcad\"><\/div>\n<\/div>\n<\/div>\n<p class=\"paragraph\" data-mrf-recirculation=\"Links inline\">\u201cPronto llegar\u00e1 el d\u00eda cuando iremos a los aeropuertos, no a despedirnos de nuestro pa\u00eds, sino a saludar a nuestros hermanos, hijos y amigos que regresan.<\/p>\n<p class=\"paragraph\" data-mrf-recirculation=\"Links inline\">Pronto llegar\u00e1 el d\u00eda cuando los venezolanos iremos a las c\u00e1rceles, no como secuestrados, sino para liberar a los presos pol\u00edticos\u201d.<\/p>\n<p class=\"paragraph\" data-mrf-recirculation=\"Links inline\"><strong>Finalmente, pidi\u00f3 a los venezolanos mantener el esp\u00edritu combativo.<\/strong><\/p>\n<p class=\"paragraph\" data-mrf-recirculation=\"Links inline\">\u201cSigamos adelante en la lucha por nuestra libertad. No creas que la libertad es imposible y que ellos son invencibles: eso es una mentira del r\u00e9gimen.<\/p>\n<p class=\"paragraph\" data-mrf-recirculation=\"Links inline\">Sigamos resistiendo, cada quien desde su trinchera. Solo los venezolanos podremos liberar Venezuela\u201d, sentenci\u00f3.<\/p>\n<div class=\"undefined ad-wrapper\">\n<div class=\"dfpAd \">\n<div id=\"infobae\/venezuela\/nota\/undefined\" class=\"infobae\/venezuela\/nota\/undefined arcad\"><\/div>\n<\/div>\n<\/div>\n<p class=\"paragraph\" data-mrf-recirculation=\"Links inline\">Guanipa concluy\u00f3 su declaraci\u00f3n con una frase llena de convicci\u00f3n:\u00a0<b>\u201cHoy estoy injustamente preso, pero nunca derrotado\u201d.<\/b><\/p>\n<p class=\"paragraph\" data-mrf-recirculation=\"Links inline\">Si se necesita ajustar algo m\u00e1s o detallar alg\u00fan punto adicional, h\u00e1zmelo saber.<strong> (I)<\/strong><\/p>\n<p data-mrf-recirculation=\"Links inline\"><strong>Fuente:<\/strong> evafm.net &#8211; infobae.com<\/p>\n<p data-mrf-recirculation=\"Links inline\">\n<div class=\"gsp_post_data\" \r\n\t            data-post_type=\"post\" \r\n\t            data-cat=\"general,noticias-internacionales,uncategorized\" \r\n\t            data-modified=\"120\"\r\n\t            data-created=\"1748036158\"\r\n\t            data-title=\"Juan Pablo Guanipa por el r\u00e9gimen de Maduro en Venezuela\" \r\n\t            data-home=\"https:\/\/www.evafm.net\/sitio\"><\/div>","protected":false},"excerpt":{"rendered":"<p>Juan Pablo Guanipa, reconocido como uno de los principales aliados pol\u00edticos de\u00a0Mar\u00eda Corina Machado, fue detenido en la ma\u00f1ana del viernes 23 de mayo, seg\u00fan informaci\u00f3n preliminar. Este hecho ocurre en un contexto pol\u00edtico tenso, a tan solo dos d\u00edas de las elecciones legislativas y de gobernadores en\u00a0Venezuela, un evento clave para el panorama pol\u00edtico&#8230;<\/p>\n","protected":false},"author":5,"featured_media":89313,"comment_status":"closed","ping_status":"open","sticky":false,"template":"","format":"standard","meta":{"_joinchat":[],"footnotes":""},"categories":[1720,1345,1],"tags":[],"class_list":["post-89288","post","type-post","status-publish","format-standard","has-post-thumbnail","hentry","category-general","category-noticias-internacionales","category-uncategorized","have-post-thumb"],"_links":{"self":[{"href":"https:\/\/www.evafm.net\/sitio\/wp-json\/wp\/v2\/posts\/89288","targetHints":{"allow":["GET"]}}],"collection":[{"href":"https:\/\/www.evafm.net\/sitio\/wp-json\/wp\/v2\/posts"}],"about":[{"href":"https:\/\/www.evafm.net\/sitio\/wp-json\/wp\/v2\/types\/post"}],"author":[{"embeddable":true,"href":"https:\/\/www.evafm.net\/sitio\/wp-json\/wp\/v2\/users\/5"}],"replies":[{"embeddable":true,"href":"https:\/\/www.evafm.net\/sitio\/wp-json\/wp\/v2\/comments?post=89288"}],"version-history":[{"count":1,"href":"https:\/\/www.evafm.net\/sitio\/wp-json\/wp\/v2\/posts\/89288\/revisions"}],"predecessor-version":[{"id":89314,"href":"https:\/\/www.evafm.net\/sitio\/wp-json\/wp\/v2\/posts\/89288\/revisions\/89314"}],"wp:featuredmedia":[{"embeddable":true,"href":"https:\/\/www.evafm.net\/sitio\/wp-json\/wp\/v2\/media\/89313"}],"wp:attachment":[{"href":"https:\/\/www.evafm.net\/sitio\/wp-json\/wp\/v2\/media?parent=89288"}],"wp:term":[{"taxonomy":"category","embeddable":true,"href":"https:\/\/www.evafm.net\/sitio\/wp-json\/wp\/v2\/categories?post=89288"},{"taxonomy":"post_tag","embeddable":true,"href":"https:\/\/www.evafm.net\/sitio\/wp-json\/wp\/v2\/tags?post=89288"}],"curies":[{"name":"wp","href":"https:\/\/api.w.org\/{rel}","templated":true}]}}