{"id":89301,"date":"2025-05-23T13:11:19","date_gmt":"2025-05-23T18:11:19","guid":{"rendered":"https:\/\/www.evafm.net\/sitio\/?p=89301"},"modified":"2025-05-23T13:11:19","modified_gmt":"2025-05-23T18:11:19","slug":"emelec-tras-la-pista-de-la-maquina-quintero","status":"publish","type":"post","link":"https:\/\/www.evafm.net\/sitio\/emelec-tras-la-pista-de-la-maquina-quintero\/","title":{"rendered":"Emelec tras la pista de La Maquina Quintero"},"content":{"rendered":"<p>El mediocampista <strong>Sergio \u201cla m\u00e1quina\u201d Quintero<\/strong> estar\u00eda en la mira de Emelec para reforzar al plantel en la segunda mitad del a\u00f1o.<\/p>\n<p>Seg\u00fan inform\u00f3 la colega <strong>Joselyn Centeno,<\/strong> habr\u00edan existido conversaciones entre el jugador y el entrenador Jorge C\u00e9lico, quien ya<\/p>\n<p>lo dirigi\u00f3 en procesos anteriores, a la espera de que se confirme su continuidad en el banquillo azul.<\/p>\n<p>&nbsp;<\/p>\n<p>Actualmente, Quintero milita en el club AV25 de la Segunda Categor\u00eda y llegar\u00eda como jugador libre, lo que facilitar\u00eda su incorporaci\u00f3n al cuadro el\u00e9ctrico.<\/p>\n<p>El exseleccionado sub-20 ver\u00eda con buenos ojos su regreso a la Serie A, en un momento en que Emelec busca alternativas para reforzar su mediocampo.<strong>(D)<\/strong><\/p>\n<p>&nbsp;<\/p>\n<p><strong>Fuente:<\/strong> evafm.net &#8211; studiofutbol.com.ec<\/p>\n<p>&nbsp;<\/p>\n<p>&nbsp;<\/p>\n<div class=\"gsp_post_data\" \r\n\t            data-post_type=\"post\" \r\n\t            data-cat=\"deportes-ecuador\" \r\n\t            data-modified=\"120\"\r\n\t            data-created=\"1748005879\"\r\n\t            data-title=\"Emelec tras la pista de La Maquina Quintero\" \r\n\t            data-home=\"https:\/\/www.evafm.net\/sitio\"><\/div>","protected":false},"excerpt":{"rendered":"<p>El mediocampista Sergio \u201cla m\u00e1quina\u201d Quintero estar\u00eda en la mira de Emelec para reforzar al plantel en la segunda mitad del a\u00f1o. Seg\u00fan inform\u00f3 la colega Joselyn Centeno, habr\u00edan existido conversaciones entre el jugador y el entrenador Jorge C\u00e9lico, quien ya lo dirigi\u00f3 en procesos anteriores, a la espera de que se confirme su continuidad&#8230;<\/p>\n","protected":false},"author":5,"featured_media":89302,"comment_status":"closed","ping_status":"open","sticky":false,"template":"","format":"standard","meta":{"_joinchat":[],"footnotes":""},"categories":[1557],"tags":[],"class_list":["post-89301","post","type-post","status-publish","format-standard","has-post-thumbnail","hentry","category-deportes-ecuador","have-post-thumb"],"_links":{"self":[{"href":"https:\/\/www.evafm.net\/sitio\/wp-json\/wp\/v2\/posts\/89301","targetHints":{"allow":["GET"]}}],"collection":[{"href":"https:\/\/www.evafm.net\/sitio\/wp-json\/wp\/v2\/posts"}],"about":[{"href":"https:\/\/www.evafm.net\/sitio\/wp-json\/wp\/v2\/types\/post"}],"author":[{"embeddable":true,"href":"https:\/\/www.evafm.net\/sitio\/wp-json\/wp\/v2\/users\/5"}],"replies":[{"embeddable":true,"href":"https:\/\/www.evafm.net\/sitio\/wp-json\/wp\/v2\/comments?post=89301"}],"version-history":[{"count":1,"href":"https:\/\/www.evafm.net\/sitio\/wp-json\/wp\/v2\/posts\/89301\/revisions"}],"predecessor-version":[{"id":89303,"href":"https:\/\/www.evafm.net\/sitio\/wp-json\/wp\/v2\/posts\/89301\/revisions\/89303"}],"wp:featuredmedia":[{"embeddable":true,"href":"https:\/\/www.evafm.net\/sitio\/wp-json\/wp\/v2\/media\/89302"}],"wp:attachment":[{"href":"https:\/\/www.evafm.net\/sitio\/wp-json\/wp\/v2\/media?parent=89301"}],"wp:term":[{"taxonomy":"category","embeddable":true,"href":"https:\/\/www.evafm.net\/sitio\/wp-json\/wp\/v2\/categories?post=89301"},{"taxonomy":"post_tag","embeddable":true,"href":"https:\/\/www.evafm.net\/sitio\/wp-json\/wp\/v2\/tags?post=89301"}],"curies":[{"name":"wp","href":"https:\/\/api.w.org\/{rel}","templated":true}]}}