{"id":89304,"date":"2025-05-23T13:26:22","date_gmt":"2025-05-23T18:26:22","guid":{"rendered":"https:\/\/www.evafm.net\/sitio\/?p=89304"},"modified":"2025-05-23T13:26:22","modified_gmt":"2025-05-23T18:26:22","slug":"sean-diddy-combs-trato-de-asesinar-a-jamie-foxx-aqui-la-verdad","status":"publish","type":"post","link":"https:\/\/www.evafm.net\/sitio\/sean-diddy-combs-trato-de-asesinar-a-jamie-foxx-aqui-la-verdad\/","title":{"rendered":"\u00bfSean \u2018Diddy\u2019 Combs trat\u00f3 de asesinar a Jamie Foxx? aqu\u00ed la verdad"},"content":{"rendered":"<p>En medio del juicio federal por tr\u00e1fico sexual contra\u00a0Sean<strong> \u201cDiddy\u201d Combs,<\/strong> el actor y comediante\u00a0<strong>Jamie Foxx<\/strong>\u00a0rompi\u00f3 el silencio sobre una de las teor\u00edas conspirativas m\u00e1s virales<\/p>\n<p>que circularon tras su hospitalizaci\u00f3n en 2023: la creencia de que el famoso productor musical estuvo involucrado en su repentina emergencia m\u00e9dica.<\/p>\n<p>&nbsp;<\/p>\n<p>Durante una mesa redonda organizada por\u00a0The Hollywood Reporter, el gandor del \u00d3scar aprovech\u00f3 la oportunidad para aclarar las especulaciones en torno al oscuro personaje.<\/p>\n<p>&nbsp;<\/p>\n<p>Foxx (57) record\u00f3 que mientras se recuperaba de haber sufrido un\u00a0derrame cerebral, lleg\u00f3 a leer en internet algunas teor\u00edas que lo vinculaban con el magnate musical ahora ca\u00eddo<\/p>\n<p>en desgracia.<\/p>\n<p>&nbsp;<\/p>\n<p>\u201cMe col\u00e9 en mi tel\u00e9fono porque no sab\u00eda lo que el mundo exterior estaba diciendo, y no pod\u00eda comprender que hab\u00eda tenido un derrame cerebral.<\/p>\n<p>Dec\u00eda \u2018estoy perfectamente bien\u2018\u201d, cont\u00f3 el actor en\u00a0<strong>The Hollywood Reporter.<\/strong><\/p>\n<p>&nbsp;<\/p>\n<p><strong>Al encontrarse con los comentarios en redes, su sorpresa fue total. <\/strong><\/p>\n<p><strong>\u201cVi cosas como \u2018Puffy intent\u00f3 matarme\u2019.\u00a0No, Puffy no intent\u00f3 matarme\u201d, declar\u00f3 de forma tajante.<\/strong><\/p>\n<p>&nbsp;<\/p>\n<p>En ese punto de su recuperaci\u00f3n, el actor estaba recibiendo un potente coctel de analg\u00e9sicos y medicamentos; a lo que atribuy\u00f3 el sentirse desorientado e incluso alterado<\/p>\n<p>con otras teor\u00edas que encontr\u00f3.<\/p>\n<p>\u201cCuando dijeron que era un clon, eso me hizo saltar.<\/p>\n<p>Me sent\u00e9 en la cama del hospital, pensando, \u2018Estos hijos de p*ta est\u00e1n tratando de clonarme\u2019\u201d, dijo durante la entrevista con\u00a0<strong>The Hollywood Reporter.<\/strong><\/p>\n<p>\u201cY me vi entrando a mi habitaci\u00f3n, pero estaba p\u00e1lido.<\/p>\n<p>Entonces al d\u00eda siguiente dije: \u2018Ya s\u00e9 lo que pasa, est\u00e1n tratando de clonarme y hacerme blanco para que venda mejor en el extranjero\u2019\u201d.<\/p>\n<p>&nbsp;<\/p>\n<p>Eso conllev\u00f3 a que su psiquiatra le preguntara si estaba bien.<\/p>\n<p>\u201c\u00bfEstoy bien o soy todo blanco?\u201d, respondi\u00f3 Foxx entre risas, antes de contar que por eso el m\u00e9dico\u00a0\u201cdecidi\u00f3 tranquilamente reducirle la dosis de medicaci\u00f3n\u201d.<\/p>\n<p>Jamie Foxx hab\u00eda debatido antes la teor\u00eda de conspiraci\u00f3n de\u00a0Diddy.<\/p>\n<p>&nbsp;<\/p>\n<p>El actor lo mencion\u00f3 en su especial de\u00a0stand-up\u00a0para Netflix, aunque tambi\u00e9n ironiz\u00f3 sobre<\/p>\n<p>las extravagantes fiestas del rapero.<\/p>\n<p>\u201cEl internet dec\u00eda que Puffy estaba tratando de matarme, eso era lo que se dec\u00eda\u201d, relat\u00f3 en su rutina.<\/p>\n<p>\u201cYo s\u00e9 lo que est\u00e1n pensando\u2026 \u00bfDiddy? \u00a1Nada que ver! Yo me iba de esas fiestas temprano.<\/p>\n<p>Siempre estaba fuera a las 9, porque algo no se ve\u00eda bien.<\/p>\n<p>El piso se pon\u00eda resbaloso\u201d, brome\u00f3 en clara referencia a los pol\u00e9micos\u00a0freak-offs\u00a0y<strong> \u201cel aceite de beb\u00e9\u201d.<\/strong><\/p>\n<p>&nbsp;<\/p>\n<p><strong>El susto por la salud de Jamie Foxx:<\/strong><\/p>\n<p>La verdad sobre la salud de Foxx fue mucho m\u00e1s grave que cualquier especulaci\u00f3n.<\/p>\n<p>En abril de 2023, mientras trabajaba en el rodaje de la pel\u00edcula\u00a0Back in Action\u00a0en Atlanta, el actor colaps\u00f3 a causa de una\u00a0hemorragia\u00a0que deriv\u00f3 en un derrame cerebral.<\/p>\n<p>&nbsp;<\/p>\n<p>\u201cEl 11 de abril, ten\u00eda un dolor de cabeza fuerte y le ped\u00ed una aspirina a mi amigo.<\/p>\n<p>Me di cuenta r\u00e1pidamente de que cuando est\u00e1s en una emergencia m\u00e9dica, tus amigos no saben qu\u00e9 demonios hacer\u201d, explic\u00f3 Foxx durante su especial en Netflix.<\/p>\n<p>\u201cAntes de que pudiera tomar la aspirina, [chasquea los dedos], me desmay\u00e9. No recuerdo 20 d\u00edas\u201d, a\u00f1adi\u00f3.<\/p>\n<p>Durante ese lapso,\u00a0Foxx estuvo en coma.<\/p>\n<p>Fue su hermana, Deidra Dixon, quien lo llev\u00f3 al hospital Piedmont de Atlanta, donde los m\u00e9dicos actuaron de inmediato.<\/p>\n<p>\u201cLe dijeron a mi hermana:<\/p>\n<p>\u2018Si no operamos ahora mismo, lo vamos a perder\u2019\u201d, cont\u00f3 Foxx.<\/p>\n<p>&nbsp;<\/p>\n<p>Aunque no lograron identificar con exactitud la fuente del sangrado, confirmaron que <strong>\u201cestaba teniendo un derrame cerebral\u201d.<\/strong><\/p>\n<p>Foxx se despert\u00f3 el 4 de mayo, bastante confundido por estar en una silla de ruedas.<\/p>\n<p>Su amigo Dave fue quien le explic\u00f3 lo que hab\u00eda pasado.<\/p>\n<p><strong>\u201cNo trates de salir de esa silla porque no puedes caminar\u201d<\/strong>, le advirti\u00f3.<\/p>\n<p>&nbsp;<\/p>\n<p>La recuperaci\u00f3n fue larga, e implic\u00f3 trabajar en funciones motoras b\u00e1sicas en un centro de rehabilitaci\u00f3n.<\/p>\n<p>El relato completo est\u00e1 disponible en el especial Jamie Foxx: What Had Happened Was&#8230; en Netflix. <strong>(E)<\/strong><\/p>\n<p>&nbsp;<\/p>\n<p><strong>Fuente:<\/strong> evafm.net &#8211; infobae.com<\/p>\n<p>&nbsp;<\/p>\n<div class=\"gsp_post_data\" \r\n\t            data-post_type=\"post\" \r\n\t            data-cat=\"farandula-internacional,general\" \r\n\t            data-modified=\"120\"\r\n\t            data-created=\"1748006782\"\r\n\t            data-title=\"\u00bfSean \u2018Diddy\u2019 Combs trat\u00f3 de asesinar a Jamie Foxx? aqu\u00ed la verdad\" \r\n\t            data-home=\"https:\/\/www.evafm.net\/sitio\"><\/div>","protected":false},"excerpt":{"rendered":"<p>En medio del juicio federal por tr\u00e1fico sexual contra\u00a0Sean \u201cDiddy\u201d Combs, el actor y comediante\u00a0Jamie Foxx\u00a0rompi\u00f3 el silencio sobre una de las teor\u00edas conspirativas m\u00e1s virales que circularon tras su hospitalizaci\u00f3n en 2023: la creencia de que el famoso productor musical estuvo involucrado en su repentina emergencia m\u00e9dica. &nbsp; Durante una mesa redonda organizada por\u00a0The&#8230;<\/p>\n","protected":false},"author":5,"featured_media":89305,"comment_status":"closed","ping_status":"open","sticky":false,"template":"","format":"standard","meta":{"_joinchat":[],"footnotes":""},"categories":[1346,1720],"tags":[],"class_list":["post-89304","post","type-post","status-publish","format-standard","has-post-thumbnail","hentry","category-farandula-internacional","category-general","have-post-thumb"],"_links":{"self":[{"href":"https:\/\/www.evafm.net\/sitio\/wp-json\/wp\/v2\/posts\/89304","targetHints":{"allow":["GET"]}}],"collection":[{"href":"https:\/\/www.evafm.net\/sitio\/wp-json\/wp\/v2\/posts"}],"about":[{"href":"https:\/\/www.evafm.net\/sitio\/wp-json\/wp\/v2\/types\/post"}],"author":[{"embeddable":true,"href":"https:\/\/www.evafm.net\/sitio\/wp-json\/wp\/v2\/users\/5"}],"replies":[{"embeddable":true,"href":"https:\/\/www.evafm.net\/sitio\/wp-json\/wp\/v2\/comments?post=89304"}],"version-history":[{"count":1,"href":"https:\/\/www.evafm.net\/sitio\/wp-json\/wp\/v2\/posts\/89304\/revisions"}],"predecessor-version":[{"id":89306,"href":"https:\/\/www.evafm.net\/sitio\/wp-json\/wp\/v2\/posts\/89304\/revisions\/89306"}],"wp:featuredmedia":[{"embeddable":true,"href":"https:\/\/www.evafm.net\/sitio\/wp-json\/wp\/v2\/media\/89305"}],"wp:attachment":[{"href":"https:\/\/www.evafm.net\/sitio\/wp-json\/wp\/v2\/media?parent=89304"}],"wp:term":[{"taxonomy":"category","embeddable":true,"href":"https:\/\/www.evafm.net\/sitio\/wp-json\/wp\/v2\/categories?post=89304"},{"taxonomy":"post_tag","embeddable":true,"href":"https:\/\/www.evafm.net\/sitio\/wp-json\/wp\/v2\/tags?post=89304"}],"curies":[{"name":"wp","href":"https:\/\/api.w.org\/{rel}","templated":true}]}}