{"id":89319,"date":"2025-05-24T21:56:41","date_gmt":"2025-05-25T02:56:41","guid":{"rendered":"https:\/\/www.evafm.net\/sitio\/?p=89319"},"modified":"2025-05-24T21:56:41","modified_gmt":"2025-05-25T02:56:41","slug":"daniel-noboa-y-maria-jose-pinto-fueron-posesionados-como-presidente-y-vicepresidenta-de-ecuador","status":"publish","type":"post","link":"https:\/\/www.evafm.net\/sitio\/daniel-noboa-y-maria-jose-pinto-fueron-posesionados-como-presidente-y-vicepresidenta-de-ecuador\/","title":{"rendered":"Daniel Noboa y Mar\u00eda Jos\u00e9 Pinto fueron posesionados como presidente y vicepresidenta de Ecuador"},"content":{"rendered":"<p>El\u00a0<a href=\"https:\/\/www.ecuavisa.com\/noticias\/politica\/posesion-daniel-noboa-agenda-orden-dia-24-mayo-2025-NK9378618\" target=\"_blank\" rel=\"noopener noreferrer\"><b>presidente Daniel Noboa Az\u00edn<\/b>\u00a0<\/a>empezar\u00e1 su segundo mandato este 24 de mayo de 2025, cuando sea investido de nuevo con la banda presidencial en el<b>\u00a0<\/b><b>sal\u00f3n Nela Mart\u00ednez.<\/b><\/p>\n<p><b> de la Asamblea Nacional frente a delegaciones extranjeras<\/b>.<\/p>\n<p>&nbsp;<\/p>\n<p>Ser\u00e1 su primer periodo completo, dado que gan\u00f3 sus primeras eleciones presidenciales ordinarias.<\/p>\n<p>En octubre de 2023,\u00a0<b>venci\u00f3 en los comicios anticipados que fueron convocados por la muerte cruzada<\/b>, por lo que complet\u00f3 entre noviembre de ese a\u00f1o<\/p>\n<p>hasta ayer, 23 de mayo, el ciclo iniciado por Guillermo Lasso. As\u00ed, Daniel Noboa ser\u00e1 jefe de Estado hasta 2029.<\/p>\n<p>&nbsp;<\/p>\n<p>Esta vez, Noboa tendr\u00e1 como vicepresidenta a Mar\u00eda Jos\u00e9 Pinto, su exsecretaria contra la Desnutrici\u00f3n Infantil.<\/p>\n<p>El binomio de Acci\u00f3n Democr\u00e1tica Nacional (ADN)\u00a0<b><a href=\"https:\/\/www.ecuavisa.com\/noticias\/politica\/cne-proclama-victoria-noboa-pinto-entrega-credenciales-YI9318265\" target=\"_blank\" rel=\"noopener noreferrer\">venci\u00f3 al corre\u00edsmo\u00a0<\/a><\/b>con el 55,83 % de los votos v\u00e1lidos en la segunda vuelta del domingo 13 de abril.<\/p>\n<p>&nbsp;<\/p>\n<p>Antes de sus posesiones, Noboa y Pinto colocar\u00e1n una ofrenda floral para conmemorar los 203 a\u00f1os de la\u00a0<b><a href=\"https:\/\/www.ecuavisa.com\/noticias\/ecuador\/cementerio-quito-alberga-combatientes-batalla-pichincha-FN9384531\" target=\"_blank\" rel=\"noopener noreferrer\">Batalla del Pichincha<\/a><\/b>, un evento clave para la<\/p>\n<p>independencia de Ecuador ante el reino Espa\u00f1ol.<\/p>\n<p>&nbsp;<\/p>\n<p>La sesi\u00f3n solemne en la Asamblea Nacional\u00a0<b>tendr\u00e1 lugar a las 11:00, pero desde las 08:30 ingresar\u00e1n los 833 invitados<\/b>, entre ellos integrantes de las<\/p>\n<p><b><a href=\"https:\/\/www.ecuavisa.com\/noticias\/politica\/gustavo-petro-investidura-daniel-noboa-ecuador-XK9378246\" target=\"_blank\" rel=\"noopener noreferrer\">\u00a093 delegaciones internacionales<\/a><\/b>, al Legislativo.<\/p>\n<p>&nbsp;<\/p>\n<p>En el costado lateral derecho del hemiciclo se\u00a0<b>ubicar\u00e1n la presidenta de Per\u00fa Dina Boluarte y el mandatario colombiano Gustavo Petro.\u00a0<\/b>.<\/p>\n<p>En ese mismo espacio estar\u00e1n Robert F. Kennedy Jr., secretario de Salud de Estados Unidos y Huai Jinpeng, ministro de Educaci\u00f3n de China<\/p>\n<p>adem\u00e1s de los vicepresidentes y autoridades de pa\u00edses amigos.<\/p>\n<p>&nbsp;<\/p>\n<p>Desde la medianoche, Fuerzas Armadas y la Polic\u00eda Nacional cercaron con vallas met\u00e1licas las calles de acceso al Palacio de Carondelet y colocaron per\u00edmetros<\/p>\n<p>de seguridad y control.<\/p>\n<p>&nbsp;<\/p>\n<p><strong>C\u00f3mo ser\u00e1 la investidura de Daniel Noboa:<\/strong><\/p>\n<p>El evento iniciar\u00e1 con el ingreso del Estandarte Nacional y la entonaci\u00f3n del Himno Nacional de la Rep\u00fablica del Ecuador\u00a0<b>por parte de la Orquesta Sinf\u00f3nica Nacional<\/b>.<\/p>\n<p>Niels Olsen, presidente de la Asamblea Nacional, intervendr\u00e1 en el pleno.<\/p>\n<p>Luego tomar\u00e1 el juramento al presidente Daniel Noboa y le impondr\u00e1 la banda presidencial.<\/p>\n<p>&nbsp;<\/p>\n<p>Adem\u00e1s, conferir\u00e1 al mandatario la Condecoraci\u00f3n Nacional de la Orden de San Lorenzo en el grado de Gran Collar.<\/p>\n<p><b>Se leer\u00e1 entonces el decreto presidencial con el que Daniel Noboa<\/b>\u00a0toma la Jefatura de Estado el Gobierno de Ecuador.<\/p>\n<p>&nbsp;<\/p>\n<p>Acto seguido, Mar\u00eda Jos\u00e9 Pinto ser\u00e1 juramentada como vicepresidenta de Ecuador.<\/p>\n<p>Cumplido con ese paso, Daniel Noboa tendr\u00e1 su primer discurso presidencial de su mandato <strong>2025-2029.<\/strong><\/p>\n<p>&nbsp;<\/p>\n<p>Finalmente, se interpretar\u00e1 el Himno de Quito y saldr\u00e1 el estandarte nacional, junto a las autoridades.<\/p>\n<p>&nbsp;<\/p>\n<p><strong>Noboa promete seguir la lucha contra el crimen organizado y expone las obras que tiene planificadas:<\/strong><\/p>\n<p>Noboa apunt\u00f3 que no hay una lucha contra la delincuencia com\u00fan, sino que es una confrontaci\u00f3n directa con estructuras criminales organizadas, con redes que operan dentro<\/p>\n<p>y fuera del pa\u00eds, que tienen financiamiento, armamento y objetivos claros.<\/p>\n<p>&nbsp;<\/p>\n<p>\u00abA pesar de las amenazas, no dimos un solo paso atr\u00e1s, no se lo permitimos porque este pa\u00eds no les pertenece.<\/p>\n<p>Este pa\u00eds es de los ecuatorianos que se levantan todas las ma\u00f1anas de manera honrada por su familia y es por ellos por quienes reclamamos el pa\u00eds\u00bb, se\u00f1al\u00f3.<\/p>\n<p>&nbsp;<\/p>\n<p>Dirigi\u00f3 su mensaje a las Fuerzas Armadas y a la Polic\u00eda Nacional, indicando que respalda su misi\u00f3n de proteger la vida de los ecuatorianos.<\/p>\n<p>&nbsp;<\/p>\n<p>Noboa apunt\u00f3 en los siguientes cuatro a\u00f1os implementar\u00e1 las reformas necesarias para construir un Estado que no sea una carga para la sociedad, sino la base s\u00f3lida para<\/p>\n<p>el crecimiento, el empleo y la inversi\u00f3n.<\/p>\n<p>&nbsp;<\/p>\n<p>Tambi\u00e9n refiri\u00f3 que ser\u00e1 un periodo de mucha infraestructura vial, prometiendo la construcci\u00f3n del Quinto Puente de Guayaquil y la ampliaci\u00f3n del corredor E25<\/p>\n<p>entre Buena Fe-Jujan, que forma parte de la v\u00eda entre Quito y Guayaquil.<\/p>\n<p>&nbsp;<\/p>\n<p>Adem\u00e1s, exclam\u00f3 que construir\u00e1 200 mil planes habitacionales y que ser\u00e1 una realidad La torre oncol\u00f3gica del Hospital de Bellavista en Quito y la repotenciaci\u00f3n del<\/p>\n<p>Hospital B\u00e1sico de la Libertad.<\/p>\n<p>&nbsp;<\/p>\n<p>Mencion\u00f3 que diversificar\u00e1 la matriz energ\u00e9tica del Ecuador, que se reforzar\u00e1 y ampliar\u00e1 el sistema de transmisi\u00f3n de energ\u00eda y que se firmar\u00e1n contratos anuales<\/p>\n<p>con el sector privado para generar 300 megavatios de energ\u00edas renovables como solar, e\u00f3lica, y geot\u00e9rmica.<\/p>\n<p>&nbsp;<\/p>\n<p>\u00abSe presentar\u00e1 la Ley de Energ\u00eda Nuclear, y el nuevo modelo del sector el\u00e9ctrico eficiente, abriendo el camino hacia el futuro y garantizando el abastecimiento de la<\/p>\n<p>demanda el\u00e9ctrica del pa\u00eds\u00bb, manifest\u00f3.<\/p>\n<p>&nbsp;<\/p>\n<p><strong>Daniel Noboa: \u00abQuienes antes fueron olvidados hicieron definitiva esta victoria\u00bb<\/strong><\/p>\n<p>El presidente Daniel Noboa empez\u00f3 su discurso para se\u00f1alar que hay momentos en la historia de un pa\u00eds que marcan un antes y un despu\u00e9s.<\/p>\n<p>&nbsp;<\/p>\n<p>\u00abLas dificultades las hemos enfrentado, las oportunidades las hemos creado y las aprovechamos juntos.<\/p>\n<p>Y as\u00ed mismo los golpes los hemos esquivado juntos, pero no solo los esquivamos, sino que los derrotamos juntos\u00bb, dijo.<\/p>\n<p>&nbsp;<\/p>\n<p>Describi\u00f3 que en Ecuador hay un pueblo libre que reclama sobre su libertad y su derecho de vivir en un pa\u00eds donde finalmente impere la dignidad y el progreso.<\/p>\n<p>&nbsp;<\/p>\n<p>Agradeci\u00f3 a quienes le permitieron seguir en el poder. \u00abUstedes son mi fuerza y mi motor.<\/p>\n<p>En los meses previos a la elecci\u00f3n eran sus gestos de cari\u00f1o, sus palabras de aliento los que me sostuvieron<\/p>\n<p><b>quienes antes fueron olvidados hicieron definitiva esta victoria<\/b>\u00ab, expres\u00f3.<\/p>\n<p>&nbsp;<\/p>\n<p>Subray\u00f3 que entre las personas presentes en la sesi\u00f3n solemne hay ciudadanos que soportan amenazas, juicios y ataques por enfrentarse a las mafias.<\/p>\n<p>\u00abSi alguna vez dudaron, estuve con ellos d\u00e1ndoles la fortaleza que se necesita\u00bb, indic\u00f3<\/p>\n<p>&nbsp;<\/p>\n<p><strong>Daniel Noboa y Mar\u00eda Jos\u00e9 Pinto fueron posesionados presidente y vicepresidenta de Ecuador:<\/strong><\/p>\n<p><strong>Niels Olsen<\/strong> tom\u00f3 el juramento de vicepresidenta a <strong>Mar\u00eda Jos\u00e9 Pinto,<\/strong> con lo cual se convierte oficialmente segunda mandataria de <strong>Daniel Noboa.<\/strong><\/p>\n<p>El binomio de Acci\u00f3n Democr\u00e1tica Nacional (ADN) ya est\u00e1n posesionados para su mandato hasta 2029.<\/p>\n<p>&nbsp;<\/p>\n<p><strong>Niels Olsen tom\u00f3 juramento a Daniel Noboa y coloc\u00f3 su banda presidencial; decreto para la asunci\u00f3n del poder tambi\u00e9n fue le\u00eddo:<\/strong><\/p>\n<p>Olsen tom\u00f3 el juramento al presidente Daniel Noboa y le impuso la banda presidencial, en medio de numerosos aplausos y gritos de <strong>\u00abNoboa presidente\u00bb.<\/strong><\/p>\n<p><strong>Jaime Vela,<\/strong> jefe del Comando Conjunto de las Fuerzas Armadas, confiri\u00f3 la Condecoraci\u00f3n Nacional de la Orden de San Lorenzo en el grado de Gran Collar.<\/p>\n<p>Al minuto, fue le\u00eddo el Decreto Ejecutivo en el que se reconoce como presidente de la Rep\u00fablica del Ecuador. <strong>(D)<\/strong><\/p>\n<p>&nbsp;<\/p>\n<p>&nbsp;<\/p>\n<p><iframe title=\"#ENVIVO | \ud83d\udd34 Posesi\u00f3n de Daniel Noboa como presidente de Ecuador en la Asamblea\" width=\"1200\" height=\"900\" src=\"https:\/\/www.youtube.com\/embed\/wm06JcmcK2Y?feature=oembed\" frameborder=\"0\" allow=\"accelerometer; autoplay; clipboard-write; encrypted-media; gyroscope; picture-in-picture; web-share\" referrerpolicy=\"strict-origin-when-cross-origin\" allowfullscreen><\/iframe><\/p>\n<p>&nbsp;<\/p>\n<p>&nbsp;<\/p>\n<p><strong>Fuente:<\/strong> evafm.net &#8211; ecuavisa.com &#8211; youtube.com<\/p>\n<p>&nbsp;<\/p>\n<p>&nbsp;<\/p>\n<p>&nbsp;<\/p>\n<p>&nbsp;<\/p>\n<div class=\"gsp_post_data\" \r\n\t            data-post_type=\"post\" \r\n\t            data-cat=\"general,noticias-ecuador\" \r\n\t            data-modified=\"120\"\r\n\t            data-created=\"1748123801\"\r\n\t            data-title=\"Daniel Noboa y Mar\u00eda Jos\u00e9 Pinto fueron posesionados como presidente y vicepresidenta de Ecuador\" \r\n\t            data-home=\"https:\/\/www.evafm.net\/sitio\"><\/div>","protected":false},"excerpt":{"rendered":"<p>El\u00a0presidente Daniel Noboa Az\u00edn\u00a0empezar\u00e1 su segundo mandato este 24 de mayo de 2025, cuando sea investido de nuevo con la banda presidencial en el\u00a0sal\u00f3n Nela Mart\u00ednez. de la Asamblea Nacional frente a delegaciones extranjeras. &nbsp; Ser\u00e1 su primer periodo completo, dado que gan\u00f3 sus primeras eleciones presidenciales ordinarias. En octubre de 2023,\u00a0venci\u00f3 en los comicios&#8230;<\/p>\n","protected":false},"author":5,"featured_media":89358,"comment_status":"closed","ping_status":"open","sticky":false,"template":"","format":"standard","meta":{"_joinchat":[],"footnotes":""},"categories":[1720,1558],"tags":[],"class_list":["post-89319","post","type-post","status-publish","format-standard","has-post-thumbnail","hentry","category-general","category-noticias-ecuador","have-post-thumb"],"_links":{"self":[{"href":"https:\/\/www.evafm.net\/sitio\/wp-json\/wp\/v2\/posts\/89319","targetHints":{"allow":["GET"]}}],"collection":[{"href":"https:\/\/www.evafm.net\/sitio\/wp-json\/wp\/v2\/posts"}],"about":[{"href":"https:\/\/www.evafm.net\/sitio\/wp-json\/wp\/v2\/types\/post"}],"author":[{"embeddable":true,"href":"https:\/\/www.evafm.net\/sitio\/wp-json\/wp\/v2\/users\/5"}],"replies":[{"embeddable":true,"href":"https:\/\/www.evafm.net\/sitio\/wp-json\/wp\/v2\/comments?post=89319"}],"version-history":[{"count":1,"href":"https:\/\/www.evafm.net\/sitio\/wp-json\/wp\/v2\/posts\/89319\/revisions"}],"predecessor-version":[{"id":89359,"href":"https:\/\/www.evafm.net\/sitio\/wp-json\/wp\/v2\/posts\/89319\/revisions\/89359"}],"wp:featuredmedia":[{"embeddable":true,"href":"https:\/\/www.evafm.net\/sitio\/wp-json\/wp\/v2\/media\/89358"}],"wp:attachment":[{"href":"https:\/\/www.evafm.net\/sitio\/wp-json\/wp\/v2\/media?parent=89319"}],"wp:term":[{"taxonomy":"category","embeddable":true,"href":"https:\/\/www.evafm.net\/sitio\/wp-json\/wp\/v2\/categories?post=89319"},{"taxonomy":"post_tag","embeddable":true,"href":"https:\/\/www.evafm.net\/sitio\/wp-json\/wp\/v2\/tags?post=89319"}],"curies":[{"name":"wp","href":"https:\/\/api.w.org\/{rel}","templated":true}]}}