{"id":89320,"date":"2025-05-24T21:57:59","date_gmt":"2025-05-25T02:57:59","guid":{"rendered":"https:\/\/www.evafm.net\/sitio\/?p=89320"},"modified":"2025-05-24T21:57:59","modified_gmt":"2025-05-25T02:57:59","slug":"confirman-nueva-variante-de-covid-19-en-eeuu","status":"publish","type":"post","link":"https:\/\/www.evafm.net\/sitio\/confirman-nueva-variante-de-covid-19-en-eeuu\/","title":{"rendered":"Confirman nueva variante de COVID-19 en EEUU"},"content":{"rendered":"<p>La\u00a0<b>variante NB.1.8.1<\/b>\u00a0del virus\u00a0<b>SARS-CoV-2<\/b>\u00a0fue detectada recientemente en\u00a0<b>Estados Unidos<\/b>\u00a0en viajeros internacionales, seg\u00fan confirmaron los\u00a0<b>Centros para el Control y la Prevenci\u00f3n de Enfermedades (CDC)<\/b>\u00a0a\u00a0<i>Fox News<\/i>.<\/p>\n<p>Aunque el n\u00famero de casos es limitado, su presencia coincide con un incremento de\u00a0<b>contagios<\/b>\u00a0en varias regiones de\u00a0<b>Asia<\/b>, particularmente en\u00a0<b>China continental<\/b>\u00a0y\u00a0<b>Hong Kong<\/b>.<\/p>\n<p>&nbsp;<\/p>\n<p>De acuerdo con los CDC, esta\u00a0<b>subvariante<\/b> ha sdo identificada en menos de\u00a0<b>20 secuencias gen\u00f3micas<\/b>\u00a0en el sistema de vigilancia nacional, raz\u00f3n por la cual a\u00fan no ha sido incluida en el panel principal del\u00a0<strong><i>COVID Data Tracker<\/i>,<\/strong> la herramienta oficial utilizada para el seguimiento de la circulaci\u00f3n de variantes en territorio estadounidense.<\/p>\n<p>La detecci\u00f3n se realiz\u00f3 a trav\u00e9s del programa federal de\u00a0<b>monitoreo aeroportuario<\/b>, que cuenta con la colaboraci\u00f3n de la empresa biotecnol\u00f3gica\u00a0<b>Ginkgo Bioworks<\/b>.<\/p>\n<p>&nbsp;<\/p>\n<p>La aparici\u00f3n de NB.1.8.1, junto con otras variantes emergentes de la familia\u00a0<b>JN.1<\/b>, ha llevado a los organismos de salud p\u00fablica a reforzar los sistemas de\u00a0<b>vigilancia gen\u00f3mica<\/b>.<\/p>\n<p>Aunque no hay evidencia de que esta variante cause una\u00a0<b>enfermedad m\u00e1s grave<\/b>, su circulaci\u00f3n ha motivado nuevas medidas de precauci\u00f3n en pa\u00edses del este asi\u00e1tico y se eval\u00faan posibles ajustes en las estrategias de <b>vacunaci\u00f3n<\/b>\u00a0para la temporada <strong>2025-2026.<\/strong><\/p>\n<p>&nbsp;<\/p>\n<p><strong>\u00bfD\u00f3nde se detect\u00f3 la variante NB.1.8.1 en Estados Unidos?<\/strong><\/p>\n<p>La variante NB.1.8.1 fue identificada en\u00a0<b>aeropuertos<\/b>\u00a0de los estados de\u00a0<b>California<\/b>,\u00a0<b>Washington<\/b>,\u00a0<b>Virginia<\/b>\u00a0y en la regi\u00f3n metropolitana de\u00a0<b>Nueva York<\/b>, seg\u00fan inform\u00f3\u00a0<strong><i>The Economic <\/i><\/strong><\/p>\n<p><i>Times<\/i>\u00a0el 24 de mayo, con base en datos obtenidos del programa de monitoreo en aeropuertos operado por los CDC.<\/p>\n<p>Estas detecciones forman parte del esfuerzo federal por rastrear nuevas variantes en\u00a0<b>viajeros procedentes del extranjero<\/b>.<\/p>\n<p>&nbsp;<\/p>\n<p>La agencia sanitaria explic\u00f3 que, aunque la variante no ha alcanzado a\u00fan un umbral de prevalencia que justifique su inclusi\u00f3n en el<strong>\u00a0<i>COVID Data Tracker<\/i>,<\/strong> su evoluci\u00f3n contin\u00faa siendo<\/p>\n<p>objeto de seguimiento. Si la proporci\u00f3n de casos atribuibles a NB.1.8.1 aumenta, se incorporar\u00e1 al panel de vigilancia, indic\u00f3 un portavoz del <strong>CDC a\u00a0<i>Fox News<\/i>.<\/strong><\/p>\n<p>&nbsp;<\/p>\n<p><strong>\u00bfCu\u00e1l es el origen y comportamiento de la variante NB.1.8.1?<\/strong><\/p>\n<p class=\"paragraph\" data-mrf-recirculation=\"Links inline\"><b>NB.1.8.1<\/b>\u00a0es un\u00a0<b>sublinaje<\/b>\u00a0de la variante\u00a0<b>JN.1<\/b>, la cual desciende de la cepa\u00a0<b>\u00d3micron<\/b>, dominante desde finales de 2021.<\/p>\n<p class=\"paragraph\" data-mrf-recirculation=\"Links inline\">Seg\u00fan el\u00a0<b>Consejo Indio de Investigaci\u00f3n M\u00e9dica (ICMR)<\/b>, este sublinaje ha sido detectado tambi\u00e9n en\u00a0<b>India<\/b>, junto con otra subvariante denominada\u00a0<b>LF.7<\/b>, en regiones donde se reportaron<\/p>\n<p class=\"paragraph\" data-mrf-recirculation=\"Links inline\">repuntes localizados de casos. El\u00a0<b>Ministerio de Salud y Bienestar Familiar<\/b>\u00a0de India solicit\u00f3 a los gobiernos estatales reforzar la secuenciaci\u00f3n de muestras para evaluar la propagaci\u00f3n<\/p>\n<p class=\"paragraph\" data-mrf-recirculation=\"Links inline\">de estos linajes emergentes.<\/p>\n<p class=\"paragraph\" data-mrf-recirculation=\"Links inline\">En\u00a0<b>Hong Kong<\/b>, el\u00a0<b>Departamento de Salud<\/b>\u00a0emiti\u00f3 una recomendaci\u00f3n a la poblaci\u00f3n de alto riesgo para que utilice\u00a0<b>mascarillas quir\u00fargicas<\/b>\u00a0en espacios p\u00fablicos cerrados.<\/p>\n<p class=\"paragraph\" data-mrf-recirculation=\"Links inline\">Sin embargo, el mismo comunicado se\u00f1al\u00f3 que no existen pruebas de que NB.1.8.1 provoque formas m\u00e1s graves de\u00a0<b>COVID-19<\/b> que otras variantes de su misma familia.<\/p>\n<p class=\"paragraph\" data-mrf-recirculation=\"Links inline\">En su actualizaci\u00f3n semanal del 23 de mayo, los\u00a0<b>CDC<\/b>\u00a0informaron que las\u00a0<b>visitas a salas de emergencia<\/b>\u00a0por COVID-19,\u00a0<b>gripe estacional (influenza)<\/b>\u00a0y\u00a0<b>virus respiratorio sincitial (RSV)<\/b><\/p>\n<p class=\"paragraph\" data-mrf-recirculation=\"Links inline\">se mantienen en niveles bajos en todo el pa\u00eds.<\/p>\n<p class=\"paragraph\" data-mrf-recirculation=\"Links inline\">Seg\u00fan el modelo estad\u00edstico de la agencia, esta tendencia se mantendr\u00eda durante las pr\u00f3ximas dos semanas.<\/p>\n<p class=\"paragraph\" data-mrf-recirculation=\"Links inline\">Adicionalmente, los datos del\u00a0<i>National Wastewater Surveillance System<\/i>\u00a0(sistema nacional de vigilancia de\u00a0<b>aguas residuales<\/b>) indican que la mayor\u00eda de los estados presenta niveles\u00a0<b>bajos<\/b><\/p>\n<p class=\"paragraph\" data-mrf-recirculation=\"Links inline\">\u00a0o\u00a0<b>muy bajos<\/b>\u00a0de circulaci\u00f3n viral, con la \u00fanica excepci\u00f3n de\u00a0<b>Dakota del Sur<\/b>, donde se ha observado una mayor carga viral en muestras recolectadas.<\/p>\n<p class=\"paragraph\" data-mrf-recirculation=\"Links inline\"><strong>\u00bfQu\u00e9 dicen los CDC sobre la situaci\u00f3n hospitalaria actual en EEUU?<\/strong><\/p>\n<p class=\"paragraph\" data-mrf-recirculation=\"Links inline\">En su actualizaci\u00f3n semanal del 23 de mayo, los\u00a0<b>CDC<\/b>\u00a0informaron que las\u00a0<b>visitas a salas de emergencia<\/b>\u00a0por COVID-19,\u00a0<b>gripe estacional (influenza)<\/b>\u00a0y\u00a0<b>virus respiratorio sincitial (RSV)<\/b><\/p>\n<p class=\"paragraph\" data-mrf-recirculation=\"Links inline\">se mantienen en niveles bajos en todo el pa\u00eds. Seg\u00fan el modelo estad\u00edstico de la agencia, esta tendencia se mantendr\u00eda durante las pr\u00f3ximas dos semanas.<\/p>\n<p class=\"paragraph\" data-mrf-recirculation=\"Links inline\">Adicionalmente, los datos del\u00a0<i>National Wastewater Surveillance System<\/i>\u00a0(sistema nacional de vigilancia de\u00a0<b>aguas residuales<\/b>) indican que la mayor\u00eda de los estados presenta niveles\u00a0<b>bajos<\/b><\/p>\n<p class=\"paragraph\" data-mrf-recirculation=\"Links inline\">\u00a0o\u00a0<b>muy bajos<\/b>\u00a0de circulaci\u00f3n viral, con la \u00fanica excepci\u00f3n de\u00a0<b>Dakota del Sur<\/b>, donde se ha observado una mayor carga viral en muestras recolectadas.<strong> (I)<\/strong><\/p>\n<p data-mrf-recirculation=\"Links inline\"><strong>Fuente<\/strong>: evafm.net &#8211; infobae.com<\/p>\n<div class=\"visual__image\"><\/div>\n<p>&nbsp;<\/p>\n<p>&nbsp;<\/p>\n<p>&nbsp;<\/p>\n<p>&nbsp;<\/p>\n<div class=\"gsp_post_data\" \r\n\t            data-post_type=\"post\" \r\n\t            data-cat=\"general,noticias-internacionales,uncategorized\" \r\n\t            data-modified=\"120\"\r\n\t            data-created=\"1748123879\"\r\n\t            data-title=\"Confirman nueva variante de COVID-19 en EEUU\" \r\n\t            data-home=\"https:\/\/www.evafm.net\/sitio\"><\/div>","protected":false},"excerpt":{"rendered":"<p>La\u00a0variante NB.1.8.1\u00a0del virus\u00a0SARS-CoV-2\u00a0fue detectada recientemente en\u00a0Estados Unidos\u00a0en viajeros internacionales, seg\u00fan confirmaron los\u00a0Centros para el Control y la Prevenci\u00f3n de Enfermedades (CDC)\u00a0a\u00a0Fox News. Aunque el n\u00famero de casos es limitado, su presencia coincide con un incremento de\u00a0contagios\u00a0en varias regiones de\u00a0Asia, particularmente en\u00a0China continental\u00a0y\u00a0Hong Kong. &nbsp; De acuerdo con los CDC, esta\u00a0subvariante ha sdo identificada en menos&#8230;<\/p>\n","protected":false},"author":5,"featured_media":89360,"comment_status":"closed","ping_status":"open","sticky":false,"template":"","format":"standard","meta":{"_joinchat":[],"footnotes":""},"categories":[1720,1345,1],"tags":[],"class_list":["post-89320","post","type-post","status-publish","format-standard","has-post-thumbnail","hentry","category-general","category-noticias-internacionales","category-uncategorized","have-post-thumb"],"_links":{"self":[{"href":"https:\/\/www.evafm.net\/sitio\/wp-json\/wp\/v2\/posts\/89320","targetHints":{"allow":["GET"]}}],"collection":[{"href":"https:\/\/www.evafm.net\/sitio\/wp-json\/wp\/v2\/posts"}],"about":[{"href":"https:\/\/www.evafm.net\/sitio\/wp-json\/wp\/v2\/types\/post"}],"author":[{"embeddable":true,"href":"https:\/\/www.evafm.net\/sitio\/wp-json\/wp\/v2\/users\/5"}],"replies":[{"embeddable":true,"href":"https:\/\/www.evafm.net\/sitio\/wp-json\/wp\/v2\/comments?post=89320"}],"version-history":[{"count":1,"href":"https:\/\/www.evafm.net\/sitio\/wp-json\/wp\/v2\/posts\/89320\/revisions"}],"predecessor-version":[{"id":89361,"href":"https:\/\/www.evafm.net\/sitio\/wp-json\/wp\/v2\/posts\/89320\/revisions\/89361"}],"wp:featuredmedia":[{"embeddable":true,"href":"https:\/\/www.evafm.net\/sitio\/wp-json\/wp\/v2\/media\/89360"}],"wp:attachment":[{"href":"https:\/\/www.evafm.net\/sitio\/wp-json\/wp\/v2\/media?parent=89320"}],"wp:term":[{"taxonomy":"category","embeddable":true,"href":"https:\/\/www.evafm.net\/sitio\/wp-json\/wp\/v2\/categories?post=89320"},{"taxonomy":"post_tag","embeddable":true,"href":"https:\/\/www.evafm.net\/sitio\/wp-json\/wp\/v2\/tags?post=89320"}],"curies":[{"name":"wp","href":"https:\/\/api.w.org\/{rel}","templated":true}]}}