{"id":89397,"date":"2025-05-26T17:45:16","date_gmt":"2025-05-26T22:45:16","guid":{"rendered":"https:\/\/www.evafm.net\/sitio\/?p=89397"},"modified":"2025-05-26T17:45:16","modified_gmt":"2025-05-26T22:45:16","slug":"1-800-militares-para-frenar-la-mineria-ilegal-en-orellana-y-sucumbios","status":"publish","type":"post","link":"https:\/\/www.evafm.net\/sitio\/1-800-militares-para-frenar-la-mineria-ilegal-en-orellana-y-sucumbios\/","title":{"rendered":"1 800 militares para frenar la miner\u00eda ilegal en Orellana y Sucumb\u00edos"},"content":{"rendered":"<div class=\"paragraph\">\n<p>Seis helic\u00f3pteros descendieron en la<strong> Brigada de Selva 19 Napo<\/strong>, en Orellana.<\/p>\n<p>Ah\u00ed viajaron los relevos de los 1 800 militares que operan en la\u00a0<a href=\"https:\/\/www.ecuavisa.com\/noticias\/seguridad\/quienes-eran-militares-asesinados-orellana-YD9317717\" target=\"_blank\" rel=\"noopener noreferrer\">denominada zona caliente<\/a>.<\/p>\n<p>Es parte de una operaci\u00f3n militar intensiva para combatir la miner\u00eda ilegal y\u00a0<b>dar con los responsables del asesinato de 11 militares<\/b>\u00a0el 9 de mayo de 2025 en el <strong>Alto Punino.<\/strong><\/p>\n<\/div>\n<div class=\"paragraph\">\n<p>&nbsp;<\/p>\n<p>Edwin Ca\u00f1izares, comandante de la cuarta divisi\u00f3n del Ej\u00e9rcito Amazonas, se\u00f1al\u00f3 que\u00a0<b>en la zona centro se encuentra tres unidades con 3 000 hombres patrullando<\/b><\/p>\n<p>las 24 horas.<strong> Estima que hay unos 150 delincuentes en el \u00e1rea.<\/strong><\/p>\n<div id=\"sunmedia-div\"><\/div>\n<\/div>\n<div class=\"paragraph\">\n<p>&nbsp;<\/p>\n<p>Las otras\u00a0<b>unidades patrullan en la densa selva de Orellana y Sucumb\u00edos<\/b>\u00a0por aire, tierra y agua.<\/p>\n<p><b>Buscan campamentos ilegales<\/b>, pistas clandestinas y a miembros de grupos criminales involucrados en actividades il\u00edcitas.<\/p>\n<\/div>\n<p>&nbsp;<\/p>\n<div class=\"paragraph\">\n<p>Los\u00a0<b>reconocimientos a\u00e9reos nocturnos son fundamentales<\/b>.<\/p>\n<p>Se hacen con helic\u00f3pteros modelo H150. Javier Robalino, comandante del tercer escuadr\u00f3n del Grupo de Aviaci\u00f3n de Ej\u00e9rcito Pichincha dijo que los\u00a0<b>pilotos tienen visores <\/b><\/p>\n<p><b>nocturnos<\/b>\u00a0al igual que la aeronave. Esto sirve para el empleo del armamento y para hacer reconocimientos en la noche.<\/p>\n<\/div>\n<div class=\"paragraph\">\n<p>&nbsp;<\/p>\n<p>Los\u00a0<b>helic\u00f3pteros est\u00e1n equipados con c\u00e1maras de alta tecnolog\u00eda<\/b>, capaces de grabar y transmitir im\u00e1genes en tiempo real de d\u00eda o de noche.<\/p>\n<p>Los dispositivos, instalados en los trenes de aterrizaje, solo pueden ser manipulados y las\u00a0<b>grabaciones puede extraerse solo con autorizaci\u00f3n del personal de inteligencia<\/b><\/p>\n<p>o del jefe coordinador de la misi\u00f3n.<\/p>\n<\/div>\n<div class=\"paragraph\">\n<p>&nbsp;<\/p>\n<p><b>La zona exterior se encuentra militarizada con unidades<\/b>\u00a0desplegadas estrat\u00e9gicamente para\u00a0<b>vigilar las principales v\u00edas de acceso.<\/b><\/p>\n<p>Los controles se extienden desde Lumbaqu\u00ed hasta Lago Agrio y a lo largo del l\u00edmite Ecuador &#8211; Colombia, as\u00ed como desde Lago Agrio hasta Puerto Francisco de Orellana.<\/p>\n<\/div>\n<div class=\"paragraph\">\n<p>&nbsp;<\/p>\n<p>Tambi\u00e9n hay presencia militar a lo largo de la Troncal Amaz\u00f3nica, en el tramo Coca &#8211; Loreto.<\/p>\n<p>El objetivo es impedir la salida de los grupos criminales que operan en la regi\u00f3n y cortar sus rutas de abastecimiento.<\/p>\n<\/div>\n<p>&nbsp;<\/p>\n<p>&nbsp;<\/p>\n<p>&nbsp;<\/p>\n<p>&nbsp;<\/p>\n<div class=\"gsp_post_data\" \r\n\t            data-post_type=\"post\" \r\n\t            data-cat=\"general,noticias-ecuador,uncategorized\" \r\n\t            data-modified=\"120\"\r\n\t            data-created=\"1748281516\"\r\n\t            data-title=\"1 800 militares para frenar la miner\u00eda ilegal en Orellana y Sucumb\u00edos\" \r\n\t            data-home=\"https:\/\/www.evafm.net\/sitio\"><\/div>","protected":false},"excerpt":{"rendered":"<p>Seis helic\u00f3pteros descendieron en la Brigada de Selva 19 Napo, en Orellana. Ah\u00ed viajaron los relevos de los 1 800 militares que operan en la\u00a0denominada zona caliente. Es parte de una operaci\u00f3n militar intensiva para combatir la miner\u00eda ilegal y\u00a0dar con los responsables del asesinato de 11 militares\u00a0el 9 de mayo de 2025 en el&#8230;<\/p>\n","protected":false},"author":5,"featured_media":89439,"comment_status":"closed","ping_status":"open","sticky":false,"template":"","format":"standard","meta":{"_joinchat":[],"footnotes":""},"categories":[1720,1558,1],"tags":[],"class_list":["post-89397","post","type-post","status-publish","format-standard","has-post-thumbnail","hentry","category-general","category-noticias-ecuador","category-uncategorized","have-post-thumb"],"_links":{"self":[{"href":"https:\/\/www.evafm.net\/sitio\/wp-json\/wp\/v2\/posts\/89397","targetHints":{"allow":["GET"]}}],"collection":[{"href":"https:\/\/www.evafm.net\/sitio\/wp-json\/wp\/v2\/posts"}],"about":[{"href":"https:\/\/www.evafm.net\/sitio\/wp-json\/wp\/v2\/types\/post"}],"author":[{"embeddable":true,"href":"https:\/\/www.evafm.net\/sitio\/wp-json\/wp\/v2\/users\/5"}],"replies":[{"embeddable":true,"href":"https:\/\/www.evafm.net\/sitio\/wp-json\/wp\/v2\/comments?post=89397"}],"version-history":[{"count":2,"href":"https:\/\/www.evafm.net\/sitio\/wp-json\/wp\/v2\/posts\/89397\/revisions"}],"predecessor-version":[{"id":89443,"href":"https:\/\/www.evafm.net\/sitio\/wp-json\/wp\/v2\/posts\/89397\/revisions\/89443"}],"wp:featuredmedia":[{"embeddable":true,"href":"https:\/\/www.evafm.net\/sitio\/wp-json\/wp\/v2\/media\/89439"}],"wp:attachment":[{"href":"https:\/\/www.evafm.net\/sitio\/wp-json\/wp\/v2\/media?parent=89397"}],"wp:term":[{"taxonomy":"category","embeddable":true,"href":"https:\/\/www.evafm.net\/sitio\/wp-json\/wp\/v2\/categories?post=89397"},{"taxonomy":"post_tag","embeddable":true,"href":"https:\/\/www.evafm.net\/sitio\/wp-json\/wp\/v2\/tags?post=89397"}],"curies":[{"name":"wp","href":"https:\/\/api.w.org\/{rel}","templated":true}]}}