{"id":89398,"date":"2025-05-26T17:44:03","date_gmt":"2025-05-26T22:44:03","guid":{"rendered":"https:\/\/www.evafm.net\/sitio\/?p=89398"},"modified":"2025-05-26T17:44:03","modified_gmt":"2025-05-26T22:44:03","slug":"alemania-autorizo-a-ucrania-a-utilizar-armas-para-atacar-objetivos-militares-en-territorio-ruso","status":"publish","type":"post","link":"https:\/\/www.evafm.net\/sitio\/alemania-autorizo-a-ucrania-a-utilizar-armas-para-atacar-objetivos-militares-en-territorio-ruso\/","title":{"rendered":"Alemania autoriz\u00f3 a Ucrania a utilizar armas para atacar objetivos militares en territorio ruso"},"content":{"rendered":"<p data-mrf-recirculation=\"Links inline\">El canciller alem\u00e1n\u00a0<b>Friedrich Merz<\/b>\u00a0confirm\u00f3 este lunes que\u00a0<b>Alemania\u00a0<\/b>ha eliminado las restricciones que imped\u00edan a\u00a0<b>Ucrania\u00a0<\/b>utilizar armamento germano contra objetivos militares en territorio ruso, aline\u00e1ndose as\u00ed con la pol\u00edtica ya adoptada por\u00a0<b>Estados Unidos<\/b>,\u00a0<b>Reino Unido<\/b>\u00a0y\u00a0<b>Francia\u00a0<\/b>a finales de 2024.<\/p>\n<p data-mrf-recirculation=\"Links inline\"><b>\u201cUcrania ahora puede defenderse, tambi\u00e9n, por ejemplo, atacando posiciones militares en Rusia\u201d<\/b>, declar\u00f3 Merz durante una intervenci\u00f3n en el Foro Europeo de la cadena televisiva\u00a0<i>WDR<\/i>. El canciller enfatiz\u00f3 que \u201c<b>ya no hay ning\u00fan tipo de limitaciones de rango de alcance<\/b>\u00a0en las armas que se le suministran a Ucrania\u201d por parte de los aliados occidentales.<\/p>\n<p data-mrf-recirculation=\"Links inline\">Esta decisi\u00f3n marca un cambio relevante en la postura alemana respecto al conflicto ucraniano. Merz, quien asumi\u00f3 la canciller\u00eda hace tres semanas, describi\u00f3 la nueva capacidad ucraniana como una\u00a0<b>\u201cdiferencia cualitativa\u201d en el desarrollo de la guerra<\/b>, contrastando con el per\u00edodo anterior cuando Kiev \u201csolo excepcionalmente\u201d atacaba la retaguardia rusa.<\/p>\n<p data-mrf-recirculation=\"Links inline\">El canciller justific\u00f3 la medida argumentando que\u00a0<b>\u201cun pa\u00eds que solo puede defenderse en territorio propio de un agresor no se defiende de modo suficiente\u201d<\/b>. Tambi\u00e9n denunci\u00f3 que<b>\u00a0Rusia ataca \u201csin escr\u00fapulos\u201d objetivos civiles\u00a0<\/b>como hospitales, guarder\u00edas y residencias de ancianos, comportamiento que Ucrania no replica.<\/p>\n<p data-mrf-recirculation=\"Links inline\">Sin embargo,\u00a0<b>Merz evit\u00f3 pronunciarse sobre la entrega de los controvertidos misiles de largo alcance Taurus<\/b>, que hab\u00eda prometido suministrar antes de asumir el cargo. Su predecesor,\u00a0<b>Olaf Scholz<\/b>, se hab\u00eda negado rotundamente a proporcionar estos misiles por temor a que Mosc\u00fa interpretara su uso como una implicaci\u00f3n directa de Alemania en el conflicto.<\/p>\n<p class=\"paragraph\" data-mrf-recirculation=\"Links inline\">El nuevo gobierno alem\u00e1n ha adoptado una pol\u00edtica de mayor secretismo en temas de suministro militar para evitar ventajas estrat\u00e9gicas a Rusia, seg\u00fan explic\u00f3 el canciller.<\/p>\n<p class=\"paragraph\" data-mrf-recirculation=\"Links inline\">El Kremlin declar\u00f3 el lunes, tras los comentarios de Merz, que cualquier decisi\u00f3n occidental de levantar los l\u00edmites de alcance de las armas entregadas a Ucrania ser\u00eda<b>\u00a0\u201cpeligrosa\u201d.<\/b><\/p>\n<p class=\"paragraph\" data-mrf-recirculation=\"Links inline\">\u201cSi se han tomado estas decisiones, son totalmente contrarias a nuestras aspiraciones de un acuerdo pol\u00edtico (de paz)&#8230; Son decisiones bastante peligrosas, si es que se han tomado\u201d, declar\u00f3 el portavoz del Kremlin, Dmitri Peskov, al periodista ruso Alexander Yunashev.<\/p>\n<p data-mrf-recirculation=\"Links inline\"><strong>Guerra prolongada en el horizonte<\/strong><\/p>\n<p class=\"paragraph\" data-mrf-recirculation=\"Links inline\">En declaraciones paralelas,\u00a0<b>Merz expres\u00f3 su pesimismo sobre la duraci\u00f3n del conflicto<\/b>, se\u00f1alando que la falta de respuesta del presidente ruso\u00a0<b>Vladimir Putin\u00a0<\/b>a las ofertas de di\u00e1logo mediadas por el Vaticano indica que\u00a0<b>\u201cla guerra durar\u00e1 mucho m\u00e1s de lo que desear\u00edamos o imagin\u00e1bamos\u201d<\/b>.<\/p>\n<p class=\"paragraph\" data-mrf-recirculation=\"Links inline\"><b>\u201cAparentemente Putin interpreta las ofertas de di\u00e1logo como se\u00f1al de debilidad\u201d<\/b>, observ\u00f3 el canciller, quien a\u00f1adi\u00f3 que Ucrania y sus aliados han \u201cagotado todos los medios diplom\u00e1ticos\u201d disponibles en las \u00faltimas tres semanas.<\/p>\n<p class=\"paragraph\" data-mrf-recirculation=\"Links inline\">Merz tambi\u00e9n critic\u00f3 la postura de\u00a0<b>Hungr\u00eda\u00a0<\/b>y\u00a0<b>Eslovaquia<\/b>, que seg\u00fan \u00e9l obstaculizan la pol\u00edtica exterior europea hacia Rusia, advirtiendo que si mantienen su rumbo actual no se podr\u00e1 evitar un \u201cconflicto mayor\u201d.<\/p>\n<p class=\"paragraph\" data-mrf-recirculation=\"Links inline\">El canciller conservador tambi\u00e9n reiter\u00f3 la necesidad de que A<b>lemania cuente en un futuro con el ej\u00e9rcito convencional m\u00e1s fuerte de Europa\u00a0<\/b>y que en estos momentos las fuerzas armadas o Bundeswehr carecen del suficiente n\u00famero de efectivos.<\/p>\n<p class=\"paragraph\" data-mrf-recirculation=\"Links inline\">Su coalici\u00f3n ha acordado reintroducir un\u00a0<b>nuevo servicio militar de base voluntaria<\/b>, pero Merz no descart\u00f3 la posibilidad de que no baste con este paso y apunt\u00f3 a que como la ley del servicio militar obligatorio -suspendido en 2011- sigue vigente, ser\u00eda sencillo reactivarlo de este el punto de vista legislativo.<\/p>\n<p class=\"paragraph\" data-mrf-recirculation=\"Links inline\">Sin embargo, el canciller admiti\u00f3 que hay toda una serie de<b>\u00a0\u201cpreguntas sin responder\u201d<\/b>\u00a0al respecto, como la falta de infraestructuras, formadores, o una eventual obligatoriedad tambi\u00e9n para las mujeres -para la que habr\u00eda que reformar la Constituci\u00f3n- de las que habr\u00e1 que ocuparse \u201calg\u00fan d\u00eda\u201d.<\/p>\n<p class=\"paragraph\" data-mrf-recirculation=\"Links inline\">\u201cCreo que deber\u00edamos\u00a0<b>decirle a la generaci\u00f3n joven<\/b>: este pa\u00eds les da unas oportunidades incre\u00edblemente grandes, como pr\u00e1cticamente ning\u00fan otro en el mundo\u201d, se\u00f1al\u00f3 Merz y agreg\u00f3: \u201c<b>Tambi\u00e9n tienen que contribuir a que siga siendo as\u00ed\u201d.<\/b><\/p>\n<p data-mrf-recirculation=\"Links inline\"><strong>Visita de Zelensky programada<\/strong><\/p>\n<p class=\"paragraph\" data-mrf-recirculation=\"Links inline\">Mientras tanto, medios alemanes reportaron que el presidente ucraniano\u00a0<b>Volod\u00edmir Zelensky visitar\u00e1 Berl\u00edn este mi\u00e9rcoles para reunirse con Merz\u00a0<\/b>y el presidente alem\u00e1n\u00a0<b>Frank-Walter Steinmeier<\/b>, aunque el gobierno no ha confirmado oficialmente la visita.<\/p>\n<div class=\"undefined ad-wrapper\">\n<div class=\"dfpAd \">\n<div id=\"america\/mundo\/nota\/undefined\" class=\"america\/mundo\/nota\/undefined arcad\"><\/div>\n<\/div>\n<\/div>\n<p class=\"paragraph\" data-mrf-recirculation=\"Links inline\">Seg\u00fan las publicaciones\u00a0<i>Der Spiegel<\/i>\u00a0y\u00a0<i>Focus<\/i>, la agenda incluir\u00e1 discusiones sobre el nuevo paquete de sanciones de la Uni\u00f3n Europea contra Rusia, aspectos t\u00e9cnicos para posibles conversaciones de paz, y nuevos env\u00edos de armamento a Ucrania.<\/p>\n<p class=\"paragraph\" data-mrf-recirculation=\"Links inline\">Esta ser\u00eda la<b>\u00a0primera visita de Zelensky a Berl\u00edn<\/b>\u00a0desde que Merz asumi\u00f3 la canciller\u00eda y la primera desde su encuentro con el anterior canciller Scholz en octubre pasado.<\/p>\n<p class=\"paragraph\" data-mrf-recirculation=\"Links inline\"><i>(Con informaci\u00f3n de EFE)<\/i><\/p>\n<p data-mrf-recirculation=\"Links inline\"><strong>Fuente<\/strong>: evafm.net &#8211; infobae.com<\/p>\n<div class=\"gsp_post_data\" \r\n\t            data-post_type=\"post\" \r\n\t            data-cat=\"general,noticias-internacionales\" \r\n\t            data-modified=\"120\"\r\n\t            data-created=\"1748281443\"\r\n\t            data-title=\"Alemania autoriz\u00f3 a Ucrania a utilizar armas para atacar objetivos militares en territorio ruso\" \r\n\t            data-home=\"https:\/\/www.evafm.net\/sitio\"><\/div>","protected":false},"excerpt":{"rendered":"<p>El canciller alem\u00e1n\u00a0Friedrich Merz\u00a0confirm\u00f3 este lunes que\u00a0Alemania\u00a0ha eliminado las restricciones que imped\u00edan a\u00a0Ucrania\u00a0utilizar armamento germano contra objetivos militares en territorio ruso, aline\u00e1ndose as\u00ed con la pol\u00edtica ya adoptada por\u00a0Estados Unidos,\u00a0Reino Unido\u00a0y\u00a0Francia\u00a0a finales de 2024. \u201cUcrania ahora puede defenderse, tambi\u00e9n, por ejemplo, atacando posiciones militares en Rusia\u201d, declar\u00f3 Merz durante una intervenci\u00f3n en el Foro Europeo&#8230;<\/p>\n","protected":false},"author":5,"featured_media":89437,"comment_status":"closed","ping_status":"open","sticky":false,"template":"","format":"standard","meta":{"_joinchat":[],"footnotes":""},"categories":[1720,1345],"tags":[],"class_list":["post-89398","post","type-post","status-publish","format-standard","has-post-thumbnail","hentry","category-general","category-noticias-internacionales","have-post-thumb"],"_links":{"self":[{"href":"https:\/\/www.evafm.net\/sitio\/wp-json\/wp\/v2\/posts\/89398","targetHints":{"allow":["GET"]}}],"collection":[{"href":"https:\/\/www.evafm.net\/sitio\/wp-json\/wp\/v2\/posts"}],"about":[{"href":"https:\/\/www.evafm.net\/sitio\/wp-json\/wp\/v2\/types\/post"}],"author":[{"embeddable":true,"href":"https:\/\/www.evafm.net\/sitio\/wp-json\/wp\/v2\/users\/5"}],"replies":[{"embeddable":true,"href":"https:\/\/www.evafm.net\/sitio\/wp-json\/wp\/v2\/comments?post=89398"}],"version-history":[{"count":1,"href":"https:\/\/www.evafm.net\/sitio\/wp-json\/wp\/v2\/posts\/89398\/revisions"}],"predecessor-version":[{"id":89438,"href":"https:\/\/www.evafm.net\/sitio\/wp-json\/wp\/v2\/posts\/89398\/revisions\/89438"}],"wp:featuredmedia":[{"embeddable":true,"href":"https:\/\/www.evafm.net\/sitio\/wp-json\/wp\/v2\/media\/89437"}],"wp:attachment":[{"href":"https:\/\/www.evafm.net\/sitio\/wp-json\/wp\/v2\/media?parent=89398"}],"wp:term":[{"taxonomy":"category","embeddable":true,"href":"https:\/\/www.evafm.net\/sitio\/wp-json\/wp\/v2\/categories?post=89398"},{"taxonomy":"post_tag","embeddable":true,"href":"https:\/\/www.evafm.net\/sitio\/wp-json\/wp\/v2\/tags?post=89398"}],"curies":[{"name":"wp","href":"https:\/\/api.w.org\/{rel}","templated":true}]}}