{"id":89399,"date":"2025-05-26T17:47:53","date_gmt":"2025-05-26T22:47:53","guid":{"rendered":"https:\/\/www.evafm.net\/sitio\/?p=89399"},"modified":"2025-05-26T18:08:16","modified_gmt":"2025-05-26T23:08:16","slug":"pablo-vitamina-sanchez-dejo-de-ser-tecnico-de-liga-de-quito","status":"publish","type":"post","link":"https:\/\/www.evafm.net\/sitio\/pablo-vitamina-sanchez-dejo-de-ser-tecnico-de-liga-de-quito\/","title":{"rendered":"Pablo Vitamina S\u00e1nchez dej\u00f3 de ser t\u00e9cnico de Liga de Quito"},"content":{"rendered":"<p>Es oficial. Tras los \u00faltimos malos resultados y las pol\u00e9micas declaraciones contra la hinchada,\u00a0<a href=\"https:\/\/www.ecuavisa.com\/deportes\/liga-de-quito\" target=\"_blank\" rel=\"noopener noreferrer\">Liga de Quito<\/a>\u00a0anunci\u00f3 este lunes que el argentino\u00a0<b>Pablo Vitamina S\u00e1nchez ha dejado.<\/b><\/p>\n<p><b> de ser entrenador del conjunto albo<\/b>.<\/p>\n<p>&nbsp;<\/p>\n<p>S\u00e1nchez, campe\u00f3n con la <strong>U de la LigaPro 2024 y la Super Copa Ecuador 2025,<\/strong> hab\u00eda anunciado que si el mi\u00e9rcoles no clasificaba a los octavos de final de la <strong>Copa Libertadores <\/strong><\/p>\n<p>renunciar\u00eda, pero su salida se anticip\u00f3 hoy por parte de la dirigencia.<\/p>\n<div id=\"sunmedia-div\"><\/div>\n<p>Liga de Quito, que perdi\u00f3 en la \u00faltima jornada por 3-1 ante Universidad Cat\u00f3lica, se encuentra muy relegado de la cima de la <strong>LigaPro,<\/strong> en el sexto lugar.<\/p>\n<p>&nbsp;<\/p>\n<p>En la Libertadores, el equipo est\u00e1 obligado a ganar el mi\u00e9rcoles con al menos dos goles de diferencia al l\u00edder de su grupo, el argentino Central C\u00f3rdoba, porque de lo contrario<\/p>\n<p>quedar\u00e1 eliminado.<\/p>\n<p>&nbsp;<\/p>\n<p>Liga de Quito anunci\u00f3 que ante la salida de Pablo S\u00e1nchez, el equipo queda a cargo provisionalmente de\u00a0<b>Patricio Hurtado<\/b>.<strong>(D)<\/strong><\/p>\n<p>&nbsp;<\/p>\n<p><strong>Fuente<\/strong>: evafm.net &#8211; ecuavisa.com<\/p>\n<div class=\"gsp_post_data\" \r\n\t            data-post_type=\"post\" \r\n\t            data-cat=\"deportes-ecuador,general\" \r\n\t            data-modified=\"120\"\r\n\t            data-created=\"1748281673\"\r\n\t            data-title=\"Pablo Vitamina S\u00e1nchez dej\u00f3 de ser t\u00e9cnico de Liga de Quito\" \r\n\t            data-home=\"https:\/\/www.evafm.net\/sitio\"><\/div>","protected":false},"excerpt":{"rendered":"<p>Es oficial. Tras los \u00faltimos malos resultados y las pol\u00e9micas declaraciones contra la hinchada,\u00a0Liga de Quito\u00a0anunci\u00f3 este lunes que el argentino\u00a0Pablo Vitamina S\u00e1nchez ha dejado. de ser entrenador del conjunto albo. &nbsp; S\u00e1nchez, campe\u00f3n con la U de la LigaPro 2024 y la Super Copa Ecuador 2025, hab\u00eda anunciado que si el mi\u00e9rcoles no clasificaba&#8230;<\/p>\n","protected":false},"author":5,"featured_media":89441,"comment_status":"closed","ping_status":"open","sticky":false,"template":"","format":"standard","meta":{"_joinchat":[],"footnotes":""},"categories":[1557,1720],"tags":[],"class_list":["post-89399","post","type-post","status-publish","format-standard","has-post-thumbnail","hentry","category-deportes-ecuador","category-general","have-post-thumb"],"_links":{"self":[{"href":"https:\/\/www.evafm.net\/sitio\/wp-json\/wp\/v2\/posts\/89399","targetHints":{"allow":["GET"]}}],"collection":[{"href":"https:\/\/www.evafm.net\/sitio\/wp-json\/wp\/v2\/posts"}],"about":[{"href":"https:\/\/www.evafm.net\/sitio\/wp-json\/wp\/v2\/types\/post"}],"author":[{"embeddable":true,"href":"https:\/\/www.evafm.net\/sitio\/wp-json\/wp\/v2\/users\/5"}],"replies":[{"embeddable":true,"href":"https:\/\/www.evafm.net\/sitio\/wp-json\/wp\/v2\/comments?post=89399"}],"version-history":[{"count":2,"href":"https:\/\/www.evafm.net\/sitio\/wp-json\/wp\/v2\/posts\/89399\/revisions"}],"predecessor-version":[{"id":89444,"href":"https:\/\/www.evafm.net\/sitio\/wp-json\/wp\/v2\/posts\/89399\/revisions\/89444"}],"wp:featuredmedia":[{"embeddable":true,"href":"https:\/\/www.evafm.net\/sitio\/wp-json\/wp\/v2\/media\/89441"}],"wp:attachment":[{"href":"https:\/\/www.evafm.net\/sitio\/wp-json\/wp\/v2\/media?parent=89399"}],"wp:term":[{"taxonomy":"category","embeddable":true,"href":"https:\/\/www.evafm.net\/sitio\/wp-json\/wp\/v2\/categories?post=89399"},{"taxonomy":"post_tag","embeddable":true,"href":"https:\/\/www.evafm.net\/sitio\/wp-json\/wp\/v2\/tags?post=89399"}],"curies":[{"name":"wp","href":"https:\/\/api.w.org\/{rel}","templated":true}]}}