{"id":89447,"date":"2025-05-26T18:25:08","date_gmt":"2025-05-26T23:25:08","guid":{"rendered":"https:\/\/www.evafm.net\/sitio\/?p=89447"},"modified":"2025-05-26T18:25:08","modified_gmt":"2025-05-26T23:25:08","slug":"libertad-perdio-con-macara-0-1-ligapro-2025","status":"publish","type":"post","link":"https:\/\/www.evafm.net\/sitio\/libertad-perdio-con-macara-0-1-ligapro-2025\/","title":{"rendered":"Libertad perdi\u00f3 con Macara 0 &#8211; 1 LigaPro 2025"},"content":{"rendered":"<p>Continuamos con la informaci\u00f3n deportiva con sabor a futbol\u00a0 en tiempo de<strong> LigaPro 2025 Serie A Fecha 14 Fase Inicial.<\/strong><\/p>\n<p>se enfrentaron<strong> Libertad FC vs CD. Macara, <\/strong>en el estadio <strong>Reina del Cisne.\u00a0<\/strong><\/p>\n<p>&nbsp;<\/p>\n<p>el <strong>Libertario <\/strong>no pudo salir victorioso en su reducto frente al <strong>\u00eddolo ambate\u00f1o <\/strong>que se mostro cauto llev\u00e1ndose el resultado<\/p>\n<p>de 0 -1 .<\/p>\n<p>en la <strong>Fecha 15 Libertad<\/strong> visitara a <strong>Vinotinto<\/strong> el <strong>lunes 2 de junio<\/strong> a las <strong>19:00<\/strong> en el estadio <strong>Ol\u00edmpico Atahualpa.<\/strong><\/p>\n<p><strong>Macara<\/strong> recibir\u00e1 al <strong>Manta el viernes 30 de mayo<\/strong> a las<strong> 19:00 <\/strong>en el <strong>estadio Bellavista. (D)<\/strong><\/p>\n<p>&nbsp;<\/p>\n<p><strong>Gol de Macara:<\/strong><\/p>\n<p><strong>Martin Tello<\/strong> en el<strong> (minuto 88)<\/strong><\/p>\n<p><iframe title=\"Libertad FC 0 - 1 Macar\u00e1 \/ Fecha 14 \/ LigaPro Ecuabet conectada por Xtrim\" width=\"1200\" height=\"675\" src=\"https:\/\/www.youtube.com\/embed\/JlrTasWhETs?feature=oembed\" frameborder=\"0\" allow=\"accelerometer; autoplay; clipboard-write; encrypted-media; gyroscope; picture-in-picture; web-share\" referrerpolicy=\"strict-origin-when-cross-origin\" allowfullscreen><\/iframe><\/p>\n<p>&nbsp;<\/p>\n<p><strong>Fuente:<\/strong> evafm.net &#8211; youtube.com<\/p>\n<p>&nbsp;<\/p>\n<p>&nbsp;<\/p>\n<p>&nbsp;<\/p>\n<p>&nbsp;<\/p>\n<div class=\"gsp_post_data\" \r\n\t            data-post_type=\"post\" \r\n\t            data-cat=\"deportes-ecuador\" \r\n\t            data-modified=\"120\"\r\n\t            data-created=\"1748283908\"\r\n\t            data-title=\"Libertad perdi\u00f3 con Macara 0 &#8211; 1 LigaPro 2025\" \r\n\t            data-home=\"https:\/\/www.evafm.net\/sitio\"><\/div>","protected":false},"excerpt":{"rendered":"<p>Continuamos con la informaci\u00f3n deportiva con sabor a futbol\u00a0 en tiempo de LigaPro 2025 Serie A Fecha 14 Fase Inicial. se enfrentaron Libertad FC vs CD. Macara, en el estadio Reina del Cisne.\u00a0 &nbsp; el Libertario no pudo salir victorioso en su reducto frente al \u00eddolo ambate\u00f1o que se mostro cauto llev\u00e1ndose el resultado de&#8230;<\/p>\n","protected":false},"author":5,"featured_media":89448,"comment_status":"closed","ping_status":"open","sticky":false,"template":"","format":"standard","meta":{"_joinchat":[],"footnotes":""},"categories":[1557],"tags":[],"class_list":["post-89447","post","type-post","status-publish","format-standard","has-post-thumbnail","hentry","category-deportes-ecuador","have-post-thumb"],"_links":{"self":[{"href":"https:\/\/www.evafm.net\/sitio\/wp-json\/wp\/v2\/posts\/89447","targetHints":{"allow":["GET"]}}],"collection":[{"href":"https:\/\/www.evafm.net\/sitio\/wp-json\/wp\/v2\/posts"}],"about":[{"href":"https:\/\/www.evafm.net\/sitio\/wp-json\/wp\/v2\/types\/post"}],"author":[{"embeddable":true,"href":"https:\/\/www.evafm.net\/sitio\/wp-json\/wp\/v2\/users\/5"}],"replies":[{"embeddable":true,"href":"https:\/\/www.evafm.net\/sitio\/wp-json\/wp\/v2\/comments?post=89447"}],"version-history":[{"count":1,"href":"https:\/\/www.evafm.net\/sitio\/wp-json\/wp\/v2\/posts\/89447\/revisions"}],"predecessor-version":[{"id":89449,"href":"https:\/\/www.evafm.net\/sitio\/wp-json\/wp\/v2\/posts\/89447\/revisions\/89449"}],"wp:featuredmedia":[{"embeddable":true,"href":"https:\/\/www.evafm.net\/sitio\/wp-json\/wp\/v2\/media\/89448"}],"wp:attachment":[{"href":"https:\/\/www.evafm.net\/sitio\/wp-json\/wp\/v2\/media?parent=89447"}],"wp:term":[{"taxonomy":"category","embeddable":true,"href":"https:\/\/www.evafm.net\/sitio\/wp-json\/wp\/v2\/categories?post=89447"},{"taxonomy":"post_tag","embeddable":true,"href":"https:\/\/www.evafm.net\/sitio\/wp-json\/wp\/v2\/tags?post=89447"}],"curies":[{"name":"wp","href":"https:\/\/api.w.org\/{rel}","templated":true}]}}