{"id":89468,"date":"2025-05-27T14:13:57","date_gmt":"2025-05-27T19:13:57","guid":{"rendered":"https:\/\/www.evafm.net\/sitio\/?p=89468"},"modified":"2025-05-27T14:16:44","modified_gmt":"2025-05-27T19:16:44","slug":"kevin-rodriguez-se-une-a-la-tri","status":"publish","type":"post","link":"https:\/\/www.evafm.net\/sitio\/kevin-rodriguez-se-une-a-la-tri\/","title":{"rendered":"Kevin Rodr\u00edguez se une a la Tri"},"content":{"rendered":"<p><strong>Kevin Rodr\u00edguez<\/strong> ya est\u00e1 en Guayaquil. El delantero ecuatoriano arrib\u00f3 desde B\u00e9lgica para unirse a los trabajos de la Selecci\u00f3n Ecuatoriana, que se prepara para los duelos de Eliminatorias de junio ante Brasil en casa y Per\u00fa en Lima.<\/p>\n<p data-start=\"416\" data-end=\"703\">Con la humildad que lo caracteriza, Rodr\u00edguez se mostr\u00f3 motivado por una nueva convocatoria con la Tri:\u00a0<strong data-start=\"522\" data-end=\"664\">\u201cM\u00e1s preparaci\u00f3n, hay que seguir creciendo. Est\u00e1 la selecci\u00f3n, tenemos algo pendiente, clasificar al Mundial y que sea lo que Dios quiera\u201d<\/strong>, expres\u00f3 ante los medios a su llegada. El atacante pidi\u00f3 respaldo a la hinchada en este tramo clave del proceso:\u00a0<strong data-start=\"781\" data-end=\"840\">\u201cQue el hincha crea y conf\u00ede, todos somos compatriotas\u201d<\/strong>, agreg\u00f3.<\/p>\n<p data-start=\"851\" data-end=\"1193\">Rodr\u00edguez ha tenido poca continuidad en el f\u00fatbol europeo con el Union Saint-Gilloise por lesi\u00f3n, y ahora busca ganarse un puesto en el esquema de Sebasti\u00e1n Beccacece, t\u00e9cnico de la Selecci\u00f3n. Ecuador enfrentar\u00e1 a Brasil en Guayaquil y luego visitar\u00e1 a Per\u00fa en Lima, en partidos cruciales para mantener viva la ilusi\u00f3n de clasificar a la Copa del Mundo 2026.<strong>(D)<\/strong><\/p>\n<p data-start=\"851\" data-end=\"1193\"><strong>Fuente:<\/strong> evafm.net &#8211; studiofutbl.com.ec<\/p>\n<div class=\"gsp_post_data\" \r\n\t            data-post_type=\"post\" \r\n\t            data-cat=\"deportes-ecuador\" \r\n\t            data-modified=\"120\"\r\n\t            data-created=\"1748355237\"\r\n\t            data-title=\"Kevin Rodr\u00edguez se une a la Tri\" \r\n\t            data-home=\"https:\/\/www.evafm.net\/sitio\"><\/div>","protected":false},"excerpt":{"rendered":"<p>Kevin Rodr\u00edguez ya est\u00e1 en Guayaquil. El delantero ecuatoriano arrib\u00f3 desde B\u00e9lgica para unirse a los trabajos de la Selecci\u00f3n Ecuatoriana, que se prepara para los duelos de Eliminatorias de junio ante Brasil en casa y Per\u00fa en Lima. Con la humildad que lo caracteriza, Rodr\u00edguez se mostr\u00f3 motivado por una nueva convocatoria con la&#8230;<\/p>\n","protected":false},"author":5,"featured_media":89469,"comment_status":"closed","ping_status":"open","sticky":false,"template":"","format":"standard","meta":{"_joinchat":[],"footnotes":""},"categories":[1557],"tags":[],"class_list":["post-89468","post","type-post","status-publish","format-standard","has-post-thumbnail","hentry","category-deportes-ecuador","have-post-thumb"],"_links":{"self":[{"href":"https:\/\/www.evafm.net\/sitio\/wp-json\/wp\/v2\/posts\/89468","targetHints":{"allow":["GET"]}}],"collection":[{"href":"https:\/\/www.evafm.net\/sitio\/wp-json\/wp\/v2\/posts"}],"about":[{"href":"https:\/\/www.evafm.net\/sitio\/wp-json\/wp\/v2\/types\/post"}],"author":[{"embeddable":true,"href":"https:\/\/www.evafm.net\/sitio\/wp-json\/wp\/v2\/users\/5"}],"replies":[{"embeddable":true,"href":"https:\/\/www.evafm.net\/sitio\/wp-json\/wp\/v2\/comments?post=89468"}],"version-history":[{"count":1,"href":"https:\/\/www.evafm.net\/sitio\/wp-json\/wp\/v2\/posts\/89468\/revisions"}],"predecessor-version":[{"id":89470,"href":"https:\/\/www.evafm.net\/sitio\/wp-json\/wp\/v2\/posts\/89468\/revisions\/89470"}],"wp:featuredmedia":[{"embeddable":true,"href":"https:\/\/www.evafm.net\/sitio\/wp-json\/wp\/v2\/media\/89469"}],"wp:attachment":[{"href":"https:\/\/www.evafm.net\/sitio\/wp-json\/wp\/v2\/media?parent=89468"}],"wp:term":[{"taxonomy":"category","embeddable":true,"href":"https:\/\/www.evafm.net\/sitio\/wp-json\/wp\/v2\/categories?post=89468"},{"taxonomy":"post_tag","embeddable":true,"href":"https:\/\/www.evafm.net\/sitio\/wp-json\/wp\/v2\/tags?post=89468"}],"curies":[{"name":"wp","href":"https:\/\/api.w.org\/{rel}","templated":true}]}}